{"id":114618,"date":"2026-06-11T13:26:12","date_gmt":"2026-06-11T13:26:12","guid":{"rendered":"https:\/\/www.europesays.com\/cz\/114618\/"},"modified":"2026-06-11T13:26:12","modified_gmt":"2026-06-11T13:26:12","slug":"majitel-sports-directu-chce-ovladnout-hugo-boss-nabizi-skoro-50-miliard","status":"publish","type":"post","link":"https:\/\/www.europesays.com\/cz\/114618\/","title":{"rendered":"Majitel Sports Directu chce ovl\u00e1dnout Hugo Boss. Nab\u00edz\u00ed skoro 50\u00a0miliard"},"content":{"rendered":"<p class=\"c_bz\">\u201eAby Frasers mohl prov\u00e9st dal\u0161\u00ed investice do Hugo Bossu, rozhodl se u\u010dinit dobrovolnou ve\u0159ejnou nab\u00eddku v\u0161em akcion\u00e1\u0159\u016fm,\u201c uvedla skupina podle agentury Reuters.<\/p>\n<p class=\"c_bz\">Jedna akcie Hugo Bossu m\u00e1 podle nab\u00eddky hodnotu 38\u00a0eur, tedy zhruba 940\u00a0korun. Pokud by Frasers usp\u011bla u\u00a0v\u0161ech zb\u00fdvaj\u00edc\u00edch akcion\u00e1\u0159\u016f, zaplatila by p\u0159ibli\u017en\u011b 1,98\u00a0miliardy eur (49\u00a0miliard korun).<\/p>\n<p class=\"c_bz\">Frasers nen\u00ed u\u00a0pr\u00e9miov\u00e9 n\u011bmeck\u00e9 zna\u010dky nov\u00e1\u010dkem. Dr\u017e\u00ed 26,06\u00a0procenta akci\u00ed Hugo Bossu. Prvn\u00ed pod\u00edl koupila u\u017e v\u00a0roce 2020\u00a0a\u00a0sv\u016fj vliv od t\u00e9 doby postupn\u011b zvy\u0161oval.<\/p>\n<p class=\"c_bz\">Nab\u00eddka odkupu p\u0159i\u0161la v\u00a0dob\u011b, kdy Hugo Boss proch\u00e1z\u00ed slab\u0161\u00edm obdob\u00edm. Podle Reuters hodnota jeho akci\u00ed za posledn\u00ed t\u0159i roky klesla zhruba na polovinu. Spole\u010dnost v\u00a0posledn\u00ed dob\u011b upravuje obchody, zjednodu\u0161uje nab\u00eddku a\u00a0sna\u017e\u00ed se v\u00fdrazn\u011bji pos\u00edlit d\u00e1mskou m\u00f3du.<\/p>\n<p class=\"c_bz\">Veden\u00ed Hugo Bossu uvedlo, \u017ee s\u00a0n\u00edm nab\u00eddka nebyla p\u0159edem dohodnuta a\u00a0\u017ee ji posoud\u00ed p\u0159edstavenstvo i\u00a0dozor\u010d\u00ed rada. Nab\u00edzen\u00fdch 38\u00a0eur za akcii je jen m\u00edrn\u011b nad posledn\u00ed cenou na burze, podle Reuters zhruba o\u00a04,3\u00a0procenta.<\/p>\n<p class=\"c_bz\">Frasers Group nen\u00ed nezn\u00e1m\u00e1 ani \u010desk\u00fdm z\u00e1kazn\u00edk\u016fm. Pat\u0159\u00ed j\u00ed s\u00ed\u0165 Sports Direct, kter\u00e1 v\u00a0\u010cesku provozuje e-shop i\u00a0kamenn\u00e9 prodejny. Vedle toho skupina vlastn\u00ed tak\u00e9 dal\u0161\u00ed obchody a\u00a0zna\u010dky, nap\u0159\u00edklad House of Fraser, Flannels, Everlast, Lonsdale nebo Slazenger.<\/p>\n<p class=\"c_bz\">Akcie Hugo Boss ve \u010dtvrtek v\u00a0reakci na zpr\u00e1vu reagovaly r\u016fstem o\u00a0dev\u011bt procent.<\/p>\n","protected":false},"excerpt":{"rendered":"\u201eAby Frasers mohl prov\u00e9st dal\u0161\u00ed investice do Hugo Bossu, rozhodl se u\u010dinit dobrovolnou ve\u0159ejnou nab\u00eddku v\u0161em akcion\u00e1\u0159\u016fm,\u201c uvedla&hellip;\n","protected":false},"author":2,"featured_media":114619,"comment_status":"","ping_status":"","sticky":false,"template":"","format":"standard","meta":{"footnotes":"","_share_on_mastodon":"0"},"categories":[12],"tags":[412,67,68,32550,1278],"class_list":["post-114618","post","type-post","status-publish","format-standard","has-post-thumbnail","category-byznys","tag-akcie","tag-business","tag-byznys","tag-hugo-boss","tag-moda"],"share_on_mastodon":{"url":"https:\/\/pubeurope.com\/@cz\/116731706614521352","error":""},"_links":{"self":[{"href":"https:\/\/www.europesays.com\/cz\/wp-json\/wp\/v2\/posts\/114618","targetHints":{"allow":["GET"]}}],"collection":[{"href":"https:\/\/www.europesays.com\/cz\/wp-json\/wp\/v2\/posts"}],"about":[{"href":"https:\/\/www.europesays.com\/cz\/wp-json\/wp\/v2\/types\/post"}],"author":[{"embeddable":true,"href":"https:\/\/www.europesays.com\/cz\/wp-json\/wp\/v2\/users\/2"}],"replies":[{"embeddable":true,"href":"https:\/\/www.europesays.com\/cz\/wp-json\/wp\/v2\/comments?post=114618"}],"version-history":[{"count":0,"href":"https:\/\/www.europesays.com\/cz\/wp-json\/wp\/v2\/posts\/114618\/revisions"}],"wp:featuredmedia":[{"embeddable":true,"href":"https:\/\/www.europesays.com\/cz\/wp-json\/wp\/v2\/media\/114619"}],"wp:attachment":[{"href":"https:\/\/www.europesays.com\/cz\/wp-json\/wp\/v2\/media?parent=114618"}],"wp:term":[{"taxonomy":"category","embeddable":true,"href":"https:\/\/www.europesays.com\/cz\/wp-json\/wp\/v2\/categories?post=114618"},{"taxonomy":"post_tag","embeddable":true,"href":"https:\/\/www.europesays.com\/cz\/wp-json\/wp\/v2\/tags?post=114618"}],"curies":[{"name":"wp","href":"https:\/\/api.w.org\/{rel}","templated":true}]}}