{"id":115228,"date":"2026-06-12T06:28:11","date_gmt":"2026-06-12T06:28:11","guid":{"rendered":"https:\/\/www.europesays.com\/cz\/115228\/"},"modified":"2026-06-12T06:28:11","modified_gmt":"2026-06-12T06:28:11","slug":"trump-odvolal-udery-na-iran-tri-hodiny-pred-jejich-zacatkem","status":"publish","type":"post","link":"https:\/\/www.europesays.com\/cz\/115228\/","title":{"rendered":"Trump odvolal \u00fadery na \u00cdr\u00e1n t\u0159i hodiny p\u0159ed jejich za\u010d\u00e1tkem"},"content":{"rendered":"<p class=\"c_bz\">Ve chv\u00edli, kdy americk\u00fd prezident Donald Trump ozn\u00e1mil, \u017ee Spojen\u00e9 st\u00e1ty nepodniknou \u00fadery na \u00cdr\u00e1n, v\u0161ak u\u017e americk\u00e9 n\u00e1mo\u0159nictvo p\u0159ipravovalo munici pro \u00fatok.<\/p>\n<p class=\"c_bz\">Ozbrojen\u00e9 s\u00edly byly p\u0159ipraven\u00e9, u\u017e jsme dostali rozkaz podniknout \u00fadery, \u0159ekly dva zdroje z\u00a0arm\u00e1dy <a data-dot=\"atm-link\" target=\"_blank\" rel=\"noopener nofollow\" href=\"https:\/\/www.nbcnews.com\/world\/iran\/live-blog\/live-updates-us-strikes-iran-trump-hormuz-closed-rcna349554\" class=\"c_N\">NBC News<\/a>. Podle t\u011bchto zdroj\u016f m\u011bly b\u00fdt \u00fadery podobn\u00e9 t\u011bm z\u00a0p\u0159edchoz\u00edch dvou noc\u00ed, kdy \u00fadery m\u00ed\u0159ily na oblast Hormuzsk\u00e9ho pr\u016flivu a\u00a0tak\u00e9 do okol\u00ed Teher\u00e1nu.<\/p>\n<p class=\"c_bz\">Mezi c\u00edli nebyl ostrov Charg, kde \u00cdr\u00e1n nakl\u00e1d\u00e1 ropu, i\u00a0kdy\u017e Donald Trump hrozil, \u017ee jej Spojen\u00e9 st\u00e1ty brzy obsad\u00ed. USA p\u0159itom maj\u00ed podle americk\u00fdch p\u0159edstavitel\u016f z\u00a0ozbrojen\u00fdch sil u\u017e n\u011bkolik m\u011bs\u00edc\u016f hotov\u00e9 pl\u00e1ny \u00fatok\u016f na ostrov Charg a\u00a0jeho obsazen\u00ed.<\/p>\n<p><a data-dot=\"atm-link\" target=\"_self\" href=\"https:\/\/www.novinky.cz\/clanek\/zahranicni-amerika-trumpovi-lide-se-odvolali-proti-odstraneni-jeho-jmena-z-nazvu-kennedyho-centra-40582852\" class=\"c_N\" rel=\"nofollow noopener\"><img fetchpriority=\"high\" height=\"2304\" width=\"4096\" src=\"https:\/\/www.europesays.com\/cz\/wp-content\/uploads\/2026\/06\/1781245690_762_57df.jpeg\" loading=\"eager\" decoding=\"sync\" class=\"c_t c_r\"\/><\/a><\/p>\n<p class=\"c_bz\">Podle NBC rychl\u00e1 zm\u011bna pl\u00e1n\u016f ze strany prezidenta zanechala ozbrojen\u00e9 s\u00edly zmaten\u00e9.<\/p>\n<p class=\"c_bz\">Pl\u00e1n \u00fatok\u016f byl podle jin\u00fdch americk\u00fdch p\u0159edstavitel\u016f zru\u0161en kr\u00e1tce pot\u00e9, co se Donald Trump setkal v\u00a0B\u00edl\u00e9m dom\u011b s\u00a0p\u0159edsedou sboru americk\u00fdch n\u00e1\u010deln\u00edk\u016f \u0161t\u00e1b\u016f Danem Cainem a\u00a0ministrem obrany Petem Hegsethem.<\/p>\n<p class=\"c_bz\">Spojen\u00e9 st\u00e1ty p\u0159itom v\u00a0noci sest\u0159elily dva \u00edr\u00e1nsk\u00e9 \u00fato\u010dn\u00e9 drony v\u00a0Hormuzsk\u00e9m pr\u016flivu. \u201eVypad\u00e1 to, \u017ee se \u00cdr\u00e1n pokusil za\u00fato\u010dit na obchodn\u00ed lod\u011b proplouvaj\u00edc\u00ed Hormuzsk\u00fdm pr\u016flivem. Americk\u00e9 s\u00edly dva \u00edr\u00e1nsk\u00e9 drony sest\u0159elily. Plavba \u00fa\u017einou pokra\u010duje,\u201c dodali zdroje.<\/p>\n<p class=\"c_bz\">Trump odvolal \u00fatoky, kdy\u017e ozn\u00e1mil, \u017ee \u00cdr\u00e1n p\u0159istoupil na americk\u00e9 po\u017eadavky: \u201ePr\u00e1v\u011b jsme dos\u00e1hli velk\u00e9ho urovn\u00e1n\u00ed ve v\u00e1lce s\u00a0\u00cdr\u00e1nem. M\u00e1me dohodu, \u017ee \u00cdr\u00e1n nebude m\u00edt nikdy jadern\u00e9 zbran\u011b.\u201c<\/p>\n<p class=\"c_bz\">Mluv\u010d\u00ed \u00edr\u00e1nsk\u00e9ho ministerstva zahrani\u010d\u00ed Esmail Baghaei ozna\u010dil zpr\u00e1vy o\u00a0dohod\u011b za spekulativn\u00ed, nic podle n\u011bj nebylo finalizov\u00e1no, \u0159ekl ve st\u00e1tn\u00ed \u00edr\u00e1nsk\u00e9 televizi podle <a data-dot=\"atm-link\" target=\"_blank\" rel=\"noopener nofollow\" href=\"https:\/\/www.bbc.com\/news\/articles\/c78y6w78828o\" class=\"c_N\">BBC<\/a>. Dodal, \u017ee v\u011bt\u0161ina textu v\u00a0memorandu o\u00a0porozum\u011bn\u00ed u\u017e byla dokon\u010dena, ale USA p\u0159i\u0161ly s\u00a0nov\u00fdmi p\u0159ehnan\u00fdmi po\u017eadavky.<\/p>\n<p><a data-dot=\"atm-link\" target=\"_self\" href=\"https:\/\/www.novinky.cz\/clanek\/zahranicni-blizky-a-stredni-vychod-dohoda-s-iranem-by-mohla-byt-podepsana-tento-vikend-v-evrope-slibuje-trump-40582845\" class=\"c_N\" rel=\"nofollow noopener\"><img height=\"2304\" width=\"4096\" src=\"https:\/\/www.europesays.com\/cz\/wp-content\/uploads\/2026\/06\/1781245691_417_640c.jpeg\" loading=\"eager\" decoding=\"sync\" class=\"c_t c_r\"\/><\/a><\/p>\n","protected":false},"excerpt":{"rendered":"Ve chv\u00edli, kdy americk\u00fd prezident Donald Trump ozn\u00e1mil, \u017ee Spojen\u00e9 st\u00e1ty nepodniknou \u00fadery na \u00cdr\u00e1n, v\u0161ak u\u017e americk\u00e9&hellip;\n","protected":false},"author":2,"featured_media":115229,"comment_status":"","ping_status":"","sticky":false,"template":"","format":"standard","meta":{"footnotes":"","_share_on_mastodon":"0"},"categories":[11],"tags":[16164,212,808,7825,10181,54,113,897,53,52],"class_list":["post-115228","post","type-post","status-publish","format-standard","has-post-thumbnail","category-svet","tag-charg-ostrov","tag-donald-trump","tag-iran","tag-konflikt-usa-izrael-iran","tag-nalety","tag-svet","tag-usa","tag-utok","tag-world","tag-world-news"],"share_on_mastodon":{"url":"https:\/\/pubeurope.com\/@cz\/116735725111595048","error":""},"_links":{"self":[{"href":"https:\/\/www.europesays.com\/cz\/wp-json\/wp\/v2\/posts\/115228","targetHints":{"allow":["GET"]}}],"collection":[{"href":"https:\/\/www.europesays.com\/cz\/wp-json\/wp\/v2\/posts"}],"about":[{"href":"https:\/\/www.europesays.com\/cz\/wp-json\/wp\/v2\/types\/post"}],"author":[{"embeddable":true,"href":"https:\/\/www.europesays.com\/cz\/wp-json\/wp\/v2\/users\/2"}],"replies":[{"embeddable":true,"href":"https:\/\/www.europesays.com\/cz\/wp-json\/wp\/v2\/comments?post=115228"}],"version-history":[{"count":0,"href":"https:\/\/www.europesays.com\/cz\/wp-json\/wp\/v2\/posts\/115228\/revisions"}],"wp:featuredmedia":[{"embeddable":true,"href":"https:\/\/www.europesays.com\/cz\/wp-json\/wp\/v2\/media\/115229"}],"wp:attachment":[{"href":"https:\/\/www.europesays.com\/cz\/wp-json\/wp\/v2\/media?parent=115228"}],"wp:term":[{"taxonomy":"category","embeddable":true,"href":"https:\/\/www.europesays.com\/cz\/wp-json\/wp\/v2\/categories?post=115228"},{"taxonomy":"post_tag","embeddable":true,"href":"https:\/\/www.europesays.com\/cz\/wp-json\/wp\/v2\/tags?post=115228"}],"curies":[{"name":"wp","href":"https:\/\/api.w.org\/{rel}","templated":true}]}}