{"id":115582,"date":"2026-06-12T11:31:10","date_gmt":"2026-06-12T11:31:10","guid":{"rendered":"https:\/\/www.europesays.com\/cz\/115582\/"},"modified":"2026-06-12T11:31:10","modified_gmt":"2026-06-12T11:31:10","slug":"vandalove-ve-skalnim-meste-v-ceskem-raji-posprejovali-pramennou-stezku","status":"publish","type":"post","link":"https:\/\/www.europesays.com\/cz\/115582\/","title":{"rendered":"Vandalov\u00e9 ve skaln\u00edm m\u011bst\u011b v\u00a0\u010cesk\u00e9m r\u00e1ji posprejovali pramennou stezku"},"content":{"rendered":"<p class=\"c_bz\">Provozovatel\u00e9 bl\u00edzk\u00e9ho kempu v\u00a0Sedmihork\u00e1ch na poni\u010denou stezku v\u00a0Hruboskalsk\u00e9m m\u011bst\u011b upozornili a\u00a0\u017e\u00e1daj\u00ed nyn\u00ed o\u00a0pomoc ve\u0159ejnost.<\/p>\n<p class=\"c_bz\">\u201eSou\u010d\u00e1st\u00ed na\u0161eho kempu je i\u00a0st\u0159edisko ekologick\u00e9 v\u00fdchovy, kde u\u010d\u00edme d\u011bti vztahu k\u00a0p\u0159\u00edrod\u011b i\u00a0p\u0159i v\u00fdletech a\u00a0\u010d\u00e1st program\u016f prob\u00edh\u00e1 v\u00a0lese. A\u00a0p\u0159i jednom z\u00a0t\u011bchto program\u016f kolegyn\u011b ve \u010dtvrtek 11.\u00a0\u010dervna nasprejovan\u00e9 n\u00e1pisy a\u00a0barvy objevila,\u201c popsala Zuzana Pampelov\u00e1 z\u00a0Autokempu Sedmihorky.<\/p>\n<p><a data-dot=\"atm-link\" target=\"_self\" href=\"https:\/\/www.novinky.cz\/clanek\/domaci-zpravy-stredocesky-kraj-hnizdici-sokoli-pozdrzi-opravy-cest-ve-skalach-ceskeho-raje-40574773\" class=\"c_N\" rel=\"nofollow noopener\"><img fetchpriority=\"high\" height=\"2250\" width=\"4000\" src=\"https:\/\/www.europesays.com\/cz\/wp-content\/uploads\/2026\/06\/drabske-svetnicky-cesky-raj.jpeg\" loading=\"eager\" decoding=\"sync\" class=\"c_t c_r\"\/><\/a><\/p>\n<p class=\"c_bz\">Pramenn\u00e1 stezka ke svat\u00e9mu Josefovi je toti\u017e nedaleko. Nav\u00edc se stejn\u00e9 modr\u00e9 zna\u010dky nast\u0159\u00edkan\u00e9 sprejem objevily tak\u00e9 v\u00a0lipov\u00e9 aleji pod\u00e9l silnice vedouc\u00ed ke kempu, kter\u00e1 je chr\u00e1n\u011bn\u00fdm stromo\u0159ad\u00edm pam\u00e1tn\u00fdch strom\u016f.<\/p>\n<p class=\"c_bz\">\u201eDali jsme o\u00a0tom v\u011bd\u011bt snad v\u0161em mo\u017en\u00fdm organizac\u00edm, od ochrany p\u0159\u00edrody, informovali jsme Lesy \u010cR i\u00a0Sdru\u017een\u00ed \u010cesk\u00fd r\u00e1j, v\u017edy se v\u0161emi spolupracujeme, kdy\u017e se n\u011bco d\u011bje. Dali jsme tak\u00e9 v\u00fdzvu na soci\u00e1ln\u00ed s\u00edt\u011b, jestli n\u011bkdo n\u011bco nevid\u011bl, a\u00a0tam se objevila t\u0159eba informace, \u017ee snad nasprejovan\u00e9 zna\u010dky vid\u011bli lid\u00e9 u\u017e o\u00a0p\u00e1r dn\u00ed d\u0159\u00edve,\u201c p\u0159ibl\u00ed\u017eila Pampelov\u00e1 s\u00a0t\u00edm, \u017ee si v\u00a0posledn\u00edch deseti letech nevybavuje, \u017ee by se n\u011bco podobn\u00e9ho ve zdej\u0161\u00edch skal\u00e1ch objevilo.<\/p>\n<p class=\"c_bz\">Jej\u00ed slova potvrdila tak\u00e9 Radka Tom\u00e1\u0161kov\u00e1, vedouc\u00ed odd\u011blen\u00ed Spr\u00e1vy CHKO \u010cesk\u00fd r\u00e1j Agentury ochrany p\u0159\u00edrody a\u00a0krajiny.<\/p>\n<p class=\"c_bz\">\u201eDozv\u011bd\u011bla jsem se o\u00a0poni\u010den\u00ed stezky v\u010dera. Zkontaktovala jsem policii a\u00a0v p\u0159\u00ed\u0161t\u00edm t\u00fddnu budeme d\u00e1l v\u011bc \u0159e\u0161it. Mus\u00edm se vydat na m\u00edsto a\u00a0zjistit, kde v\u0161ude je posprejov\u00e1no, nev\u00edme, jestli to nen\u00ed i\u00a0na skal\u00e1ch,\u201c uvedla Tom\u00e1\u0161kov\u00e1. <\/p>\n<p class=\"c_bz\">Posprejovan\u00e9 sk\u00e1ly podle jej\u00edch slov v\u00a0\u010cesk\u00e9m r\u00e1ji je\u0161t\u011b ne\u0159e\u0161ili, a\u00a0i v\u00a0r\u00e1mci dal\u0161\u00edch skaln\u00edch m\u011bst se podobn\u00fd \u010din objevuje sp\u00ed\u0161e v\u00fdjime\u010dn\u011b. Vzpomn\u011bla, \u017ee velk\u00e9 plochy posprejovan\u00fdch skal \u0159e\u0161ili kolegov\u00e9 nap\u0159\u00edklad v\u00a0\u010ceskosask\u00e9m \u0160v\u00fdcarsku. Kdy\u017e u\u017e podobn\u00fd vandalismus v\u00a0\u010cesk\u00e9m r\u00e1ji \u0159e\u0161ili, \u0161lo p\u0159edev\u0161\u00edm o\u00a0ryt\u00ed do skal.<\/p>\n<p class=\"c_bz\">P\u0159\u00edrodn\u00ed rezervace Hruboskalsko, kam pramenn\u00e1 stezka svat\u00e9ho Josefa pat\u0159\u00ed, je nejv\u00fdznamn\u011bj\u0161\u00edm skaln\u00edm m\u011bstem \u010cesk\u00e9ho r\u00e1je a\u00a0jde o\u00a0evropsky v\u00fdznamnou lokalitu.<\/p>\n<p><a data-dot=\"atm-link\" target=\"_self\" href=\"https:\/\/www.novinky.cz\/clanek\/domaci-zpravy-jihomoravsky-kraj-vandalove-v-podyji-poskozuji-ohradu-divokych-koni-pri-jejich-uteku-hrozi-zraneni-varovali-ochranari-40541897\" class=\"c_N\" rel=\"nofollow noopener\"><img height=\"1152\" width=\"2048\" src=\"https:\/\/www.europesays.com\/cz\/wp-content\/uploads\/2026\/06\/podyji-kone-vandalove.jpeg\" loading=\"eager\" decoding=\"sync\" class=\"c_t c_r\"\/><\/a><\/p>\n","protected":false},"excerpt":{"rendered":"Provozovatel\u00e9 bl\u00edzk\u00e9ho kempu v\u00a0Sedmihork\u00e1ch na poni\u010denou stezku v\u00a0Hruboskalsk\u00e9m m\u011bst\u011b upozornili a\u00a0\u017e\u00e1daj\u00ed nyn\u00ed o\u00a0pomoc ve\u0159ejnost. \u201eSou\u010d\u00e1st\u00ed na\u0161eho kempu je&hellip;\n","protected":false},"author":2,"featured_media":115583,"comment_status":"","ping_status":"","sticky":false,"template":"","format":"standard","meta":{"footnotes":"","_share_on_mastodon":"0"},"categories":[7],"tags":[43,42,12696,3428,41,40,1671,32700,27035],"class_list":["post-115582","post","type-post","status-publish","format-standard","has-post-thumbnail","category-cesko","tag-ceska-republika","tag-cesko","tag-cesky-raj","tag-chranena-krajinna-oblast-chko","tag-czech-republic","tag-czechia","tag-liberecky-kraj","tag-sedmihorky","tag-vandalove"],"share_on_mastodon":{"url":"https:\/\/pubeurope.com\/@cz\/116736916617358892","error":""},"_links":{"self":[{"href":"https:\/\/www.europesays.com\/cz\/wp-json\/wp\/v2\/posts\/115582","targetHints":{"allow":["GET"]}}],"collection":[{"href":"https:\/\/www.europesays.com\/cz\/wp-json\/wp\/v2\/posts"}],"about":[{"href":"https:\/\/www.europesays.com\/cz\/wp-json\/wp\/v2\/types\/post"}],"author":[{"embeddable":true,"href":"https:\/\/www.europesays.com\/cz\/wp-json\/wp\/v2\/users\/2"}],"replies":[{"embeddable":true,"href":"https:\/\/www.europesays.com\/cz\/wp-json\/wp\/v2\/comments?post=115582"}],"version-history":[{"count":0,"href":"https:\/\/www.europesays.com\/cz\/wp-json\/wp\/v2\/posts\/115582\/revisions"}],"wp:featuredmedia":[{"embeddable":true,"href":"https:\/\/www.europesays.com\/cz\/wp-json\/wp\/v2\/media\/115583"}],"wp:attachment":[{"href":"https:\/\/www.europesays.com\/cz\/wp-json\/wp\/v2\/media?parent=115582"}],"wp:term":[{"taxonomy":"category","embeddable":true,"href":"https:\/\/www.europesays.com\/cz\/wp-json\/wp\/v2\/categories?post=115582"},{"taxonomy":"post_tag","embeddable":true,"href":"https:\/\/www.europesays.com\/cz\/wp-json\/wp\/v2\/tags?post=115582"}],"curies":[{"name":"wp","href":"https:\/\/api.w.org\/{rel}","templated":true}]}}