{"id":115830,"date":"2026-06-12T15:08:10","date_gmt":"2026-06-12T15:08:10","guid":{"rendered":"https:\/\/www.europesays.com\/cz\/115830\/"},"modified":"2026-06-12T15:08:10","modified_gmt":"2026-06-12T15:08:10","slug":"neotviral-dvere-na-zastavkach-policie-obvinila-strojvedouciho-ktery-ridil-vlak-se-tremi-promile","status":"publish","type":"post","link":"https:\/\/www.europesays.com\/cz\/115830\/","title":{"rendered":"Neotv\u00edral dve\u0159e na zast\u00e1vk\u00e1ch. Policie obvinila strojvedouc\u00edho, kter\u00fd \u0159\u00eddil vlak se\u00a0t\u0159emi promile"},"content":{"rendered":"<p class=\"c_bz\">\u201eStrojvedouc\u00edmu vlaku bylo sd\u011bleno obvin\u011bn\u00ed z\u00a0p\u0159e\u010dinu ohro\u017een\u00ed pod vlivem n\u00e1vykov\u00e9 l\u00e1tky. Dle trestn\u00edho z\u00e1kon\u00edku mu za tento trestn\u00fd \u010din hroz\u00ed trest odn\u011bt\u00ed svobody od \u0161esti m\u011bs\u00edc\u016f do t\u0159\u00ed let,\u201c informovala policejn\u00ed mluv\u010d\u00ed Milu\u0161e Zaj\u00edcov\u00e1.<\/p>\n<p class=\"c_bz\">Policie p\u016fvodn\u011b p\u0159\u00edpad \u0161et\u0159ila jako trestn\u00fd \u010din obecn\u00e9 ohro\u017een\u00ed z\u00a0nedbalosti, za kter\u00fd je mo\u017en\u00e9 podle trestn\u00edho z\u00e1kon\u00edku ulo\u017eit z\u00e1kaz \u010dinnosti, p\u0159\u00edpadn\u011b trest odn\u011bt\u00ed svobody na \u0161est m\u011bs\u00edc\u016f a\u017e p\u011bt let. Pro\u010d do\u0161lo ke zm\u011bn\u011b pr\u00e1vn\u00ed kvalifikace, neup\u0159esnila.<\/p>\n<p class=\"c_bz\">P\u0159\u00edpad se stal 4.\u00a0kv\u011btna. Strojvedouc\u00ed za\u010dal sm\u011bnu okolo 16.\u00a0hodiny t\u00edm, \u017ee vyjel ze stanice P\u0159erov ve sm\u011bru na Lipn\u00edk nad Be\u010dvou. B\u011bhem j\u00edzdy se choval nestandardn\u00edm zp\u016fsobem. B\u011bhem cesty z\u00a0P\u0159erova opakovan\u011b opom\u00edjel ve vlakov\u00fdch zast\u00e1vk\u00e1ch otev\u00edrat dve\u0159e pro cestuj\u00edc\u00ed, m\u011bl znateln\u011b pomal\u00e9 rozjezdy a\u00a0vlak za\u010d\u00ednal nab\u00edrat zpo\u017ed\u011bn\u00ed.<\/p>\n<p class=\"c_bz\">\u201eV\u0161\u00edmav\u00fd sv\u011bdek neobvykl\u00e9 j\u00edzdy p\u0159ivolal policejn\u00ed hl\u00eddku, kter\u00e1 u\u00a0strojvedouc\u00edho provedla dechov\u00e9 zkou\u0161ky s\u00a0pozitivn\u00edmi v\u00fdsledky, a\u00a0to konkr\u00e9tn\u011b 2,83\u00a0promile a\u00a02,81\u00a0promile alkoholu v\u00a0dechu. V\u00a0dob\u011b j\u00edzdy bylo ve vlaku dle vlakvedouc\u00ed zhruba 40\u00a0cestuj\u00edc\u00edch,\u201c uvedla ji\u017e d\u0159\u00edve Zaj\u00edcov\u00e1.<\/p>\n<p class=\"c_bz\">Ke zran\u011bn\u00ed osob a\u00a0\u0161kod\u011b na majetku na\u0161t\u011bst\u00ed nedo\u0161lo. Trestn\u00ed st\u00edh\u00e1n\u00ed obvin\u011bn\u00e9ho je vedeno na svobod\u011b.<\/p>\n<p><a data-dot=\"atm-link\" target=\"_self\" href=\"https:\/\/www.novinky.cz\/clanek\/krimi-neoteviral-dvere-a-rozjizdel-se-podezrele-pomalu-strojvedouci-na-prerovsku-nadychal-3-promile-40576667\" class=\"c_N\" rel=\"nofollow noopener\"><img fetchpriority=\"high\" height=\"3159\" width=\"5616\" src=\"https:\/\/www.europesays.com\/cz\/wp-content\/uploads\/2026\/03\/vlak-zeleznice-ilustracni-koleje-xkoleje-xzeleznice-xvlak-xdrahy-drahy.jpeg\" loading=\"eager\" decoding=\"sync\" class=\"c_t c_r\"\/><\/a><\/p>\n","protected":false},"excerpt":{"rendered":"\u201eStrojvedouc\u00edmu vlaku bylo sd\u011bleno obvin\u011bn\u00ed z\u00a0p\u0159e\u010dinu ohro\u017een\u00ed pod vlivem n\u00e1vykov\u00e9 l\u00e1tky. Dle trestn\u00edho z\u00e1kon\u00edku mu za tento trestn\u00fd&hellip;\n","protected":false},"author":2,"featured_media":103101,"comment_status":"","ping_status":"","sticky":false,"template":"","format":"standard","meta":{"footnotes":"","_share_on_mastodon":"0"},"categories":[7],"tags":[879,43,42,41,40,10668,325,3534,6097,1692],"class_list":["post-115830","post","type-post","status-publish","format-standard","has-post-thumbnail","category-cesko","tag-alkohol","tag-ceska-republika","tag-cesko","tag-czech-republic","tag-czechia","tag-lipnik-nad-becvou","tag-policie","tag-prerov","tag-strojvedouci","tag-vlaky"],"share_on_mastodon":{"url":"https:\/\/pubeurope.com\/@cz\/116737770396317224","error":""},"_links":{"self":[{"href":"https:\/\/www.europesays.com\/cz\/wp-json\/wp\/v2\/posts\/115830","targetHints":{"allow":["GET"]}}],"collection":[{"href":"https:\/\/www.europesays.com\/cz\/wp-json\/wp\/v2\/posts"}],"about":[{"href":"https:\/\/www.europesays.com\/cz\/wp-json\/wp\/v2\/types\/post"}],"author":[{"embeddable":true,"href":"https:\/\/www.europesays.com\/cz\/wp-json\/wp\/v2\/users\/2"}],"replies":[{"embeddable":true,"href":"https:\/\/www.europesays.com\/cz\/wp-json\/wp\/v2\/comments?post=115830"}],"version-history":[{"count":0,"href":"https:\/\/www.europesays.com\/cz\/wp-json\/wp\/v2\/posts\/115830\/revisions"}],"wp:featuredmedia":[{"embeddable":true,"href":"https:\/\/www.europesays.com\/cz\/wp-json\/wp\/v2\/media\/103101"}],"wp:attachment":[{"href":"https:\/\/www.europesays.com\/cz\/wp-json\/wp\/v2\/media?parent=115830"}],"wp:term":[{"taxonomy":"category","embeddable":true,"href":"https:\/\/www.europesays.com\/cz\/wp-json\/wp\/v2\/categories?post=115830"},{"taxonomy":"post_tag","embeddable":true,"href":"https:\/\/www.europesays.com\/cz\/wp-json\/wp\/v2\/tags?post=115830"}],"curies":[{"name":"wp","href":"https:\/\/api.w.org\/{rel}","templated":true}]}}