{"id":116318,"date":"2026-06-13T05:53:13","date_gmt":"2026-06-13T05:53:13","guid":{"rendered":"https:\/\/www.europesays.com\/cz\/116318\/"},"modified":"2026-06-13T05:53:13","modified_gmt":"2026-06-13T05:53:13","slug":"vlada-chce-prepsat-pravidla-pro-asistenty-ucitelu-uz-nebudou-vazani-na-zaky-ale-na-skoly-do-nich-je-rozradi-automat-hospodarske-noviny","status":"publish","type":"post","link":"https:\/\/www.europesays.com\/cz\/116318\/","title":{"rendered":"Vl\u00e1da chce p\u0159epsat pravidla pro asistenty u\u010ditel\u016f: U\u017e nebudou v\u00e1zan\u00ed na \u017e\u00e1ky, ale na \u0161koly. Do nich je roz\u0159ad\u00ed \u201eautomat\u201c &#8211; Hospod\u00e1\u0159sk\u00e9 noviny"},"content":{"rendered":"<p><a href=\"https:\/\/news.google.com\/rss\/articles\/CBMi8gFBVV95cUxOVXJfdDhSOU1rMWNWNFJRVUtmWEdWWHFOUFZWV21vZ3F2Mno2Y1RCY2trdUVkQWk3bThHSFNkZjgxT1VUSG9jakUxSkVXcDdQbk1UeVg3elQ4R2Y1ejMxZjFRZThBRVRNc1pITEZtQ2J5ejlqd3pURms3Z1llaF9mdEx3MnRFYmZKU3J5eXAtaWZJa1FlYmRxOVNVeUZhME5qcy00U2lfUlpJcEtNTk1LeE1YbktCcjk1U0h5eUFlLUlHN1dGdV9ybDNyR3paaS1landSY290Wm9hbUVyckxFZDAxVzdkS0hDTnhCWmpjbHdldw?oc=5\" target=\"_blank\" rel=\"nofollow noopener\">Vl\u00e1da chce p\u0159epsat pravidla pro asistenty u\u010ditel\u016f: U\u017e nebudou v\u00e1zan\u00ed na \u017e\u00e1ky, ale na \u0161koly. Do nich je roz\u0159ad\u00ed \u201eautomat\u201c<\/a>&nbsp;&nbsp;Hospod\u00e1\u0159sk\u00e9 noviny<a href=\"https:\/\/news.google.com\/rss\/articles\/CBMiqAFBVV95cUxNUE9hZllaMmpYYnp1VkJzVTJrdXplN0N3QVc4V0w5Y2pYRkRNT2dzWXJCVUcwLXV1bFI5a0hXM1FoU2lnTE8wV2tBMDBXdXJVeFFiVWpBN2JQTzFROFJ3MmQ4dWJNd0IzbmdzdjNCN2FoWkFNb25YTk43bUxQU2JyMWxVQ1F5Y0g3dnRQQ2JPLWU1ZmFINnd3Q1FDWGxCWUdzYlF6dm1Yd1c?oc=5\" target=\"_blank\" rel=\"nofollow noopener\">U\u017e ne asistenti pro jednotliv\u00e9 d\u011bti. Revize inkluze startuje<\/a>&nbsp;&nbsp;Novinky<a href=\"https:\/\/news.google.com\/rss\/articles\/CBMi1wFBVV95cUxPM0FpT0xZd1NpSkxKaGhmNzlRWU1kU1dCMWxRLUxjUzNkTnJYSTZnWU9nTzIzYW1GdXVfSTJPVndqWjBzVEQyN0VMRFhnS3liMUhCVVI5UU0tRTJjQ3ctaGY1VEJyaFlhVFlPMkFRN1hKdTctQ0Q4YmtiQ1pjTndPdFM0N2liTHVrWUI5SDNha0pIVllyZ3Y3VGlyaVQ1YWZrMllsNlVibXJCMF9tT21rczZZcHY1UllLdWljWUwxN19GbmJjSDJfd2IzeGIzTGdGMDFCdU13NA?oc=5\" target=\"_blank\" rel=\"nofollow noopener\">Konec nejistoty. Asistent pedagoga k d\u00edt\u011bti se ru\u0161\u00ed, nov\u011b bude ve \u0161kole sou\u010d\u00e1st\u00ed t\u00fdmu, chce Plaga<\/a>&nbsp;&nbsp;iDNES.cz<a href=\"https:\/\/news.google.com\/rss\/articles\/CBMiZ0FVX3lxTE53ZTd1eXpvd2ttNjNMbm4tNWVScGl6SnNCaXNCUFFXeGppakZZcjRqQTVVT09ESTBodmhFN1Bad1czQS0xNTEwcVhsLUswalJYT2hEZVVVWWZNUGlGRGlSa2Z3RkxzOVU?oc=5\" target=\"_blank\" rel=\"nofollow noopener\">Zru\u0161en\u00ed asistent\u016f pedagoga jako podp\u016frn\u00e9ho opat\u0159en\u00ed mus\u00ed obsahovat individu\u00e1ln\u00ed mechanismus pro p\u0159\u00edpady, kdy jich ve \u0161kol\u00e1ch bude nedostatek<\/a>&nbsp;&nbsp;EDUin<a href=\"https:\/\/news.google.com\/rss\/articles\/CBMitgFBVV95cUxPWFgtRi1weUdHRklBRXV3VWpPUWMxSmpnclV1ZkxFZ2pnMTZkNlJ4amFXcDFCNTFQN29VelpHR1Jvb3o5U2RJRXNQZUdEVUVjRVVFUkNTWmJzQ1NCZnlELTR2TFZ6RTBxcGdfajNjaTlIYjhGeXNoNmY2U3p6bGgzTmdua082aFZFcjVMYmNCOEMwcTBRTmpSMlBiWkF5aHpHUEl4b3UwVVVsSl9saTFHajBIYlhQdw?oc=5\" target=\"_blank\" rel=\"nofollow noopener\">Konec administrativn\u00ed z\u00e1t\u011b\u017ee? Novela \u0161kolsk\u00e9ho z\u00e1kona p\u0159in\u00e1\u0161\u00ed nov\u00fd model pro asistenty pedagoga<\/a>&nbsp;&nbsp;T\u00fdden.cz<\/p>\n","protected":false},"excerpt":{"rendered":"Vl\u00e1da chce p\u0159epsat pravidla pro asistenty u\u010ditel\u016f: U\u017e nebudou v\u00e1zan\u00ed na \u017e\u00e1ky, ale na \u0161koly. Do nich je&hellip;\n","protected":false},"author":2,"featured_media":116319,"comment_status":"","ping_status":"","sticky":false,"template":"","format":"standard","meta":{"footnotes":"","_share_on_mastodon":"0"},"categories":[7],"tags":[21044,43,42,41,40,31730,442],"class_list":["post-116318","post","type-post","status-publish","format-standard","has-post-thumbnail","category-cesko","tag-asistent","tag-ceska-republika","tag-cesko","tag-czech-republic","tag-czechia","tag-inkluze","tag-skolstvi"],"share_on_mastodon":{"url":"https:\/\/pubeurope.com\/@cz\/116741249584588201","error":""},"_links":{"self":[{"href":"https:\/\/www.europesays.com\/cz\/wp-json\/wp\/v2\/posts\/116318","targetHints":{"allow":["GET"]}}],"collection":[{"href":"https:\/\/www.europesays.com\/cz\/wp-json\/wp\/v2\/posts"}],"about":[{"href":"https:\/\/www.europesays.com\/cz\/wp-json\/wp\/v2\/types\/post"}],"author":[{"embeddable":true,"href":"https:\/\/www.europesays.com\/cz\/wp-json\/wp\/v2\/users\/2"}],"replies":[{"embeddable":true,"href":"https:\/\/www.europesays.com\/cz\/wp-json\/wp\/v2\/comments?post=116318"}],"version-history":[{"count":0,"href":"https:\/\/www.europesays.com\/cz\/wp-json\/wp\/v2\/posts\/116318\/revisions"}],"wp:featuredmedia":[{"embeddable":true,"href":"https:\/\/www.europesays.com\/cz\/wp-json\/wp\/v2\/media\/116319"}],"wp:attachment":[{"href":"https:\/\/www.europesays.com\/cz\/wp-json\/wp\/v2\/media?parent=116318"}],"wp:term":[{"taxonomy":"category","embeddable":true,"href":"https:\/\/www.europesays.com\/cz\/wp-json\/wp\/v2\/categories?post=116318"},{"taxonomy":"post_tag","embeddable":true,"href":"https:\/\/www.europesays.com\/cz\/wp-json\/wp\/v2\/tags?post=116318"}],"curies":[{"name":"wp","href":"https:\/\/api.w.org\/{rel}","templated":true}]}}