{"id":116597,"date":"2026-06-13T12:15:15","date_gmt":"2026-06-13T12:15:15","guid":{"rendered":"https:\/\/www.europesays.com\/cz\/116597\/"},"modified":"2026-06-13T12:15:15","modified_gmt":"2026-06-13T12:15:15","slug":"je-eva-pavlova-damou-medium-cz","status":"publish","type":"post","link":"https:\/\/www.europesays.com\/cz\/116597\/","title":{"rendered":"Je Eva Pavlov\u00e1 d\u00e1mou? &#8211; M\u00e9dium.cz"},"content":{"rendered":"<p class=\"e_cz\">T\u00edm prvn\u00edm je dezinformace o\u00a0tom, \u017ee pob\u00edr\u00e1 plat ve v\u00fd\u0161i sta tis\u00edc korun. Jak\u00e1 je ale skute\u010dnost?<\/p>\n<p class=\"e_cz\">Prvn\u00ed d\u00e1ma v\u00a0\u010cesku nem\u00e1 ze z\u00e1kona n\u00e1rok na vlastn\u00ed plat ani rentu, a\u010dkoliv se o\u00a0t\u011bchto p\u0159\u00edjmech \u010dasto diskutuje v\u00a0politick\u00fdch debat\u00e1ch.<\/p>\n<p class=\"e_cz\">Pozice man\u017eelky prezidenta nen\u00ed v\u00a0\u010desk\u00e9m pr\u00e1vn\u00edm \u0159\u00e1du ukotvena. To znamen\u00e1, \u017ee prvn\u00ed d\u00e1ma nem\u00e1 garantovan\u00fd plat, soci\u00e1ln\u00ed \u010di zdravotn\u00ed poji\u0161t\u011bn\u00ed, ani j\u00ed po skon\u010den\u00ed mand\u00e1tu nen\u00e1le\u017e\u00ed \u017e\u00e1dn\u00e1 st\u00e1tn\u00ed renta. Financov\u00e1n\u00ed jej\u00edch reprezenta\u010dn\u00edch povinnost\u00ed z\u00a0prezidentsk\u00fdch n\u00e1hrad se proto \u0159e\u0161\u00ed intern\u00ed dohodou uvnit\u0159 prezidentsk\u00e9 kancel\u00e1\u0159e. To ve zkratce znamen\u00e1, \u017ee pau\u0161\u00e1ln\u00ed n\u00e1hrady na reprezentaci ve v\u00fd\u0161i 95\u00a0000\u00a0korun dost\u00e1v\u00e1 Eva Pavlov\u00e1 z\u00a0n\u00e1hrad ur\u010den\u00fdch prezidentovi. Neboli je\u0161t\u011b jednodu\u0161eji, nejedn\u00e1 se o\u00a0\u017e\u00e1dn\u00e9 pen\u00edze nav\u00edc. Jedn\u00e1 se pouze o\u00a0p\u0159esunut\u00ed z\u00a0jedn\u00e9 kolonky v\u00a0\u00fa\u010detnictv\u00ed do kolonky druh\u00e9, p\u0159i\u010dem\u017e suma z\u016fst\u00e1v\u00e1 stejn\u00e1. Vlastn\u011b si to mohli man\u017eel\u00e9 vy\u0159\u00eddit mezi sebou doma v\u00a0kuchyni nebo v\u00a0ob\u00fdv\u00e1ku a\u00a0nikdo by nic nev\u011bd\u011bl. Jen\u017ee prezident a\u00a0jeho kancel\u00e1\u0159, stejn\u011b jako man\u017eelka, cht\u011bli m\u00edt v\u0161e pr\u016fhledn\u00e9. Jak je vid\u011bt, ani nejlep\u0161\u00ed snaha nebyla nic platn\u00e1. Bohu\u017eel.<\/p>\n<p class=\"e_cz\">Dal\u0161\u00ed nepravdou, kter\u00e1 se o\u00a0pan\u00ed Ev\u011b Pavlov\u00e9 \u0161\u00ed\u0159\u00ed, je informace, \u017ee byla politru\u010dkou. Nebyla, a\u00a0p\u0159esto\u017ee je extr\u00e9mn\u011b snadn\u00e9 se o\u00a0tom p\u0159esv\u011bd\u010dit, je obrovsk\u00e9 mno\u017estv\u00ed t\u011bch, kte\u0159\u00ed tomu v\u011b\u0159\u00ed.<\/p>\n<p>Pod\u00edvejme se ale nejprve ve zkratce, co to slovo politruk znamen\u00e1.<\/p>\n<p class=\"e_cz\">Je to archaick\u00fd v\u00fdraz poch\u00e1zej\u00edc\u00ed z\u00a0Ruska (SSSR), kde se tak ozna\u010doval politick\u00fd vedouc\u00ed, a\u00a0to hlavn\u011b v\u00a0arm\u00e1d\u011b. A\u00a0proto\u017ee bylo \u010ceskoslovensko po roce 1948\u00a0ze Stalina a\u00a0Sov\u011btsk\u00e9ho svazu cel\u00e9 pry\u010d, za\u010dal se tento v\u00fdraz pou\u017e\u00edvat i\u00a0zde, a\u00a0to pro z\u00e1stupce velitele \u00fatvaru pro v\u011bci politick\u00e9. P\u0159ev\u00e1\u017en\u011b se rekrutovali z\u00a0\u0159ad absolvent\u016f VUML. Nicm\u00e9n\u011b je nutn\u00e9 uv\u00e9st, \u017ee ofici\u00e1ln\u011b se term\u00edn politruk v\u00a0\u010cSLA nikdy nepou\u017e\u00edval. V\u017edy to byl ZVP (z\u00e1stupce pro v\u011bci politick\u00e9) anebo pozd\u011bji ZPP (z\u00e1stupce pro politickou pr\u00e1ci).<\/p>\n<p>A Eva Pavlov\u00e1?<\/p>\n<p class=\"e_cz\">Ta studovala na Vysok\u00e9 \u0161kole Klementa Gottwalda, kde se p\u0159ipravovali budouc\u00ed z\u00e1stupci velitel\u016f, ale tak\u00e9 mnoh\u00e9 dal\u0161\u00ed profese. To nejd\u016fle\u017eit\u011bj\u0161\u00ed ov\u0161em je, \u017ee pan\u00ed Eva Pavlov\u00e1, tehdy je\u0161t\u011b Zelen\u00e1, \u0161kolu dokon\u010dila v\u00a0roce 1990, tedy rok po revoluci, a\u00a0nemohla se tak st\u00e1t ani politrukem (kter\u00fd\u017eto term\u00edn se nepou\u017e\u00edval), ale hlavn\u011b ani z\u00e1stupkyn\u00ed velitele pro v\u011bci politick\u00e9.<\/p>\n<p class=\"e_cz\">Ob\u010das se tak\u00e9 objevuj\u00ed zm\u00ednky o\u00a0jej\u00edm \u010dlenstv\u00ed v\u00a0KS\u010c, kter\u00e9 trvalo dva roky. Auto\u0159i, kte\u0159\u00ed p\u0159ich\u00e1zej\u00ed s\u00a0t\u00edmto obvin\u011bn\u00edm, jsou \u010dasto \u010dleny nebo aktivn\u00edmi p\u0159\u00edznivci ANO, PRO nebo SPD, co\u017e je komick\u00e9, kdy\u017e se pod\u00edv\u00e1me na politick\u00e9 profily politik\u016f t\u011bchto stran a\u00a0strani\u010dek. Proti nim jsou du\u0161e pan\u00ed Evy Pavlov\u00e9 a\u00a0jej\u00edho mu\u017ee Petra Pavla \u010dist\u00e9 jako okv\u011bt\u00ed b\u00edl\u00e9 lilie.<\/p>\n<p>Je tedy Eva Pavlov\u00e1 d\u00e1mou? <img fetchpriority=\"high\" height=\"1200\"   width=\"900\" src=\"https:\/\/www.europesays.com\/cz\/wp-content\/uploads\/2026\/06\/eva-pavlova-v-londyne.jpeg\" loading=\"eager\" decoding=\"sync\" class=\"e_ah e_af\"\/>Foto: Eva Pavlov\u00e1, Facebook<\/p>\n<p class=\"e_cz\">Eva Pavlov\u00e1 na Downing street<\/p>\n<p class=\"e_cz\">Je. A\u00a0otev\u0159en\u011b p\u00ed\u0161u, \u017ee p\u0159\u00edmo a\u00a0se ct\u00ed navazuje na pan\u00ed Olgu Havlovou. Noblesa a\u00a0\u00farove\u0148, s\u00a0jakou vykon\u00e1v\u00e1 svou roli, jsou na t\u00e9 nejvy\u0161\u0161\u00ed \u00farovni, a\u00a0pokud j\u00ed chce n\u011bkdo vy\u010d\u00edtat drobn\u00e9 p\u0159e\u0161lapy v\u00a0konverzaci v\u00a0ciz\u00edm jazyce, m\u011bl by se zamyslet nad \u00farovn\u00ed t\u011bch, kte\u0159\u00ed by z\u00a0titulu sv\u00e9 politick\u00e9 funkce m\u011bli angli\u010dtinu zvl\u00e1dat bravurn\u011b a\u00a0nezvl\u00e1daj\u00ed.<\/p>\n<p>Je tu ov\u0161em je\u0161t\u011b jedna v\u011bc, kterou p\u0159ehl\u00ed\u017eej\u00ed i\u00a0p\u0159\u00edznivci prezidenta a\u00a0jeho \u017eeny.<\/p>\n<p class=\"e_cz\">Prezidentsk\u00fd p\u00e1r na spole\u010dn\u00fdch cest\u00e1ch se nijak neodli\u0161uje od dvojic nejvy\u0161\u0161\u00edch p\u0159edstavitel\u016f t\u011bch nejv\u011bt\u0161\u00edch mocnost\u00ed. \u010ceskou republiku reprezentuje d\u016fstojn\u011b a\u00a0na t\u00e9 nejvy\u0161\u0161\u00ed mo\u017en\u00e9 \u00farovni, jak\u00e1 je etiketou vy\u017eadov\u00e1na. A\u00a0p\u0159iznejme si, \u017ee tomu tak nebylo v\u017edy v\u00a0ned\u00e1vn\u00e9 minulosti. A\u00a0nejen na nejvy\u0161\u0161\u00edm postu.<\/p>\n<p class=\"e_cz\">\u010cesk\u00e1 republika m\u00e1 obrovsk\u00e9 \u0161t\u011bst\u00ed v\u00a0osob\u011b prezidenta a\u00a0jeho prvn\u00ed d\u00e1my. D\u00e1my po v\u0161ech str\u00e1nk\u00e1ch. Prezidentsk\u00fd p\u00e1r zemi reprezentuje nejlep\u0161\u00edm mo\u017en\u00fdm zp\u016fsobem. Bohu\u017eel se v\u00a0\u010cesk\u00e9 republice objevuj\u00ed n\u00e1znaky jak\u00e9hosi n\u00e1vratu k\u00a0proletari\u00e1tu, ke zneva\u017eov\u00e1n\u00ed a\u00a0zesm\u011b\u0161\u0148ov\u00e1n\u00ed elegance a\u00a0slu\u0161nosti. Tento trend Petr Pavel a\u00a0jeho \u017eena vyva\u017euj\u00ed a\u00a0ukazuj\u00ed sv\u011btu, \u017ee ta mal\u00e1 zem\u011b uprost\u0159ed Evropy je\u0161t\u011b nen\u00ed tak ztracen\u00e1 a\u00a0m\u00e1 \u0161anci navr\u00e1tit se k\u00a0tradici noblesy, jak\u00e1 byla zvykem u\u00a0Masaryka \u010di Bene\u0161e.<\/p>\n","protected":false},"excerpt":{"rendered":"T\u00edm prvn\u00edm je dezinformace o\u00a0tom, \u017ee pob\u00edr\u00e1 plat ve v\u00fd\u0161i sta tis\u00edc korun. Jak\u00e1 je ale skute\u010dnost? Prvn\u00ed&hellip;\n","protected":false},"author":2,"featured_media":116598,"comment_status":"","ping_status":"","sticky":false,"template":"","format":"standard","meta":{"footnotes":"","_share_on_mastodon":"0"},"categories":[7],"tags":[43,42,41,40,5573,213,7750],"class_list":["post-116597","post","type-post","status-publish","format-standard","has-post-thumbnail","category-cesko","tag-ceska-republika","tag-cesko","tag-czech-republic","tag-czechia","tag-eva-pavlova","tag-petr-pavel","tag-prvni-dama"],"share_on_mastodon":{"url":"https:\/\/pubeurope.com\/@cz\/116742751964102277","error":""},"_links":{"self":[{"href":"https:\/\/www.europesays.com\/cz\/wp-json\/wp\/v2\/posts\/116597","targetHints":{"allow":["GET"]}}],"collection":[{"href":"https:\/\/www.europesays.com\/cz\/wp-json\/wp\/v2\/posts"}],"about":[{"href":"https:\/\/www.europesays.com\/cz\/wp-json\/wp\/v2\/types\/post"}],"author":[{"embeddable":true,"href":"https:\/\/www.europesays.com\/cz\/wp-json\/wp\/v2\/users\/2"}],"replies":[{"embeddable":true,"href":"https:\/\/www.europesays.com\/cz\/wp-json\/wp\/v2\/comments?post=116597"}],"version-history":[{"count":0,"href":"https:\/\/www.europesays.com\/cz\/wp-json\/wp\/v2\/posts\/116597\/revisions"}],"wp:featuredmedia":[{"embeddable":true,"href":"https:\/\/www.europesays.com\/cz\/wp-json\/wp\/v2\/media\/116598"}],"wp:attachment":[{"href":"https:\/\/www.europesays.com\/cz\/wp-json\/wp\/v2\/media?parent=116597"}],"wp:term":[{"taxonomy":"category","embeddable":true,"href":"https:\/\/www.europesays.com\/cz\/wp-json\/wp\/v2\/categories?post=116597"},{"taxonomy":"post_tag","embeddable":true,"href":"https:\/\/www.europesays.com\/cz\/wp-json\/wp\/v2\/tags?post=116597"}],"curies":[{"name":"wp","href":"https:\/\/api.w.org\/{rel}","templated":true}]}}