{"id":118569,"date":"2026-06-15T13:12:14","date_gmt":"2026-06-15T13:12:14","guid":{"rendered":"https:\/\/www.europesays.com\/cz\/118569\/"},"modified":"2026-06-15T13:12:14","modified_gmt":"2026-06-15T13:12:14","slug":"zrada-a-upadek-ukrivdena-biatlonistka-nechce-byt-s-reprezentacnim-tymem","status":"publish","type":"post","link":"https:\/\/www.europesays.com\/cz\/118569\/","title":{"rendered":"Zrada a\u00a0\u00fapadek. Uk\u0159ivd\u011bn\u00e1 biatlonistka nechce b\u00fdt s\u00a0reprezenta\u010dn\u00edm t\u00fdmem"},"content":{"rendered":"<p class=\"b_bE\">Jak zn\u00e1mo, Braisazovou-Bouchetovou okradla p\u0159ed \u010dty\u0159mi roky hv\u011bzdn\u00e1 kolegyn\u011b Julia Simonov\u00e1 o\u00a0pen\u00edze z\u00a0kreditn\u00ed karty. Vinu dlouho pop\u00edrala, nakonec se p\u0159iznala. Od Francouzsk\u00e9 ly\u017ea\u0159sk\u00e9 federace vyfasovala v\u00a0listopadu p\u016flro\u010dn\u00ed trest, z\u00a0toho p\u011bt m\u011bs\u00edc\u016f podm\u00edn\u011bn\u011b. Soud p\u0159edt\u00edm je\u0161t\u011b vym\u011b\u0159il Simonov\u00e9 t\u0159\u00edm\u011bs\u00ed\u010dn\u00ed podm\u00ednku.<\/p>\n<p class=\"b_bE\">V\u00fd\u0161e trestu nakonec umo\u017enila Simonov\u00e9 start na leto\u0161n\u00ed olympi\u00e1d\u011b v\u00a0Cortin\u011b a\u00a0Mil\u00e1n\u011b, kde nakonec slavila zisk t\u0159\u00ed zlat\u00fdch a\u00a0jedn\u00e9 st\u0159\u00edbrn\u00e9 medaile, zat\u00edmco ob\u011b\u0165 jej\u00ed kr\u00e1de\u017ee Braisazov\u00e1-Bouchetov\u00e1 kon\u010dila hluboko v\u00a0poli pora\u017een\u00fdch a\u00a0nedostala se ani do \u0161tafet, p\u0159esto\u017ee je\u0161t\u011b na za\u010d\u00e1tku roku slavila triumf v\u00a0individu\u00e1ln\u00edm z\u00e1vod\u011b v\u00a0r\u00e1mci SP v\u00a0Nov\u00e9m M\u011bst\u011b na Morav\u011b. Ne\u00fa\u010dast ve \u0161tafet\u011b dosud nese hodn\u011b ho\u0159ce.<\/p>\n<p><a data-dot=\"atm-link\" target=\"_self\" href=\"https:\/\/www.sport.cz\/clanek\/olympiada-kradez-se-vraci-jako-bumerang-premozitelka-vobornikove-vydelala-miliony-o-slavu-muze-prijit-5406191\" class=\"b_V g_ij\" rel=\"nofollow noopener\"><img fetchpriority=\"high\" height=\"2829\" width=\"3773\" src=\"https:\/\/www.europesays.com\/cz\/wp-content\/uploads\/2026\/03\/5b8f.jpeg\" loading=\"eager\" decoding=\"sync\" class=\"b_B b_z\"\/><\/a><\/p>\n<p class=\"b_bE\">\u201eC\u00edtila jsem zradu, m\u011bla jsem pocit, \u017ee o\u00a0v\u0161em bylo rozhodnuto u\u017e dlouho dop\u0159edu. V\u011b\u0159ila jsem tomu (\u017ee bude sou\u010d\u00e1st\u00ed \u0161tafety, pozn. aut.) a\u00a0proto jsem byla tak zklaman\u00e1. Celou olympi\u00e1du jsem pak c\u00edtila unaven\u00e1, na\u0161tvan\u00e1 a\u00a0pod tlakem. Obzvl\u00e1\u0161\u0165 kv\u016fli mimosportovn\u00edm v\u011bcem. Bylo to jedno zklam\u00e1n\u00ed za druh\u00fdm. P\u0159ipadalo mi, \u017ee jsem diva\u010dkou vlastn\u00edho sportovn\u00edho \u00fapadku. C\u00edtila jsem se \u00fapln\u011b osamocen\u00e1,\u201c rozpov\u00eddala se nyn\u00ed v\u00a0rozhovoru pro L\u2019\u00c9quipe.<\/p>\n<p class=\"b_bE\">P\u0159iznala, \u017ee v\u00fd\u0161e trestu pro Simonovou pro ni byla velk\u00fdm zklam\u00e1n\u00edm. <\/p>\n<p class=\"b_bE\">\u201eCel\u00e9 t\u0159i roky jsem o\u00a0tom ml\u010dela. Po\u0159\u00e1d jsem si \u0159\u00edkala, \u017ee pravda vyjde najevo. Kdy\u017e ale soud vynesl verdikt, uv\u011bdomila jsem si, \u017ee se nezm\u011bn\u00ed v\u016fbec nic,\u201c pouk\u00e1zala na fakt, \u017ee jej\u00ed reprezenta\u010dn\u00ed kolegyn\u011b ve v\u00fdsledku p\u0159i\u0161la jen o\u00a0p\u00e1r t\u00fddn\u016f ve Sv\u011btov\u00e9m poh\u00e1ru.<\/p>\n<p><img height=\"2731\"   width=\"4096\" src=\"https:\/\/www.europesays.com\/cz\/wp-content\/uploads\/2026\/06\/5094.jpeg\" loading=\"eager\" decoding=\"sync\" class=\"b_B b_z\"\/>Foto: Vlastimil Vacek, Sport.cz<\/p>\n<p class=\"b_bE\">Francouzsk\u00e1 biatlonistka Julia Simonov\u00e1<\/p>\n<p class=\"b_bE\">\u201eZa norm\u00e1ln\u00ed situace m\u00edvaj\u00ed \u010diny sv\u00e9 n\u00e1sledky. \u010clov\u011bk nem\u016f\u017ee d\u011blat \u0161patn\u00e9 v\u011bci, ani\u017e by za n\u011b nesl odpov\u011bdnost. Pro m\u011b je to cel\u00e9 nepochopiteln\u00e9,\u201c pokra\u010dovala.<\/p>\n<p class=\"b_bE\">I proto pro ni je st\u00e1le t\u011b\u017e\u0161\u00ed \u00fa\u010dastnit se spole\u010dn\u00fdch tr\u00e9nink\u016f a\u00a0soust\u0159ed\u011bn\u00ed v\u00a0r\u00e1mci reprezentace. Vztahy uvnit\u0159 jinak mimo\u0159\u00e1dn\u011b \u00fasp\u011b\u0161n\u00e9 francouzsk\u00e9 \u017eensk\u00e9 reprezentace jsou pr\u00fd velmi napjat\u00e9.<\/p>\n<p><a data-dot=\"atm-link\" target=\"_self\" href=\"https:\/\/www.sport.cz\/clanek\/zimni-sporty-biatlon-biatlonovy-navrat-davidove-pomohl-ke-svetovemu-zlatu-ted-povede-jinou-hvezdu-5476580\" class=\"b_V g_ij\" rel=\"nofollow noopener\"><img height=\"2730\" width=\"3641\" src=\"https:\/\/www.europesays.com\/cz\/wp-content\/uploads\/2026\/06\/9633.jpeg\" loading=\"eager\" decoding=\"sync\" class=\"b_B b_z\"\/><\/a><\/p>\n<p class=\"b_bE\">\u201eSpole\u010dn\u00e9 kempy jsou po lidsk\u00e9 str\u00e1nce extr\u00e9mn\u011b n\u00e1ro\u010dn\u00e9. Mezi d\u011bv\u010daty existuj\u00ed r\u016fzn\u00e9 kliky. V\u00a0tomhle t\u00fdmu panuje obrovsk\u00e1 \u00fanava a\u00a0vy\u010derp\u00e1n\u00ed. Tak to alespo\u0148 vn\u00edm\u00e1m j\u00e1,\u201c nechala nahl\u00e9dnout do z\u00e1kulis\u00ed fungov\u00e1n\u00ed biatlonov\u00e9 velmoci.<\/p>\n<p class=\"b_bE\">Z v\u00fd\u0161e popsan\u00fdch d\u016fvod\u016f se rozhodla p\u0159ipravovat se na nadch\u00e1zej\u00edc\u00ed sezonu individu\u00e1ln\u011b a\u00a0k reprezentaci se p\u0159ipojit a\u017e na listopadov\u00e9m kempu. Dosud praktikovala model, kdy se p\u0159ipravovala pod veden\u00edm man\u017eela Juliena Boucheta a\u00a0st\u0159eleck\u00e9 tr\u00e9ninky absolvovala pod veden\u00edm reprezenta\u010dn\u00edch kou\u010d\u016f. S\u00a0t\u00edm u\u017e je ale konec.<\/p>\n<p class=\"b_bE\">\u201ePo\u0159\u00e1d jsem sed\u011bla jedn\u00edm zadkem na dvou \u017eidl\u00edch. Nikdy jsem nem\u011bla pocit, \u017ee jsem skute\u010dn\u011b sou\u010d\u00e1st\u00ed n\u011bjak\u00e9 skupiny, proto\u017ee jsem fungovala dvoj\u00edm zp\u016fsobem. Pro m\u011b samotnou to za\u010d\u00ednalo b\u00fdt nep\u0159\u00edjemn\u00e9 a\u00a0svazuj\u00edc\u00ed. Nav\u00edc st\u0159elba mi p\u0159estala fungovat,\u201c dodala k\u00a0vysv\u011btlen\u00ed sv\u00e9ho radik\u00e1ln\u00edho kroku.<\/p>\n<p><a data-dot=\"atm-link\" target=\"_self\" href=\"https:\/\/www.sport.cz\/clanek\/zimni-sporty-biatlon-zlomenina-biatlonovy-sampion-drsne-narazil-a-celi-ultimatu-5475784\" class=\"b_V g_ij\" rel=\"nofollow noopener\"><img height=\"2730\" width=\"3641\" src=\"https:\/\/www.europesays.com\/cz\/wp-content\/uploads\/2026\/06\/1781529134_61_jaquelin.jpeg\" loading=\"eager\" decoding=\"sync\" class=\"b_B b_z\"\/><\/a><\/p>\n","protected":false},"excerpt":{"rendered":"Jak zn\u00e1mo, Braisazovou-Bouchetovou okradla p\u0159ed \u010dty\u0159mi roky hv\u011bzdn\u00e1 kolegyn\u011b Julia Simonov\u00e1 o\u00a0pen\u00edze z\u00a0kreditn\u00ed karty. Vinu dlouho pop\u00edrala, nakonec&hellip;\n","protected":false},"author":2,"featured_media":118570,"comment_status":"","ping_status":"","sticky":false,"template":"","format":"standard","meta":{"footnotes":"","_share_on_mastodon":"0"},"categories":[15],"tags":[1109,4939,94,93],"class_list":["post-118569","post","type-post","status-publish","format-standard","has-post-thumbnail","category-sport","tag-biatlon","tag-julie-simonova","tag-sport","tag-sports"],"share_on_mastodon":{"url":"https:\/\/pubeurope.com\/@cz\/116754300813369278","error":""},"_links":{"self":[{"href":"https:\/\/www.europesays.com\/cz\/wp-json\/wp\/v2\/posts\/118569","targetHints":{"allow":["GET"]}}],"collection":[{"href":"https:\/\/www.europesays.com\/cz\/wp-json\/wp\/v2\/posts"}],"about":[{"href":"https:\/\/www.europesays.com\/cz\/wp-json\/wp\/v2\/types\/post"}],"author":[{"embeddable":true,"href":"https:\/\/www.europesays.com\/cz\/wp-json\/wp\/v2\/users\/2"}],"replies":[{"embeddable":true,"href":"https:\/\/www.europesays.com\/cz\/wp-json\/wp\/v2\/comments?post=118569"}],"version-history":[{"count":0,"href":"https:\/\/www.europesays.com\/cz\/wp-json\/wp\/v2\/posts\/118569\/revisions"}],"wp:featuredmedia":[{"embeddable":true,"href":"https:\/\/www.europesays.com\/cz\/wp-json\/wp\/v2\/media\/118570"}],"wp:attachment":[{"href":"https:\/\/www.europesays.com\/cz\/wp-json\/wp\/v2\/media?parent=118569"}],"wp:term":[{"taxonomy":"category","embeddable":true,"href":"https:\/\/www.europesays.com\/cz\/wp-json\/wp\/v2\/categories?post=118569"},{"taxonomy":"post_tag","embeddable":true,"href":"https:\/\/www.europesays.com\/cz\/wp-json\/wp\/v2\/tags?post=118569"}],"curies":[{"name":"wp","href":"https:\/\/api.w.org\/{rel}","templated":true}]}}