{"id":119205,"date":"2026-06-16T05:50:12","date_gmt":"2026-06-16T05:50:12","guid":{"rendered":"https:\/\/www.europesays.com\/cz\/119205\/"},"modified":"2026-06-16T05:50:12","modified_gmt":"2026-06-16T05:50:12","slug":"ms-fotbal-nejsem-model-kouc-uruguaye-vypenil-na-dotaz-novinaru","status":"publish","type":"post","link":"https:\/\/www.europesays.com\/cz\/119205\/","title":{"rendered":"MS fotbal | Nejsem model! Kou\u010d Uruguaye vyp\u011bnil na dotaz novin\u00e1\u0159\u016f"},"content":{"rendered":"<p class=\"b_bE\">Je\u0161t\u011b ne\u017e Uruguay, kter\u00e1 pat\u0159\u00ed tradi\u010dn\u011b mezi \u010dern\u00e9 kon\u011b turnaje, odstartovala svou pou\u0165 mundialem, na sv\u011bteln\u00e9 tabuli stadionu v\u00a0Miami se tradi\u010dn\u011b objevovaly fotografie hr\u00e1\u010d\u016f i\u00a0tren\u00e9r\u016f.<\/p>\n<p class=\"b_bE\">N\u011bkte\u0159\u00ed se sm\u011bj\u00ed, jin\u00ed p\u0159edv\u00e1d\u011bj\u00ed nejr\u016fzn\u011bj\u0161\u00ed oslavy, a\u00a0pak je tu Bielsa. Zku\u0161en\u00fd kou\u010d jen stoj\u00ed a\u00a0up\u0159en\u011b se d\u00edv\u00e1 do zem\u011b. D\u016fvod?<\/p>\n<p lang=\"es\" dir=\"ltr\">\ud83d\udea8\ud83c\uddfa\ud83c\uddfe Marcelo Bielsa se neg\u00f3 a hacer cualquier gesto durante la sesi\u00f3n de fotos oficial de la Copa del Mundo.<\/p>\n<p>El entrenador uruguayo ha denunciado repetidamente el torneo en Estados Unidos, criticando sus excesos comerciales y pol\u00edticos. \u274c\ud83c\uddfa\ud83c\uddf8 <a href=\"https:\/\/t.co\/6PHyzC4WTb\" rel=\"nofollow\">pic.twitter.com\/6PHyzC4WTb<\/a><\/p>\n<p>\u2014 Futbol de Inglaterra (@Mercado_Ingles) <a href=\"https:\/\/x.com\/Mercado_Ingles\/status\/2066655022033601024?ref_src=twsrc%5Etfw\" rel=\"nofollow\">June 15, 2026<\/a><\/p>\n<p class=\"b_bE\">\u00dadajn\u011b m\u00e1 j\u00edt o\u00a0protest proti komercializaci fotbalu ze strany FIFA. Pr\u00e1v\u011b komer\u010dn\u00ed p\u0159est\u00e1vky, skryt\u00e9 za pauzy na pit\u00ed v\u00a0polovin\u011b prvn\u00edho i\u00a0druh\u00e9ho d\u011bjstv\u00ed z\u00e1pasu, se staly velk\u00fdm t\u00e9matem leto\u0161n\u00edho \u0161ampion\u00e1tu.<\/p>\n<p class=\"b_bE\">Nap\u0159\u00edklad v\u00a0duelu \u00cdr\u00e1nu s\u00a0Nov\u00fdm Z\u00e9landem pauza na pit\u00ed tot\u00e1ln\u011b zni\u010dila tlak celku z\u00a0Oce\u00e1nie, co\u017e trefn\u011b zaznamenala i\u00a0britsk\u00e1 televize BBC.<\/p>\n<p class=\"b_bE\">\u201eMomentum po p\u0159est\u00e1vce je tot\u00e1ln\u011b pry\u010d. \u00cdr\u00e1n se d\u00edky tomu chytil,\u201c st\u00e1lo v\u00a0online report\u00e1\u017ei.<\/p>\n<p class=\"b_bE\">Zp\u011bt ale k\u00a0Bielsovi. Kou\u010d je zn\u00e1m\u00fdm odp\u016frcem faktu, \u017ee se z\u00a0fotbalu \u010d\u00edm d\u00e1l v\u00edc st\u00e1v\u00e1 fabrika na pen\u00edze. Po rem\u00edzov\u00e9m z\u00e1pase se Sa\u00fadskou Ar\u00e1bi\u00ed se v\u0161ak k\u00a0fotografii necht\u011bl vracet v\u00a0tom stylu, \u017ee by se jednalo o\u00a0protest.<\/p>\n<p><a data-dot=\"atm-link\" target=\"_self\" href=\"https:\/\/www.sport.cz\/clanek\/fotbal-ms-narodni-hrdina-golman-saudske-arabie-deptal-uruguay-a-sklizi-chvalu-5481282\" class=\"b_V g_ij\" rel=\"nofollow noopener\"><img fetchpriority=\"high\" height=\"1659\" width=\"2212\" src=\"https:\/\/www.europesays.com\/cz\/wp-content\/uploads\/2026\/06\/1781589012_559_ab09.jpeg\" loading=\"eager\" decoding=\"sync\" class=\"b_B b_z\"\/><\/a><\/p>\n<p class=\"b_bE\">\u201eNemus\u00edm v\u00e1m nic vysv\u011btlovat. Zkr\u00e1tka m\u011b vyfotili tak, jak to ud\u011blali. Nejsem \u017e\u00e1dn\u00fd model. T\u011bm fotograf\u016fm jsem st\u00e1l \u010delem a\u00a0zkr\u00e1tka z\u00a0toho vznikl takov\u00fd obr\u00e1zek,\u201c \u010d\u00edlil se na dotazy novin\u00e1\u0159\u016f.<\/p>\n<p class=\"b_bE\">A ve sv\u00e9m na\u0161tv\u00e1n\u00ed zn\u00e1m\u00fd bou\u0159liv\u00e1k, kter\u00e9mu se p\u0159ezd\u00edv\u00e1 tak\u00e9 El Loco, co\u017e v\u00a0p\u0159ekladu znamen\u00e1 \u201e\u0160\u00edlenec\u201c, pokra\u010doval.<\/p>\n<p class=\"b_bE\">\u201eM\u00e1m sv\u00e9 limity, co mus\u00edm vysv\u011btlovat. Pro\u010d mus\u00edm obhajovat, jestli n\u011bkdo nos\u00ed br\u00fdle, d\u00edv\u00e1 se do o\u010d\u00ed nebo nahoru \u010di dol\u016f? Nem\u00e1m v\u016fbec povinnost chovat se jako model,\u201c dodal.<\/p>\n<p class=\"b_bE\">K reklamn\u00edm p\u0159est\u00e1vk\u00e1m se v\u0161ak vyjad\u0159uj\u00ed jin\u00ed. Podle kapit\u00e1na Nizozemska to ni\u010d\u00ed pocit z\u00a0fotbalu nejen pro hr\u00e1\u010de, ale i\u00a0div\u00e1ky. \u201eP\u0159eru\u0161it z\u00e1pas kv\u016fli reklam\u011b, s\u00a0t\u00edm nesouhlas\u00edm. Nen\u00ed to p\u0159\u00edjemn\u00e9 pro n\u00e1s ani televizn\u00ed div\u00e1ky. Je t\u0159eba si pauzy na pit\u00ed vyhodnotit jednotliv\u011b v\u00a0ka\u017ed\u00e9m z\u00e1pase. Je zbyte\u010dn\u00e9 je m\u00edt v\u00a0ka\u017ed\u00e9m,\u201c m\u00edn\u00ed Virgil Van Dijk.<\/p>\n<p class=\"b_bE\">By\u0165 Bielsa nep\u0159iznal, \u017ee se jednalo o\u00a0protest, je jist\u00e9, \u017ee mazan\u00e9mu argentinsk\u00e9mu li\u0161\u00e1kovi p\u0159\u00edli\u0161 modern\u00ed marketing nevon\u00ed. A\u00a0nen\u00ed se \u010demu divit, proto\u017ee pr\u00e1v\u011b \u0161ampion\u00e1t v\u00a0USA, Kanad\u011b a\u00a0Mexiku zat\u00edm ukazuje, \u017ee fotbal je \u010dasto a\u017e na druh\u00e9 koleji.<\/p>\n<p>MS ve fotbale 2026<\/p>\n<p class=\"b_bE\">T\u0159iadvac\u00e1t\u00e9 <a data-dot=\"atm-link\" target=\"_blank\" href=\"https:\/\/www.sport.cz\/sekce\/fotbal-ms-879\" class=\"b_V\" rel=\"nofollow noopener\">mistrovstv\u00ed sv\u011bta ve fotbale<\/a> se kon\u00e1 od 11.\u00a0\u010dervna do 19.\u00a0\u010dervence 2026.\u00a0Poprv\u00e9 v\u00a0historii ho host\u00ed t\u0159i zem\u011b &#8211; USA, Kanada a\u00a0Mexiko. Titul sv\u011btov\u00fdch \u0161ampion\u016f obhajuje Argentina, po 20\u00a0letech se turnaje \u00fa\u010dastn\u00ed tak\u00e9 \u010cesko.<\/p>\n<p><a data-dot=\"atm-link\" target=\"_self\" href=\"https:\/\/www.sport.cz\/clanek\/fotbal-ms-buceni-i-jasot-prvni-start-iranu-na-ms-vzbuzoval-emoce-5481354\" class=\"b_V g_ij\" rel=\"nofollow noopener\"><img height=\"1971\" width=\"2629\" src=\"https:\/\/www.europesays.com\/cz\/wp-content\/uploads\/2026\/06\/1781589012_724_dda0.jpeg\" loading=\"eager\" decoding=\"sync\" class=\"b_B b_z\"\/><\/a><script async src=\"https:\/\/platform.twitter.com\/widgets.js\" charset=\"utf-8\"><\/script><\/p>\n","protected":false},"excerpt":{"rendered":"Je\u0161t\u011b ne\u017e Uruguay, kter\u00e1 pat\u0159\u00ed tradi\u010dn\u011b mezi \u010dern\u00e9 kon\u011b turnaje, odstartovala svou pou\u0165 mundialem, na sv\u011bteln\u00e9 tabuli stadionu&hellip;\n","protected":false},"author":2,"featured_media":119206,"comment_status":"","ping_status":"","sticky":false,"template":"","format":"standard","meta":{"footnotes":"","_share_on_mastodon":"0"},"categories":[15],"tags":[856,326,33423,1275,94,93,5761],"class_list":["post-119205","post","type-post","status-publish","format-standard","has-post-thumbnail","category-sport","tag-argentina","tag-fotbal","tag-marcelo-bielsa","tag-mistrovstvi-sveta-ve-fotbale","tag-sport","tag-sports","tag-uruguay"],"share_on_mastodon":{"url":"https:\/\/pubeurope.com\/@cz\/116758224891176188","error":""},"_links":{"self":[{"href":"https:\/\/www.europesays.com\/cz\/wp-json\/wp\/v2\/posts\/119205","targetHints":{"allow":["GET"]}}],"collection":[{"href":"https:\/\/www.europesays.com\/cz\/wp-json\/wp\/v2\/posts"}],"about":[{"href":"https:\/\/www.europesays.com\/cz\/wp-json\/wp\/v2\/types\/post"}],"author":[{"embeddable":true,"href":"https:\/\/www.europesays.com\/cz\/wp-json\/wp\/v2\/users\/2"}],"replies":[{"embeddable":true,"href":"https:\/\/www.europesays.com\/cz\/wp-json\/wp\/v2\/comments?post=119205"}],"version-history":[{"count":0,"href":"https:\/\/www.europesays.com\/cz\/wp-json\/wp\/v2\/posts\/119205\/revisions"}],"wp:featuredmedia":[{"embeddable":true,"href":"https:\/\/www.europesays.com\/cz\/wp-json\/wp\/v2\/media\/119206"}],"wp:attachment":[{"href":"https:\/\/www.europesays.com\/cz\/wp-json\/wp\/v2\/media?parent=119205"}],"wp:term":[{"taxonomy":"category","embeddable":true,"href":"https:\/\/www.europesays.com\/cz\/wp-json\/wp\/v2\/categories?post=119205"},{"taxonomy":"post_tag","embeddable":true,"href":"https:\/\/www.europesays.com\/cz\/wp-json\/wp\/v2\/tags?post=119205"}],"curies":[{"name":"wp","href":"https:\/\/api.w.org\/{rel}","templated":true}]}}