{"id":119338,"date":"2026-06-16T08:28:16","date_gmt":"2026-06-16T08:28:16","guid":{"rendered":"https:\/\/www.europesays.com\/cz\/119338\/"},"modified":"2026-06-16T08:28:16","modified_gmt":"2026-06-16T08:28:16","slug":"dozvuky-kauzy-kfc-podle-sefky-retezce-byvali-zamestnanci-lhali-tuna-jim-poslal-pekne-peprny-vzkaz-expres-cz","status":"publish","type":"post","link":"https:\/\/www.europesays.com\/cz\/119338\/","title":{"rendered":"Dozvuky kauzy KFC: Podle \u0161\u00e9fky \u0159et\u011bzce b\u00fdval\u00ed zam\u011bstnanci lhali, Tuna jim poslal p\u011bkn\u011b peprn\u00fd vzkaz &#8211; Expres.cz"},"content":{"rendered":"<p><a href=\"https:\/\/news.google.com\/rss\/articles\/CBMi2wFBVV95cUxOTXZrNVZDVTNWZWNsQ0VDNThUT01sem5yWjUzQWJYS3hab0pqOFhBb2hzd1pUX1NhT3ZKbU5sVkpKaUlpX1RpeXJGZEc3Ykl6SG1fTmhMVVNFVFFPcldLdFNaamp1Mzk4UDlmeUZoeGtzSUZyUkpQZURmd25aTnJNTVlXNDBYTEZ3NDNWT1ZDaWppdE44VEZTWkxnWHVfVW96a1haSE9tOGJCVTI1TlhnUkJWNjhtYzhTdjRoUzl2VzBNRFVQc05Tbnd2bjJwaDluaGtGVkR6OURVdWs?oc=5\" target=\"_blank\" rel=\"nofollow noopener\">Dozvuky kauzy KFC: Podle \u0161\u00e9fky \u0159et\u011bzce b\u00fdval\u00ed zam\u011bstnanci lhali, Tuna jim poslal p\u011bkn\u011b peprn\u00fd vzkaz<\/a>&nbsp;&nbsp;Expres.cz<a href=\"https:\/\/news.google.com\/rss\/articles\/CBMisAFBVV95cUxNWVFHYXdwTDdDTVFPM09RX2Q5MHY1SFBBSG1xQXVQN1p4SFRYeEdyc0xlZEZzRVVjRTg1SERCd0JmbDJ3ZV9nb0VFRzFwbjJLSlJFeFMtTi1HazJSZEdWd0RHWG1BT2tmNEljTVJTcHF1Z3U4Wm12WEFjdm9wc2lHcEJNbXpPRWtFWlpVQ0xWRXh6QWQ4Skt0Uzh1aXlyblc3WnpOTUFvYU9Ua0UxUDRlQg?oc=5\" target=\"_blank\" rel=\"nofollow noopener\">\u010cerstv\u00e9 maso i zelenina do\u0161ly, ozn\u00e1milo KFC v \u010cesku a zav\u0159elo n\u011bkter\u00e9 pobo\u010dky<\/a>&nbsp;&nbsp;iDNES.cz<a href=\"https:\/\/news.google.com\/rss\/articles\/CBMiiwFBVV95cUxQVFdHOFdaUHpKdGZrWW9JQ2l4bzEyQlVGdnVsWmt3cUk2TngtZEtfZFpoVlUybjlINUE2eTNXVXNPMGJkc3dMWWFLQnhvZWpxWG5vLUNDUzI2MHhSdVN4aWo5T0RHeWhldDEwUlV5a3RTZ0ZIaU13d2txZlpHYzJqOHBwQzYxem9KNVpZ?oc=5\" target=\"_blank\" rel=\"nofollow noopener\">KFC spustilo p\u011btidenn\u00ed 50% slevovou akci na celou objedn\u00e1vku<\/a>&nbsp;&nbsp;MediaGuru<a href=\"https:\/\/news.google.com\/rss\/articles\/CBMitgFBVV95cUxOeEJ4ckZ2RGRjWFNJb1k5cEQ5NVVnNmJYQXlOXzl2T09aVWdmcTZNYzh0RmQ4bjRSUlkxdWpxdVc0eWZnc0F4azk3dWpqM3plYm1NMmlDRkpPQnRHczJWS1dlRWFjV21fT2xUMVpoV18zeVBiNnd0YnVGRVFWMjRBY3F0V0xVUnpicjJyd19PZC1iUVNCTWlIdER5YkxKMEZ2VTB3NDVoLTZqakpLX0NmdXpqcUpmZw?oc=5\" target=\"_blank\" rel=\"nofollow noopener\">KFC m\u00e1 brut\u00e1ln\u00ed slevu 50 %: Jen do ned\u011ble a se speci\u00e1ln\u00edm k\u00f3dem. V\u011b\u0159\u00ed, \u017ee t\u00fdden u\u017e na z\u00e1chod\u011b nestr\u00e1v\u00edme<\/a>&nbsp;&nbsp;arecenze<a href=\"https:\/\/news.google.com\/rss\/articles\/CBMi4AFBVV95cUxPejk0MEhxY3RNYzAzc3FNeC1DYVFxc0w5MEtLRENVODJ1cWFyNVVrS253ZnBqR0FPak12UUY3YjdDQWpIOHl4MGRIa3B2TDc4S05KcjdpdVdobjNPaFFVUlhYMmtXM1I3WnIzQkVvM1MtMW1mSFhOSDlSeG50MFdvczl4UEladl9wRVotMEdQdC0zYmlpZHZSMm96Yi12NWxTMGt3cjhpSk9FLUZWa2pSbzdxTndvQjRHZUd4RTJSQ0FRdF9VVk4yb3lScXlTa3hqLTQ4OFJ4MzZ4MjFQb0NBMA?oc=5\" target=\"_blank\" rel=\"nofollow noopener\">\u0160\u00e9fka KFC na pran\u00fd\u0159i v Hr\u00e1\u010d\u00edch: Drsn\u00fd \u00fatok na vlastn\u00ed zam\u011bstnance. Neumluvili pravdu! J\u00edm to i j\u00e1<\/a>&nbsp;&nbsp;Blesk<\/p>\n","protected":false},"excerpt":{"rendered":"Dozvuky kauzy KFC: Podle \u0161\u00e9fky \u0159et\u011bzce b\u00fdval\u00ed zam\u011bstnanci lhali, Tuna jim poslal p\u011bkn\u011b peprn\u00fd vzkaz&nbsp;&nbsp;Expres.cz\u010cerstv\u00e9 maso i zelenina&hellip;\n","protected":false},"author":2,"featured_media":119339,"comment_status":"","ping_status":"","sticky":false,"template":"","format":"standard","meta":{"footnotes":"","_share_on_mastodon":"0"},"categories":[12],"tags":[67,68,4828,29381],"class_list":["post-119338","post","type-post","status-publish","format-standard","has-post-thumbnail","category-byznys","tag-business","tag-byznys","tag-jan-tuna","tag-kfc"],"share_on_mastodon":{"url":"https:\/\/pubeurope.com\/@cz\/116758846329657312","error":""},"_links":{"self":[{"href":"https:\/\/www.europesays.com\/cz\/wp-json\/wp\/v2\/posts\/119338","targetHints":{"allow":["GET"]}}],"collection":[{"href":"https:\/\/www.europesays.com\/cz\/wp-json\/wp\/v2\/posts"}],"about":[{"href":"https:\/\/www.europesays.com\/cz\/wp-json\/wp\/v2\/types\/post"}],"author":[{"embeddable":true,"href":"https:\/\/www.europesays.com\/cz\/wp-json\/wp\/v2\/users\/2"}],"replies":[{"embeddable":true,"href":"https:\/\/www.europesays.com\/cz\/wp-json\/wp\/v2\/comments?post=119338"}],"version-history":[{"count":0,"href":"https:\/\/www.europesays.com\/cz\/wp-json\/wp\/v2\/posts\/119338\/revisions"}],"wp:featuredmedia":[{"embeddable":true,"href":"https:\/\/www.europesays.com\/cz\/wp-json\/wp\/v2\/media\/119339"}],"wp:attachment":[{"href":"https:\/\/www.europesays.com\/cz\/wp-json\/wp\/v2\/media?parent=119338"}],"wp:term":[{"taxonomy":"category","embeddable":true,"href":"https:\/\/www.europesays.com\/cz\/wp-json\/wp\/v2\/categories?post=119338"},{"taxonomy":"post_tag","embeddable":true,"href":"https:\/\/www.europesays.com\/cz\/wp-json\/wp\/v2\/tags?post=119338"}],"curies":[{"name":"wp","href":"https:\/\/api.w.org\/{rel}","templated":true}]}}