{"id":119487,"date":"2026-06-16T10:40:14","date_gmt":"2026-06-16T10:40:14","guid":{"rendered":"https:\/\/www.europesays.com\/cz\/119487\/"},"modified":"2026-06-16T10:40:14","modified_gmt":"2026-06-16T10:40:14","slug":"praha-2-obhajila-titul-nejprivetivejsi-radnice-v-metropoli","status":"publish","type":"post","link":"https:\/\/www.europesays.com\/cz\/119487\/","title":{"rendered":"Praha 2 obh\u00e1jila titul nejp\u0159\u00edv\u011btiv\u011bj\u0161\u00ed radnice v metropoli"},"content":{"rendered":"<p>              P\u0159edchoz\u00ed \u010dl\u00e1nky<\/p>\n<p>                  <a href=\" https:\/\/www.nasepraha.cz\/david-vodrazka-proc-se-na-praze-13-zije-dobre-a-proc-je-to-pro-me-zavazek\/\" class=\"article__next_and_prev__link\">David Vodr\u00e1\u017eka: Pro\u010d se na Praze 13 \u017eije dob\u0159e \u2014 a pro\u010d je to pro m\u011b z\u00e1vazek<\/a><\/p>\n<p class=\"article__next_and_prev__desc\">Kdy\u017e jsme p\u0159ed dv\u011bma m\u011bs\u00edci dokon\u010dili rozs\u00e1hl\u00fd pr\u016fzkum mezi tis\u00edcovkou obyvatel Prahy 13, pot\u011b\u0161il m\u011b jeden z\u00e1sadn\u00ed \u00fadaj: 89 procent lid\u00ed je spokojeno se \u017eivotem v na\u0161\u00ed m\u011bstsk\u00e9 \u010d\u00e1sti. To je v\u00fdsledek, k&#8230;<\/p>\n<p>                  <a href=\" https:\/\/www.nasepraha.cz\/dustojne-prostredi-v-domovech-pro-seniory-ma-sva-pravidla-podivejte-se\/\" class=\"article__next_and_prev__link\">D\u016fstojn\u00e9 prost\u0159ed\u00ed v domovech pro seniory m\u00e1 sv\u00e1 pravidla. Pod\u00edvejte se<\/a><\/p>\n<p class=\"article__next_and_prev__desc\">Pra\u017esk\u00fd Domov Sulick\u00e1 p\u0159ipravil instrukt\u00e1\u017en\u00ed videa, kter\u00e1 jednoduchou formou nastavuj\u00ed standard kvality pobytov\u00fdch soci\u00e1ln\u00edch slu\u017eeb pro seniory. Z\u00e1sady, podle kter\u00fdch m\u00e1 odborn\u00fd person\u00e1l postupovat, &#8230;<\/p>\n<p>                  <a href=\" https:\/\/www.nasepraha.cz\/leto-v-praze-2-bude-opet-pestre-a-roztancene\/\" class=\"article__next_and_prev__link\">L\u00e9to v Praze 2 bude op\u011bt pestr\u00e9 a roztan\u010den\u00e9<\/a><\/p>\n<p class=\"article__next_and_prev__desc\">Hudbu, tanec, letn\u00ed projekce v parc\u00edch a nov\u011b i lekce j\u00f3gy, to v\u0161e pro sv\u00e9 ob\u010dany p\u0159ipravila b\u011bhem nadch\u00e1zej\u00edc\u00edch m\u011bs\u00edc\u016f radnice Prahy 2. Na sv\u00e9 si tak p\u0159ijdou milovn\u00edci r\u016fzn\u00fdch hudebn\u00edch \u017e\u00e1nr\u016f, tane\u010d&#8230;<\/p>\n<p>                  <a href=\" https:\/\/www.nasepraha.cz\/jana-markova-neuverite-co-vsechno-se-platilo-z-uradu-vlady\/\" class=\"article__next_and_prev__link\">Jana Markov\u00e1: Neuv\u011b\u0159\u00edte, co v\u0161echno se platilo z \u00da\u0159adu vl\u00e1dy<\/a><\/p>\n<p class=\"article__next_and_prev__desc\">U\u017e jsem o tom n\u011bkolikr\u00e1t psala, jak moc byl prov\u00e1zan\u00fd neziskov\u00fd byznys s radami ve vl\u00e1d\u011b. Ale kdyby \u0161lo \u201ejen\u201c o ty pen\u00edze, bylo by to asi je\u0161t\u011b snesiteln\u00e9. Ale oni za ty pen\u00edze indoktrinovali na\u0161e d\u011bt&#8230;<\/p>\n<p>                  <a href=\" https:\/\/www.nasepraha.cz\/kde-v-praze-nepotece-voda-5\/\" class=\"article__next_and_prev__link\">Kde v Praze nepote\u010de voda<\/a><\/p>\n<p class=\"article__next_and_prev__desc\">Pra\u017esk\u00e9 \u010dtvrti \u010dekaj\u00ed pl\u00e1novan\u00e9 v\u00fdluky vody. P\u0159in\u00e1\u0161\u00edme kompletn\u00ed p\u0159ehled podle jednotliv\u00fdch lokalit a p\u0159esn\u00fdch term\u00edn\u016f.<\/p>\n<p>                  <a href=\" https:\/\/www.nasepraha.cz\/jiri-fort-situace-na-andelu-se-zhorsuje-praha-musi-prestat-prehlizet-realitu\/\" class=\"article__next_and_prev__link\">JI\u0158\u00cd FO\u0158T: Situace na And\u011blu se zhor\u0161uje. Praha mus\u00ed p\u0159estat p\u0159ehl\u00ed\u017eet realitu<\/a><\/p>\n<p class=\"article__next_and_prev__desc\">Kdy\u017e vystoup\u00edm na And\u011blu z tramvaje nebo z metra, m\u00e1m v posledn\u00edch m\u011bs\u00edc\u00edch st\u00e1le stejn\u00fd pocit: n\u011bco se zm\u011bnilo. A ne k lep\u0161\u00edmu. <\/p>\n<p>                  <a href=\" https:\/\/www.nasepraha.cz\/spotakova-pokrtila-novy-atleticky-areal-na-praze-13\/\" class=\"article__next_and_prev__link\">\u0160pot\u00e1kov\u00e1 pok\u0159tila nov\u00fd atletick\u00fd are\u00e1l na Praze 13<\/a><\/p>\n<p class=\"article__next_and_prev__desc\">Na Velk\u00e9 Ohrad\u011b vzniklo modern\u00ed sportovi\u0161t\u011b pro \u0161koly, kluby i ve\u0159ejnost. Rekonstrukce p\u0159inesla nov\u00fd ov\u00e1l i sektory pro vrha\u010dsk\u00e9 discipl\u00edny.<\/p>\n<p>                  <a href=\" https:\/\/www.nasepraha.cz\/muz-s-nozem-ohrozoval-lidi-na-andelu-policie-zasahla-taserem\/\" class=\"article__next_and_prev__link\">Mu\u017e s no\u017eem ohro\u017eoval lidi na And\u011blu. Policie zas\u00e1hla taserem<\/a><\/p>\n<p class=\"article__next_and_prev__desc\">Policist\u00e9 v Praze 5 zadr\u017eeli agresivn\u00edho mu\u017ee, kter\u00fd u OC Sm\u00edchov dr\u017eel v ruce n\u016f\u017e a odm\u00edtal uposlechnout v\u00fdzev. Test na drogy pozd\u011bji uk\u00e1zal pervitin i kokain.<\/p>\n<p>                  <a href=\" https:\/\/www.nasepraha.cz\/pres-tisic-zadrzenych-dealeru-prazsti-kriminaliste-meni-tvar-centra-mesta\/\" class=\"article__next_and_prev__link\">P\u0159es tis\u00edc zadr\u017een\u00fdch dealer\u016f. Pra\u017e\u0161t\u00ed kriminalist\u00e9 m\u011bn\u00ed tv\u00e1\u0159 centra m\u011bsta<\/a><\/p>\n<p class=\"article__next_and_prev__desc\">Kriminalist\u00e9 z 11. odd\u011blen\u00ed Prahy I pat\u0159\u00ed k nej\u00fasp\u011b\u0161n\u011bj\u0161\u00edm t\u00fdm\u016fm v boji proti pouli\u010dn\u00ed drogov\u00e9 kriminalit\u011b. <\/p>\n<p>                  <a href=\" https:\/\/www.nasepraha.cz\/den-otevrenych-dveri-v-archivu-hlavniho-mesta-prahy\/\" class=\"article__next_and_prev__link\">Den otev\u0159en\u00fdch dve\u0159\u00ed v Archivu hlavn\u00edho m\u011bsta Prahy<\/a><\/p>\n<p class=\"article__next_and_prev__desc\">V sobotu 13. \u010dervna (9.00 \u2013 17.00 h.) po\u0159\u00e1d\u00e1 Archiv hl. m. Prahy na Chodovci Den otev\u0159en\u00fdch dve\u0159\u00ed. <\/p>\n<p>                  <a href=\" https:\/\/www.nasepraha.cz\/detsky-cin-roku-pribehy-malych-hrdinu-ktere-dojaly-prahu\/\" class=\"article__next_and_prev__link\">D\u011btsk\u00fd \u010din roku: P\u0159\u00edb\u011bhy mal\u00fdch hrdin\u016f, kter\u00e9 dojaly Prahu<\/a><\/p>\n<p class=\"article__next_and_prev__desc\">Bro\u017e\u00edkovu s\u00ed\u0148 Starom\u011bstsk\u00e9 radnice zaplnily p\u0159\u00edb\u011bhy d\u011bt\u00ed, kter\u00e9 dok\u00e1zaly pomoci v prav\u00fd \u010das, zm\u011bnit \u017eivot druh\u00fdm nebo inspirovat sv\u00e9 okol\u00ed. B\u011bhem slavnostn\u00edho vyhl\u00e1\u0161en\u00ed D\u011btsk\u00e9ho \u010dinu roku 2025\/2026 by&#8230;<\/p>\n<p>                  <a href=\" https:\/\/www.nasepraha.cz\/archiv-bezpecnostnich-slozek-zve-na-specialni-vecerni-exkurze\/\" class=\"article__next_and_prev__link\">Archiv bezpe\u010dnostn\u00edch slo\u017eek zve na speci\u00e1ln\u00ed ve\u010dern\u00ed exkurze<\/a><\/p>\n<p class=\"article__next_and_prev__desc\">Archiv bezpe\u010dnostn\u00edch slo\u017eek p\u0159ipravil u p\u0159\u00edle\u017eitosti Mezin\u00e1rodn\u00edho dne archiv\u016f dv\u011b mimo\u0159\u00e1dn\u00e9 ve\u010dern\u00ed exkurze do sv\u00e9ho pracovi\u0161t\u011b v Bran\u00edku. &#13;<br \/>\n&#13;\n<\/p>\n<p>                  <a href=\" https:\/\/www.nasepraha.cz\/jana-markova-petr-macinka-zarizl-dalsi-politicko-parazitickou-neziskovku-bravo\/\" class=\"article__next_and_prev__link\">Jana Markov\u00e1: Petr Macinka za\u0159\u00edzl dal\u0161\u00ed &#8222;politicko-parazitickou&#8220; neziskovku. Bravo!<\/a><\/p>\n<p class=\"article__next_and_prev__desc\">Jedn\u00e1 se o takzvanou Asociaci pro mezin\u00e1rodn\u00ed ot\u00e1zky AMO, kter\u00e1 pr\u00fd hl\u00edd\u00e1 za pen\u00edze \u010desk\u00e9 zahrani\u010dn\u00ed politiky \u010deskou zahrani\u010dn\u00ed politiku.  To nevymysl\u00ed\u0161. Jen\u017ee \u00fasm\u011bvn\u00e9 je to jen do doby, ne\u017e zjist\u00edme,&#8230;<\/p>\n<p>                  <a href=\" https:\/\/www.nasepraha.cz\/petr-lachnit-piratsky-plan-danit-regulovat-trestat\/\" class=\"article__next_and_prev__link\">Petr Lachnit: Pir\u00e1tsk\u00fd pl\u00e1n: danit, regulovat, trestat<\/a><\/p>\n<p class=\"article__next_and_prev__desc\">Jednou z definic \u0161\u00edlenstv\u00ed je d\u011blat to stejn\u00e9 znovu a znovu a o\u010dek\u00e1vat jin\u00fd v\u00fdsledek. Tento cit\u00e1t Alberta Einsteina se mi okam\u017eit\u011b p\u0159ipomn\u011bl pot\u00e9, co Pir\u00e1ti p\u0159edstavili svoji kandid\u00e1tku na pra\u017eskou pr&#8230;<\/p>\n<p>                  <a href=\" https:\/\/www.nasepraha.cz\/prijdte-zitra-na-beneficni-koncert-armady-spasy\/\" class=\"article__next_and_prev__link\">P\u0159ij\u010fte z\u00edtra na benefi\u010dn\u00ed koncert Arm\u00e1dy sp\u00e1sy<\/a><\/p>\n<p class=\"article__next_and_prev__desc\">Arm\u00e1da sp\u00e1sy zve ve\u0159ejnost na benefi\u010dn\u00ed koncert Hudba pom\u00e1h\u00e1, kter\u00fd se uskute\u010dn\u00ed v \u00fater\u00fd 9. \u010dervna od 18.00 hodin v prostoru T\u0159in\u00e1ctka \u2013 C\u00edrkev bratrsk\u00e1 v Praze 13 a K\u0159es\u0165ansk\u00e9 centrum Luka (Muka\u0159ovsk&#8230;<\/p>\n<p>                  <a href=\" https:\/\/www.nasepraha.cz\/ridic-cerneho-suv-po-nehode-ujel-policie-hleda-svedky-i-zaznamy-z-kamer\/\" class=\"article__next_and_prev__link\">\u0158idi\u010d \u010dern\u00e9ho SUV po nehod\u011b ujel. Policie hled\u00e1 sv\u011bdky i z\u00e1znamy z kamer<\/a><\/p>\n<p class=\"article__next_and_prev__desc\">Policist\u00e9 z Prahy 20 vy\u0161et\u0159uj\u00ed dopravn\u00ed nehodu, p\u0159i n\u00ed\u017e byl zran\u011bn cyklista. Nezn\u00e1m\u00fd \u0159idi\u010d \u010dern\u00e9ho SUV mu podle dosavadn\u00edch zji\u0161t\u011bn\u00ed nedal p\u0159ednost, cyklista havaroval a utrp\u011bl zlomeninu ruky. \u0158idi\u010d z&#8230;<\/p>\n<p>                  <a href=\" https:\/\/www.nasepraha.cz\/praha-13-otevrela-moderni-hriste-pro-deti-i-verejnost\/\" class=\"article__next_and_prev__link\">Praha 13 otev\u0159ela modern\u00ed h\u0159i\u0161t\u011b pro d\u011bti i ve\u0159ejnost<\/a><\/p>\n<p class=\"article__next_and_prev__desc\">M\u011bstsk\u00e1 \u010d\u00e1st Praha 13 slavnostn\u011b uvedla do provozu zrekonstruovan\u00e9 sportovn\u00ed h\u0159i\u0161t\u011b v ulici Bellu\u0161ova. Otev\u0159en\u00ed prob\u011bhlo za \u00fa\u010dasti d\u011bt\u00ed z Fakultn\u00ed z\u00e1kladn\u00ed \u0161koly Tr\u00e1vn\u00ed\u010dkova a z\u00e1stupc\u016f radnice. Modern&#8230;<\/p>\n<p>                  <a href=\" https:\/\/www.nasepraha.cz\/virtualni-raketa-v-centru-prahy-spacebuzz-nabidne-let-kolem-zeme\/\" class=\"article__next_and_prev__link\">Virtu\u00e1ln\u00ed raketa v centru Prahy: SpaceBuzz nab\u00eddne let kolem Zem\u011b<\/a><\/p>\n<p class=\"article__next_and_prev__desc\">Mari\u00e1nsk\u00e9 n\u00e1m\u011bst\u00ed se na dva \u010dervnov\u00e9 dny prom\u011bn\u00ed v m\u00edsto, kde si n\u00e1v\u0161t\u011bvn\u00edci vyzkou\u0161ej\u00ed, jak\u00e9 je to vzl\u00e9tnout k Zemi z pohledu astronaut\u016f. Do Prahy m\u00ed\u0159\u00ed unik\u00e1tn\u00ed vzd\u011bl\u00e1vac\u00ed projekt, kter\u00fd propojuje mo&#8230;<\/p>\n<p>                  <a href=\" https:\/\/www.nasepraha.cz\/jiri-fort-metropolitni-plan-se-sice-schvalil-ale-bez-reseni-dopravy-a-parkovani-praha-narazi\/\" class=\"article__next_and_prev__link\">Ji\u0159\u00ed Fo\u0159t: Metropolitn\u00ed pl\u00e1n se sice schv\u00e1lil. Ale bez \u0159e\u0161en\u00ed dopravy a parkov\u00e1n\u00ed Praha naraz\u00ed<\/a><\/p>\n<p class=\"article__next_and_prev__desc\">Metropolitn\u00ed pl\u00e1n Prahy je po letech debat schv\u00e1len\u00fd. Dokument, kter\u00fd m\u00e1 ovlivnit podobu m\u011bsta na des\u00edtky let dop\u0159edu, kone\u010dn\u011b pro\u0161el hlasov\u00e1n\u00edm. Jen\u017ee t\u00edm rozhodn\u011b nic nekon\u010d\u00ed. Naopak \u2014 te\u010f za\u010d\u00edn\u00e1 ta&#8230;<\/p>\n<p>                  <a href=\" https:\/\/www.nasepraha.cz\/praha-8-otevrela-nove-byty-pro-maminky-v-nouzi\/\" class=\"article__next_and_prev__link\">Praha 8 otev\u0159ela nov\u00e9 byty pro maminky v nouzi<\/a><\/p>\n<p class=\"article__next_and_prev__desc\">V Bohnic\u00edch vznikly \u010dty\u0159i nov\u00e9 byty pro maminky s d\u011btmi, kter\u00e9 se ocitly v t\u011b\u017ek\u00e9 \u017eivotn\u00ed situaci. M\u011bstsk\u00e1 \u010d\u00e1st Praha 8 dokon\u010dila p\u0159\u00edstavbu v are\u00e1lu Kolpingova domu a roz\u0161\u00ed\u0159ila tak kapacitu azylov\u00e9ho b&#8230;<\/p>\n<p>                  <a href=\" https:\/\/www.nasepraha.cz\/prvni-tresne-v-praze-vystava-vzacnych-odrud-v-michli\/\" class=\"article__next_and_prev__link\">Prvn\u00ed t\u0159e\u0161n\u011b v Praze: v\u00fdstava vz\u00e1cn\u00fdch odr\u016fd v Michli<\/a><\/p>\n<p class=\"article__next_and_prev__desc\">Prvn\u00ed ovoce roku dorazilo do Prahy. D\u016fm ochr\u00e1nc\u016f p\u0159\u00edrody v Michli otev\u0159e t\u0159\u00eddenn\u00ed v\u00fdstavu t\u0159e\u0161n\u00ed, kde n\u00e1v\u0161t\u011bvn\u00edci ochutnaj\u00ed vz\u00e1cn\u00e9 odr\u016fdy, poslechnou si odborn\u00edky a zjist\u00ed, jak se rod\u00ed tradi\u010dn\u00ed \u010desk\u00e9 &#8230;<\/p>\n<p>                  <a href=\" https:\/\/www.nasepraha.cz\/identifikuji-se-jako-trolejbus-kritika-roste-a-nove-vozy-stoji\/\" class=\"article__next_and_prev__link\">\u201eIdentifikuji se jako trolejbus\u201c. Kritika roste a nov\u00e9 vozy stoj\u00ed<\/a><\/p>\n<p class=\"article__next_and_prev__desc\">Reklamn\u00ed slogan Dopravn\u00edho podniku vyvolal kritiku a otev\u0159el citliv\u00e9 t\u00e9ma. Do debaty vstoupil i zastupitel Ond\u0159ej Prokop (ANO), kter\u00fd upozor\u0148uje, \u017ee kontroverze p\u0159ich\u00e1z\u00ed ve chv\u00edli, kdy m\u00e1 Praha vysv\u011bt&#8230;<\/p>\n<p>                  <a href=\" https:\/\/www.nasepraha.cz\/ods-na-praze-5-zahajila-kampan-herold-mluvi-o-bezpecnosti-doprave-i-skolach\/\" class=\"article__next_and_prev__link\">ODS na Praze 5 zah\u00e1jila kampa\u0148. Herold mluv\u00ed o bezpe\u010dnosti, doprav\u011b i \u0161kol\u00e1ch<\/a><\/p>\n<p class=\"article__next_and_prev__desc\">ODS na Praze 5 vstupuje do p\u0159edvolebn\u00edho obdob\u00ed s kandid\u00e1tkou, kter\u00e1 kombinuje zku\u0161en\u00e9 tv\u00e1\u0159e s novou energi\u00ed. T\u00fdm veden\u00fd starostou Luk\u00e1\u0161em Heroldem p\u0159edstavil priority v oblasti bezpe\u010dnosti, dopravy, &#8230;<\/p>\n<p>                  <a href=\" https:\/\/www.nasepraha.cz\/prokop-mesto-brzdi-vystavbu-dostupnych-bytu\/\" class=\"article__next_and_prev__link\">Prokop: M\u011bsto brzd\u00ed v\u00fdstavbu dostupn\u00fdch byt\u016f<\/a><\/p>\n<p class=\"article__next_and_prev__desc\">Praha pat\u0159\u00ed mezi m\u011bsta s nejh\u016f\u0159e dostupn\u00fdm bydlen\u00edm v cel\u00e9 Evrop\u011b. Na pr\u016fm\u011brn\u00fd byt je dnes pot\u0159eba 14 a\u017e 15 ro\u010dn\u00edch hrub\u00fdch mezd. Mlad\u00e9 rodiny kv\u016fli cen\u00e1m odch\u00e1zej\u00ed za hranice m\u011bsta a dostupn\u00e9 n\u00e1jemn\u00ed&#8230;<\/p>\n<p>                  <a href=\" https:\/\/www.nasepraha.cz\/david-vodrazka-proc-lide-chteji-zit-v-bezpecne-ctvrti\/\" class=\"article__next_and_prev__link\">David Vodr\u00e1\u017eka: Pro\u010d lid\u00e9 cht\u011bj\u00ed \u017e\u00edt v bezpe\u010dn\u00e9 \u010dtvrti<\/a><\/p>\n<p class=\"article__next_and_prev__desc\">Bezpe\u010d\u00ed je pro v\u011bt\u0161inu z n\u00e1s \u00fapln\u011b z\u00e1kladn\u00ed v\u011bc. A ka\u017ed\u00fd si pod n\u00edm p\u0159edstav\u00ed n\u011bco trochu jin\u00e9ho. <\/p>\n<p>                  <a href=\" https:\/\/www.nasepraha.cz\/zvireci-zachranka-v-praze-sezona-mladat-prinasi-stovky-volani-denne\/\" class=\"article__next_and_prev__link\">Zv\u00ed\u0159ec\u00ed z\u00e1chranka v Praze: sezona ml\u00e1\u010fat p\u0159in\u00e1\u0161\u00ed stovky vol\u00e1n\u00ed denn\u011b<\/a><\/p>\n<p class=\"article__next_and_prev__desc\">Pta\u010d\u00ed ml\u00e1\u010fata vypadl\u00e1 z hn\u00edzda, kachny uv\u011bzn\u011bn\u00e9 ve vnitrobloc\u00edch, s\u00fdkory v ohro\u017een\u00ed, straky bez rodi\u010d\u016f. Pra\u017esk\u00e1 zv\u00ed\u0159ec\u00ed z\u00e1chranka za\u017e\u00edv\u00e1 v posledn\u00edch t\u00fddnech vrchol sezony. Dispe\u010de\u0159i mus\u00ed b\u011bhem minut &#8230;<\/p>\n<p>                  <a href=\" https:\/\/www.nasepraha.cz\/mestska-cast-praha-5-financne-podpori-nadeji\/\" class=\"article__next_and_prev__link\">M\u011bstsk\u00e1 \u010d\u00e1st Praha 5 finan\u010dn\u011b podpo\u0159\u00ed Nad\u011bji<\/a><\/p>\n<p class=\"article__next_and_prev__desc\">Praha 5 poskytne charitativn\u00ed organizaci Nad\u011bje, kter\u00e1 pom\u00e1h\u00e1 pot\u0159ebn\u00fdm, finan\u010dn\u00ed dar ve v\u00fd\u0161i 262 tis\u00edc korun na zaji\u0161t\u011bn\u00ed mobiln\u00ed jednotky a ter\u00e9nn\u00edho programu v ohro\u017een\u00fdch lokalit\u00e1ch m\u011bstsk\u00e9 \u010d\u00e1sti.<\/p>\n<p>                  <a href=\" https:\/\/www.nasepraha.cz\/jan-cizek-praha-po-letech-dohadu-schvalila-novy-metropolitni-plan\/\" class=\"article__next_and_prev__link\">Jan \u010c\u00ed\u017eek: Praha po letech dohad\u016f schv\u00e1lila nov\u00fd Metropolitn\u00ed pl\u00e1n<\/a><\/p>\n<p class=\"article__next_and_prev__desc\">Kone\u010dn\u011b, cht\u011blo by se zvolat. Diskuse o zm\u011bn\u011b a schv\u00e1len\u00ed se vedou u\u017e 20 let. Oby\u010dejn\u00fd \u010dlov\u011bk asi vrcholn\u00e9 d\u00edlo IPR pod veden\u00edm architekta Romana Kouck\u00e9ho neocen\u00ed. M\u011bl by. Jsou to tis\u00edce hodin pr\u00e1ce a&#8230;<\/p>\n<p>                  <a href=\" https:\/\/www.nasepraha.cz\/smichovska-skola-navysi-kapacitu\/\" class=\"article__next_and_prev__link\">Sm\u00edchovsk\u00e1 \u0161kola nav\u00fd\u0161\u00ed kapacitu<\/a><\/p>\n<p class=\"article__next_and_prev__desc\">Radn\u00ed Prahy 5 chv\u00e1lili nav\u00fd\u0161en\u00ed kapacity z\u00e1kladn\u00ed \u0161koly U Santo\u0161ky 1\/1007 na 700 \u017e\u00e1k\u016f, a to s \u00fa\u010dinnost\u00ed od 1. z\u00e1\u0159\u00ed. \u0158editelka \u017e\u00e1dala o nav\u00fd\u0161en\u00ed o \u0161edes\u00e1t d\u011bt\u00ed, tedy ze sou\u010dasn\u00fdch 640 na 700 v souvislo&#8230;<\/p>\n<p>                  <a href=\" https:\/\/www.nasepraha.cz\/vitezslav-novak-plavani-pro-seniory-s-trenerem-muze-byt-maly-projekt-s-velkym-dopadem\/\" class=\"article__next_and_prev__link\">V\u00edt\u011bzslav Nov\u00e1k: Plav\u00e1n\u00ed pro seniory s tren\u00e9rem m\u016f\u017ee b\u00fdt mal\u00fd projekt s velk\u00fdm dopadem<\/a><\/p>\n<p class=\"article__next_and_prev__desc\">Kdy\u017e chod\u00edm plavat, \u010dasto si v\u0161\u00edm\u00e1m jedn\u00e9 v\u011bci: senio\u0159i maj\u00ed o pohyb ve vod\u011b obrovsk\u00fd z\u00e1jem. Baz\u00e9ny nejsou jen m\u00edstem pro sport, ale i pro setk\u00e1v\u00e1n\u00ed, udr\u017eov\u00e1n\u00ed kondice a dobrou n\u00e1ladu. A pr\u00e1v\u011b proto s&#8230;<\/p>\n<p>                  <a href=\" https:\/\/www.nasepraha.cz\/psi-na-desitce-prvni-rocnik-v-malesickem-parku\/\" class=\"article__next_and_prev__link\">Psi na Des\u00edtce: prvn\u00ed ro\u010dn\u00edk v Male\u0161ick\u00e9m parku<\/a><\/p>\n<p class=\"article__next_and_prev__desc\">Male\u0161ick\u00fd park letos poprv\u00e9 o\u017eije akc\u00ed Psi na Des\u00edtce. V sobotu 20. \u010dervna 2026 nab\u00eddne Praha 10 celodenn\u00ed program pro psy, jejich majitele i v\u0161echny, kdo maj\u00ed ke \u010dty\u0159noh\u00fdm par\u0165\u00e1k\u016fm bl\u00edzko.<\/p>\n<p>                  <a href=\" https:\/\/www.nasepraha.cz\/urban-praze-chybi-tisice-mist-ve-skolach\/\" class=\"article__next_and_prev__link\">Urban: Praze chyb\u00ed tis\u00edce m\u00edst ve \u0161kol\u00e1ch<\/a><\/p>\n<p class=\"article__next_and_prev__desc\">Pra\u017esk\u00e1 Agenda otev\u0159ela debatu o tom, jak hlavn\u00ed m\u011bsto zvl\u00e1d\u00e1 tlak na kapacity \u0161kol a investice do jejich rozvoje. Do diskuze v\u00fdrazn\u011b vstoupil p\u0159edseda klubu SPD na magistr\u00e1tu Milan Urban.<\/p>\n<p>                  <a href=\" https:\/\/www.nasepraha.cz\/komunitni-centrum-konirna-se-loucilo-se-skolnim-rokem\/\" class=\"article__next_and_prev__link\">Komunitn\u00ed centrum Kon\u00edrna se lou\u010dilo se \u0161koln\u00edm rokem<\/a><\/p>\n<p class=\"article__next_and_prev__desc\">V Raudnitzov\u011b dom\u011b v Hlubo\u010depech funguje komunitn\u00ed centrum Kon\u00edrna, kter\u00e9 ve st\u0159edu hostilo setk\u00e1n\u00ed \u00fa\u010dastn\u00edk\u016f kurz\u016f, lektor\u016f a dal\u0161\u00edch spolupracovn\u00edk\u016f. Se\u0161li se u p\u0159\u00edle\u017eitosti rozlou\u010den\u00ed se \u0161koln\u00edm ro&#8230;<\/p>\n<p>                  <a href=\" https:\/\/www.nasepraha.cz\/kde-nepotece-voda\/\" class=\"article__next_and_prev__link\">Kde nepote\u010de voda<\/a><\/p>\n<p class=\"article__next_and_prev__desc\">Pra\u017esk\u00e9 vodovody a kanalizace ozn\u00e1mily pl\u00e1novan\u00e9 odst\u00e1vky pitn\u00e9 vody pro 25. t\u00fdden. V\u00fdluky se dotknou \u010dty\u0159 pra\u017esk\u00fdch lokalit a prob\u011bhnou mezi 16. a 17. \u010dervnem. D\u016fvodem jsou pl\u00e1novan\u00e9 opravy, \u00fadr\u017eba a&#8230;<\/p>\n<p>                  <a href=\" https:\/\/www.nasepraha.cz\/jiri-fort-pirati-chteji-zdrazovat-parkovani-ja-chci-pro-prazany-skutecna-reseni\/\" class=\"article__next_and_prev__link\">Ji\u0159\u00ed Fo\u0159t: Pir\u00e1ti cht\u011bj\u00ed zdra\u017eovat parkov\u00e1n\u00ed. J\u00e1 chci pro Pra\u017eany skute\u010dn\u00e1 \u0159e\u0161en\u00ed<\/a><\/p>\n<p class=\"article__next_and_prev__desc\">Jako \u010dlov\u011bk, kter\u00fd v Praze \u017eije, pracuje a ka\u017ed\u00fd den vid\u00ed probl\u00e9my b\u011b\u017en\u00fdch obyvatel, m\u011b up\u0159\u00edmn\u011b znepokojuje, kam Pir\u00e1ti posouvaj\u00ed debatu o parkov\u00e1n\u00ed. Ten probl\u00e9m zn\u00e1m i z vlastn\u00ed zku\u0161enosti. <\/p>\n<p>                  <a href=\" https:\/\/www.nasepraha.cz\/jak-chce-praha-5-zlepsit-bezpecnost-na-andelu\/\" class=\"article__next_and_prev__link\">Jak chce Praha 5 zlep\u0161it bezpe\u010dnost na And\u011blu<\/a><\/p>\n<p class=\"article__next_and_prev__desc\">Praha 5 znovu otev\u00edr\u00e1 t\u00e9ma bezpe\u010dnosti v jedn\u00e9 z nejru\u0161n\u011bj\u0161\u00edch \u010d\u00e1st\u00ed m\u011bsta. Radnice chce v okol\u00ed And\u011bla pos\u00edlit dohled a reagovat na situace, kter\u00e9 podle n\u00ed dlouhodob\u011b zat\u011b\u017euj\u00ed ve\u0159ejn\u00fd prostor i m\u00edstn&#8230;<\/p>\n<p>                  <a href=\" https:\/\/www.nasepraha.cz\/brutalni-utok-v-hostivari-petadvacet-maskovanych-muzu-napadlo-petici-fanousku\/\" class=\"article__next_and_prev__link\">Brut\u00e1ln\u00ed \u00fatok v Hostiva\u0159i: p\u011btadvacet maskovan\u00fdch mu\u017e\u016f napadlo p\u011btici fanou\u0161k\u016f<\/a><\/p>\n<p class=\"article__next_and_prev__desc\">Kriminalist\u00e9 vy\u0161et\u0159uj\u00ed mimo\u0159\u00e1dn\u011b brut\u00e1ln\u00ed napaden\u00ed, ke kter\u00e9mu do\u0161lo za\u010d\u00e1tkem dubna v pra\u017esk\u00e9 Hostiva\u0159i. Skupina maskovan\u00fdch \u00fato\u010dn\u00edk\u016f si podle policie po\u010dkala na p\u011btici mu\u017e\u016f p\u0159ed posilovnou a n\u00e1sledn\u011b&#8230;<\/p>\n<p>                  <a href=\" https:\/\/www.nasepraha.cz\/dustojne-prostredi-v-domovech-pro-seniory-ma-sva-pravidla-podivejte-se-druhy-dil\/\" class=\"article__next_and_prev__link\">D\u016fstojn\u00e9 prost\u0159ed\u00ed v domovech pro seniory m\u00e1 sv\u00e1 pravidla. Pod\u00edvejte se druh\u00fd d\u00edl<\/a><\/p>\n<p class=\"article__next_and_prev__desc\">Pra\u017esk\u00fd Domov Sulick\u00e1 p\u0159ipravil instrukt\u00e1\u017en\u00ed videa, kter\u00e1 jednoduchou formou nastavuj\u00ed standard kvality pobytov\u00fdch soci\u00e1ln\u00edch slu\u017eeb pro seniory. Z\u00e1sady, podle kter\u00fdch m\u00e1 odborn\u00fd person\u00e1l postupovat, &#8230;<\/p>\n<p>                  <a href=\" https:\/\/www.nasepraha.cz\/nektere-parky-v-praze-5-hlida-bezpecnostni-agentura-sbira-i-pouzite-jehly\/\" class=\"article__next_and_prev__link\">N\u011bkter\u00e9 parky v Praze 5 hl\u00edd\u00e1 bezpe\u010dnostn\u00ed agentura, sb\u00edr\u00e1 i pou\u017eit\u00e9 jehly<\/a><\/p>\n<p class=\"article__next_and_prev__desc\">Na po\u0159\u00e1dek v n\u011bkter\u00fdch parc\u00edch, na d\u011btsk\u00fdch h\u0159i\u0161t\u00edch a v odpo\u010dinkov\u00fdch z\u00f3n\u00e1ch Prahy 5 dohl\u00ed\u017e\u00ed od kv\u011btna bezpe\u010dnostn\u00ed agentura. Naraz\u00ed-li nap\u0159\u00edklad na nevhodn\u011b se chovaj\u00edc\u00ed osobu, sna\u017e\u00ed se aktu\u00e1ln\u00ed sit&#8230;<\/p>\n<p>                  <a href=\" https:\/\/www.nasepraha.cz\/techdays-praha-8-roboti-formule-i-vr-ctyri-dny-techniky-pro-skoly-i-verejnost\/\" class=\"article__next_and_prev__link\">TECHDAYS Praha 8: Roboti, formule i VR. \u010cty\u0159i dny techniky pro \u0161koly i ve\u0159ejnost<\/a><\/p>\n<p class=\"article__next_and_prev__desc\">Praha 8 chce uk\u00e1zat, \u017ee technika nemus\u00ed b\u00fdt nuda ani stra\u0161\u00e1k. Od 15. do 18. \u010dervna prom\u011bn\u00ed okol\u00ed KD Krakov v Bohnic\u00edch ve \u010dty\u0159denn\u00ed laborato\u0159 plnou robot\u016f, studentsk\u00fdch projekt\u016f, simul\u00e1tor\u016f i modern\u00edc&#8230;<\/p>\n<p>                  <a href=\" https:\/\/www.nasepraha.cz\/led-znaceni-v-lidicke-ridici-ho-konecne-respektuji\/\" class=\"article__next_and_prev__link\">LED zna\u010den\u00ed v Lidick\u00e9: \u0159idi\u010di ho kone\u010dn\u011b respektuj\u00ed<\/a><\/p>\n<p class=\"article__next_and_prev__desc\">V Lidick\u00e9 ulici na Sm\u00edchov\u011b b\u011b\u017e\u00ed od konce kv\u011btna pilotn\u00ed provoz nov\u00e9ho prom\u011bnn\u00e9ho LED dopravn\u00edho zna\u010den\u00ed. Praha 5 a hlavn\u00ed m\u011bsto si od n\u011bj slibuj\u00ed lep\u0161\u00ed dodr\u017eov\u00e1n\u00ed pravidel st\u00e1n\u00ed, bezpe\u010dn\u011bj\u0161\u00ed z\u00e1sobov\u00e1&#8230;<\/p>\n<p>                  <a href=\" https:\/\/www.nasepraha.cz\/luxusni-nedelni-obed-jehneci-hrbet-v-bylinkove-kruste-s-pecenou-zeleninou\/\" class=\"article__next_and_prev__link\">Luxusn\u00ed ned\u011bln\u00ed ob\u011bd: jehn\u011b\u010d\u00ed h\u0159bet v bylinkov\u00e9 krust\u011b s pe\u010denou zeleninou<\/a><\/p>\n<p class=\"article__next_and_prev__desc\">Ned\u011ble si zaslou\u017e\u00ed n\u011bco v\u00fdjime\u010dn\u00e9ho. Jehn\u011b\u010d\u00ed h\u0159bet v bylinkov\u00e9 krust\u011b je j\u00eddlo, kter\u00e9 vypad\u00e1 jako z fine diningu, ale doma ho zvl\u00e1dne ka\u017ed\u00fd. Kombinace \u0161\u0165avnat\u00e9ho masa, k\u0159upav\u00e9 krusty a vo\u0148av\u00e9 ko\u0159enov\u00e9&#8230;<\/p>\n<p>                  <a href=\" https:\/\/www.nasepraha.cz\/ctvrtstoleti-v-cele-prahy-13-starosta-david-vodrazka-ma-chut-uz-na-sedme-volebni-obdobi-v-cele-radnice\/\" class=\"article__next_and_prev__link\">\u010ctvrtstolet\u00ed v \u010dele Prahy 13. Starosta David Vodr\u00e1\u017eka m\u00e1 chu\u0165 u\u017e na sedm\u00e9 volebn\u00ed obdob\u00ed v \u010dele radnice<\/a><\/p>\n<p class=\"article__next_and_prev__desc\">Pomalu &#8222;st\u0159\u00edh\u00e1 metr&#8220; \u0161est\u00e9ho volebn\u00edho obdob\u00ed v \u010dele radnice m\u011bstsk\u00e9 \u010d\u00e1sti Praha 13. Narovinu p\u0159izn\u00e1v\u00e1, \u017ee po 25 letech je pro n\u011bj starostov\u00e1n\u00ed u\u017e profese a neum\u00ed si p\u0159edstavit jinou pr\u00e1ci. Jako mana\u017e&#8230;<\/p>\n<p>                  <a href=\" https:\/\/www.nasepraha.cz\/policie-varuje-cesty-na-letiste-brzdi-kolony-vyrazte-driv\/\" class=\"article__next_and_prev__link\">Policie varuje: cesty na leti\u0161t\u011b brzd\u00ed kolony. Vyrazte d\u0159\u00edv<\/a><\/p>\n<p class=\"article__next_and_prev__desc\">Rekonstrukce kl\u00ed\u010dov\u00e9 k\u0159i\u017eovatky u Leti\u0161t\u011b V\u00e1clava Havla Praha zp\u016fsobuje v posledn\u00edch t\u00fddnech v\u00fdrazn\u00e9 dopravn\u00ed komplikace. Policie hl. m. Prahy proto pos\u00edlila dohled v okol\u00ed leti\u0161t\u011b a d\u016frazn\u011b upozor\u0148uj&#8230;<\/p>\n<p>                  <a href=\" https:\/\/www.nasepraha.cz\/karty-kid-praha-8-spousti-novy-nastroj-vcasne-pomoci-detem\/\" class=\"article__next_and_prev__link\">Karty KID: Praha 8 spou\u0161t\u00ed nov\u00fd n\u00e1stroj v\u010dasn\u00e9 pomoci d\u011btem<\/a><\/p>\n<p class=\"article__next_and_prev__desc\">Du\u0161evn\u00ed zdrav\u00ed d\u011bt\u00ed se st\u00e1v\u00e1 jedn\u00edm z nejv\u00e1\u017en\u011bj\u0161\u00edch t\u00e9mat \u010desk\u00e9ho \u0161kolstv\u00ed. Praha 8 proto p\u0159edstavila Karty KID \u2013 nov\u00fd n\u00e1stroj, kter\u00fd m\u00e1 pomoci rychleji rozpoznat varovn\u00e9 sign\u00e1ly a nasm\u011brovat d\u011bti i r&#8230;<\/p>\n<p>                  <a href=\" https:\/\/www.nasepraha.cz\/lemuri-v-zoo-praha-prekvapili-vari-a-kata-poprve-ziji-spolecne\/\" class=\"article__next_and_prev__link\">Lemu\u0159i v Zoo Praha p\u0159ekvapili: vari a kata poprv\u00e9 \u017eij\u00ed spole\u010dn\u011b<\/a><\/p>\n<p class=\"article__next_and_prev__desc\">Na Ostrov\u011b lemur\u016f v Zoo Praha panuje nezvykl\u00fd klid. Variov\u00e9 b\u011blop\u00e1s\u00ed, jedni z nejv\u011bt\u0161\u00edch a nejhlasit\u011bj\u0161\u00edch lemur\u016f v\u016fbec, se v nov\u00e9m domov\u011b zabydleli p\u0159ekvapiv\u011b rychle \u2014 a hlavn\u011b bez konflikt\u016f se sv\u00fdmi&#8230;<\/p>\n<p>                  <a href=\" https:\/\/www.nasepraha.cz\/praha-5-zve-na-rozlucku-se-skolou\/\" class=\"article__next_and_prev__link\">Praha 5 zve na rozlu\u010dku se \u0161kolou<\/a><\/p>\n<p class=\"article__next_and_prev__desc\">M\u011bstsk\u00e1 \u010d\u00e1st zve na akci Rozlou\u010den\u00ed se \u0161kolou, kter\u00e1 se uskute\u010dn\u00ed v \u00fater\u00fd 23. \u010dervna od 16.00 do 20.00 hodin v Ar\u00e9n\u011b sportu na Ho\u0159ej\u0161\u00edm n\u00e1b\u0159e\u017e\u00ed a ve \u010dtvrtek 25. \u010dervna od 13.00 do 17.00 hodin ve sport&#8230;<\/p>\n<p>                  <a href=\" https:\/\/www.nasepraha.cz\/jiri-fort-pirati-chteji-omezovat-lode-na-vltave-vadi-jim-i-restaurace-a-bary-na-vode\/\" class=\"article__next_and_prev__link\">Ji\u0159\u00ed Fo\u0159t: Pir\u00e1ti cht\u011bj\u00ed omezovat lod\u011b na Vltav\u011b. Vad\u00ed jim i restaurace a bary na vod\u011b<\/a><\/p>\n<p class=\"article__next_and_prev__desc\">Kdy\u017e jsem se dozv\u011bd\u011bl, \u017ee pra\u017esk\u00fd radn\u00ed Adam Z\u00e1bransk\u00fd z Pir\u00e1t\u016f chce omezovat lod\u011b kotv\u00edc\u00ed v centru Prahy, znovu jsem si polo\u017eil ot\u00e1zku, kam a\u017e m\u016f\u017ee zaj\u00edt politika z\u00e1kaz\u016f a omezov\u00e1n\u00ed.<\/p>\n<p>                  <a href=\" https:\/\/www.nasepraha.cz\/vitani-leta-na-sulicke-odpoledne-plne-hudby-a-zabavy-pro-male-i-velke\/\" class=\"article__next_and_prev__link\">V\u00cdT\u00c1N\u00cd L\u00c9TA na Sulick\u00e9 \u2013 odpoledne pln\u00e9 hudby a z\u00e1bavy pro mal\u00e9 i velk\u00e9<\/a><\/p>\n<p class=\"article__next_and_prev__desc\">P\u0159ij\u010fte se s n\u00e1mi pobavit v sobotu 20. \u010dervna 2026 do Domova pro osoby se zdravotn\u00edm posti\u017een\u00edm Sulick\u00e1. T\u011b\u0161\u00edme se na setk\u00e1n\u00ed s klienty, jejich rodinami, opatrovn\u00edky, p\u0159\u00e1teli Domova i na\u0161imi sousedy a&#8230;<\/p>\n<p>                  <a href=\" https:\/\/www.nasepraha.cz\/petr-lachnit-media-jedou-strach-lidi-to-zerou\/\" class=\"article__next_and_prev__link\">Petr Lachnit: M\u00e9dia jedou strach. Lidi to \u017eerou<\/a><\/p>\n<p class=\"article__next_and_prev__desc\">Kdysi existovaly noviny jm\u00e9nem Ve\u010dern\u00ed Praha. Lid\u00e9 jim \u0159\u00edkali Pra\u017esk\u00e1 drbna, proto\u017ee to zn\u011blo mile a trochu pikantn\u011b. Jen\u017ee kdy\u017e dnes otev\u0159u archiv, nesta\u010d\u00edm se divit: ta \u201edrbna\u201c byla proti dne\u0161n\u00edm m\u00e9&#8230;<\/p>\n","protected":false},"excerpt":{"rendered":"P\u0159edchoz\u00ed \u010dl\u00e1nky David Vodr\u00e1\u017eka: Pro\u010d se na Praze 13 \u017eije dob\u0159e \u2014 a pro\u010d je to pro m\u011b&hellip;\n","protected":false},"author":2,"featured_media":119488,"comment_status":"","ping_status":"","sticky":false,"template":"","format":"standard","meta":{"footnotes":"","_share_on_mastodon":"0"},"categories":[30],"tags":[2591,33489,7045,2957,9719,13727,33490,2578,8198,5060,6263,173,33491,1064,98,99,2568,16067,3791,7070,5156,33492,6747,966,945,7072,8218,10643,8253,6732,12444,33493,5089,16083,19780,1716],"class_list":["post-119487","post","type-post","status-publish","format-standard","has-post-thumbnail","category-praha","tag-aplikace","tag-aplikace-dvojka","tag-den","tag-digitalizace","tag-jan-korseska","tag-kvalita","tag-michal-kopecky","tag-ministerstvo","tag-ministerstvo-vnitra","tag-ministerstvo-vnitra-cr","tag-oceneni","tag-ods","tag-participace","tag-prace","tag-prague","tag-praha","tag-praha-2","tag-prazska","tag-pristup","tag-prostredi","tag-prvni","tag-publikace","tag-radnice","tag-sluzby","tag-soutez","tag-souteze","tag-starosta","tag-titul","tag-transparentnost","tag-urad","tag-urady","tag-uroven","tag-uspech","tag-verejne","tag-vnitra","tag-zivot"],"share_on_mastodon":{"url":"https:\/\/pubeurope.com\/@cz\/116759365491340813","error":""},"_links":{"self":[{"href":"https:\/\/www.europesays.com\/cz\/wp-json\/wp\/v2\/posts\/119487","targetHints":{"allow":["GET"]}}],"collection":[{"href":"https:\/\/www.europesays.com\/cz\/wp-json\/wp\/v2\/posts"}],"about":[{"href":"https:\/\/www.europesays.com\/cz\/wp-json\/wp\/v2\/types\/post"}],"author":[{"embeddable":true,"href":"https:\/\/www.europesays.com\/cz\/wp-json\/wp\/v2\/users\/2"}],"replies":[{"embeddable":true,"href":"https:\/\/www.europesays.com\/cz\/wp-json\/wp\/v2\/comments?post=119487"}],"version-history":[{"count":0,"href":"https:\/\/www.europesays.com\/cz\/wp-json\/wp\/v2\/posts\/119487\/revisions"}],"wp:featuredmedia":[{"embeddable":true,"href":"https:\/\/www.europesays.com\/cz\/wp-json\/wp\/v2\/media\/119488"}],"wp:attachment":[{"href":"https:\/\/www.europesays.com\/cz\/wp-json\/wp\/v2\/media?parent=119487"}],"wp:term":[{"taxonomy":"category","embeddable":true,"href":"https:\/\/www.europesays.com\/cz\/wp-json\/wp\/v2\/categories?post=119487"},{"taxonomy":"post_tag","embeddable":true,"href":"https:\/\/www.europesays.com\/cz\/wp-json\/wp\/v2\/tags?post=119487"}],"curies":[{"name":"wp","href":"https:\/\/api.w.org\/{rel}","templated":true}]}}