{"id":119873,"date":"2026-06-16T16:15:14","date_gmt":"2026-06-16T16:15:14","guid":{"rendered":"https:\/\/www.europesays.com\/cz\/119873\/"},"modified":"2026-06-16T16:15:14","modified_gmt":"2026-06-16T16:15:14","slug":"jako-ruske-sane-lide-kritizuji-nove-lavicky-na-namesti-jiriho-z-podebrad","status":"publish","type":"post","link":"https:\/\/www.europesays.com\/cz\/119873\/","title":{"rendered":"Jako rusk\u00e9 s\u00e1n\u011b. Lid\u00e9 kritizuj\u00ed nov\u00e9 lavi\u010dky na n\u00e1m\u011bst\u00ed Ji\u0159\u00edho z\u00a0Pod\u011bbrad"},"content":{"rendered":"<p class=\"c_bz\">\u201eSou\u010d\u00e1st\u00ed nov\u00e9ho Ji\u0159\u00e1ku bude tak\u00e9 tohle posezen\u00ed. Jmenuje se Enzo a\u00a0mo\u017en\u00e1 ho zn\u00e1te z\u00a0V\u00eddn\u011b. Podle m\u011b na\u0161emu n\u00e1m\u011bst\u00ed dost slu\u0161\u00ed,\u201c<a data-dot=\"atm-link\" target=\"_blank\" rel=\"noopener nofollow\" href=\"https:\/\/www.facebook.com\/michal.vronsky.praha3\" class=\"c_N\"> uvedl<\/a> na Facebooku starosta Prahy 3\u00a0Michal Vronsk\u00fd (TOP 09). <\/p>\n<p class=\"c_bz\">B\u011bhem p\u00e1r hodin se jeho p\u0159\u00edsp\u011bvek do\u010dkal v\u00edce ne\u017e stovky koment\u00e1\u0159\u016f.<\/p>\n<p class=\"c_bz\">\u201eZn\u00e1me a\u00a0nejen z\u00a0V\u00eddn\u011b. V\u00a0l\u00e9t\u011b se na n\u011bm sed\u011bt ned\u00e1, proto\u017ee je \u00fapln\u011b roz\u017ehaven\u00e9,\u201c komentuje pra\u017eskou novinku ve ve\u0159ejn\u00e9m prostoru u\u017eivatel Facebooku Pavel Bene\u0161. S\u00a0t\u00edm souhlas\u00ed i\u00a0Lucie Nekulov\u00e1: \u201eVizu\u00e1ln\u011b mi nevad\u00ed, ale moc nev\u00edm, pro koho je to ur\u010deno. Z\u00e1da si \u010dlov\u011bk neop\u0159e a\u00a0v l\u00e9t\u011b je to stra\u0161liv\u011b rozp\u00e1len\u00e9. Zlat\u00e1 klasick\u00e1 d\u0159ev\u011bn\u00e1 lavi\u010dka.\u201c<\/p>\n<p><a data-dot=\"atm-link\" target=\"_self\" href=\"https:\/\/www.novinky.cz\/clanek\/domaci-zpravy-hlavni-mesto-praha-promena-namesti-jiriho-z-podebrad-za-vice-nez-pul-miliardy-finisuje-otvira-uz-ve-stredu-40583170\" class=\"c_N\" rel=\"nofollow noopener\"><img height=\"1080\" width=\"1920\" src=\"https:\/\/www.europesays.com\/cz\/wp-content\/uploads\/2026\/06\/1781626512_68_praha-namesti.jpeg\" loading=\"lazy\" decoding=\"async\" class=\"c_t c_r c_l\"\/><\/a><\/p>\n<p class=\"c_bz\">Lenka Pit\u00e1kov\u00e1 zase komentuje: \u201eJe to odporn\u00fd a\u00a0m\u016f\u017eu se zeptat, kde je to v\u00a0n\u00e1vrhu?\u201c Dal\u0161\u00edm lidem tvar p\u0159ipom\u00edn\u00e1 rusk\u00e9 s\u00e1n\u011b a\u00a0ob\u00e1vaj\u00ed se, \u017ee jde o\u00a0kr\u00e1sn\u00e9 postele pro bezdomovce, kte\u0159\u00ed se je\u0161t\u011b p\u0159ed st\u0159ede\u010dn\u00edm slavnostn\u00edm otev\u0159en\u00edm n\u00e1m\u011bst\u00ed v\u00a0lokalit\u011b \u201ezabydleli\u201c.<\/p>\n<p class=\"c_bz\">\u201eJe mi l\u00edto, ale V\u00edde\u0148 mne v\u00a0tomto ohledu absolutn\u011b nezaj\u00edm\u00e1. Ta k\u0159esla \u010di co, jsou esteticky naprosto nekompatibiln\u00ed s\u00a0kr\u00e1sn\u00fdm n\u00e1m\u011bst\u00edm a\u00a0Ple\u010dnikov\u00fdm kostelem,\u201c napsala na soci\u00e1ln\u00ed s\u00edti \u0160\u00e1rka Gandalovi\u010dov\u00e1, kter\u00e1 se p\u0159edstavila jako histori\u010dka um\u011bn\u00ed.<\/p>\n<p class=\"c_bz\">\u201eP\u0159esto, \u017ee je to ot\u00e1zka vkusu, mysl\u00edm, \u017ee se zde p\u0159edev\u0161\u00edm cht\u011bl zviditelnit design\u00e9r, jak je to u\u017e dlouho pravidlem. Kladu si ot\u00e1zku, zda se je\u0161t\u011b nos\u00ed \u00facta a\u00a0respekt k\u00a0hodnot\u00e1m, kter\u00e9 vznikly p\u0159ed na\u0161\u00ed dobou, a\u00a0zda maj\u00ed sou\u010dasn\u00ed um\u011blci alespo\u0148 basic pokoru k\u00a0urbanistick\u00e9mu prostoru,\u201c podotkla.<\/p>\n<p class=\"c_bz\">Starosta Prahy 3\u00a0Michal Vronsk\u00fd na podobn\u00e9 koment\u00e1\u0159e reagoval a\u00a0sna\u017eil se odpov\u00eddat: \u201eJe to mobili\u00e1\u0159 vyvinut\u00fd pro ve\u0159ejn\u00fd prostor, l\u00edbit se v\u00e1m samoz\u0159ejm\u011b nemus\u00ed, ale m\u00e1 to vlastnosti, aby na to pr\u0161elo a\u00a0odol\u00e1valo vandalismu.\u201c<\/p>\n<p class=\"c_bz\">Na ot\u00e1zku, kolik pen\u011bz st\u00e1la jednotliv\u00e1 lavi\u010dka a\u00a0jej\u00ed instalace, u\u017e ale neodpov\u011bd\u011bl.<\/p>\n<p class=\"c_bz\">U\u017e ve st\u0159edu 17.\u00a0\u010dervna bude n\u00e1m\u011bst\u00ed slavnostn\u011b otev\u0159eno\u00a0\u2013 r\u00e1no za \u00fa\u010dasti politik\u016f pro novin\u00e1\u0159e, program pro ve\u0159ejnost pak za\u010dne ve 12\u00a0hodin s\u00e9ri\u00ed hudebn\u00edch vystoupen\u00ed. \u201eV\u00a016\u00a0hodin prob\u011bhne slavnostn\u00ed akt otev\u0159en\u00ed n\u00e1m\u011bst\u00ed za \u00fa\u010dasti host\u016f a\u00a0p\u0159edstavitel\u016f ve\u0159ejn\u00e9ho \u017eivota,\u201c stoj\u00ed na <a data-dot=\"atm-link\" target=\"_blank\" rel=\"noopener nofollow\" href=\"https:\/\/www.praha3.cz\/aktualne-z-trojky\/zpravy\/akce-bdquo-roztancime-jirak-ldquo-vrati-zivot-na-nbsp-zrekonstruovane-namesti-n1209195.htm\" class=\"c_N\">webu<\/a> Prahy 3.<\/p>\n<p class=\"c_bz\">Po skoro t\u0159ech letech tak skon\u010dila rozs\u00e1hl\u00e1 rekonstrukce obl\u00edben\u00e9ho prostranstv\u00ed, kter\u00e1 podle informac\u00ed magistr\u00e1tu nakonec vyjde na 570\u00a0milion\u016f korun, tedy zhruba dvojn\u00e1sobek p\u016fvodn\u00edho pl\u00e1nu. \u010c\u00e1st z\u00a0toho pokryje dotace ve v\u00fd\u0161i skoro 70\u00a0milion\u016f korun od ministerstva pro m\u00edstn\u00ed rozvoj.<\/p>\n<p>Anketa<\/p>\n<p>L\u00edb\u00ed se v\u00e1m nov\u00e9 lavi\u010dky na n\u00e1m\u011bst\u00ed Ji\u0159\u00edho z Pod\u011bbrad?<\/p>\n<p>Celkem<br \/>\n\t\t\t\thlasovalo<br \/>\n\t\t\t\t78<br \/>\n\t\t\t\t\u010dten\u00e1\u0159\u016f.<\/p>\n<p><a data-dot=\"atm-link\" target=\"_self\" href=\"https:\/\/www.novinky.cz\/clanek\/domaci-zpravy-hlavni-mesto-praha-hriste-v-praze-3-je-podle-nekterych-rodicu-nebezpecne-radnice-i-architekt-ho-haji-40571175\" class=\"c_N\" rel=\"nofollow noopener\"><img height=\"1080\" width=\"1920\" src=\"https:\/\/www.europesays.com\/cz\/wp-content\/uploads\/2026\/04\/1776880752_541_starosta-praha-3-hriste.jpeg\" loading=\"lazy\" decoding=\"async\" class=\"c_t c_r c_l\"\/><\/a><\/p>\n","protected":false},"excerpt":{"rendered":"\u201eSou\u010d\u00e1st\u00ed nov\u00e9ho Ji\u0159\u00e1ku bude tak\u00e9 tohle posezen\u00ed. Jmenuje se Enzo a\u00a0mo\u017en\u00e1 ho zn\u00e1te z\u00a0V\u00eddn\u011b. Podle m\u011b na\u0161emu n\u00e1m\u011bst\u00ed&hellip;\n","protected":false},"author":2,"featured_media":119874,"comment_status":"","ping_status":"","sticky":false,"template":"","format":"standard","meta":{"footnotes":"","_share_on_mastodon":"0"},"categories":[7],"tags":[5315,43,42,41,40,1268,31923,243,5253,10092,17424,336,2569,31482,1373],"class_list":["post-119873","post","type-post","status-publish","format-standard","has-post-thumbnail","category-cesko","tag-bezdomovci","tag-ceska-republika","tag-cesko","tag-czech-republic","tag-czechia","tag-hygiena","tag-joze-josip-plecnik","tag-kritika","tag-lavicky","tag-namesti","tag-namesti-jiriho-z-podebrad-praha","tag-obavy","tag-praha-3","tag-predrazeni","tag-rekonstrukce"],"share_on_mastodon":{"url":"https:\/\/pubeurope.com\/@cz\/116760682835187702","error":""},"_links":{"self":[{"href":"https:\/\/www.europesays.com\/cz\/wp-json\/wp\/v2\/posts\/119873","targetHints":{"allow":["GET"]}}],"collection":[{"href":"https:\/\/www.europesays.com\/cz\/wp-json\/wp\/v2\/posts"}],"about":[{"href":"https:\/\/www.europesays.com\/cz\/wp-json\/wp\/v2\/types\/post"}],"author":[{"embeddable":true,"href":"https:\/\/www.europesays.com\/cz\/wp-json\/wp\/v2\/users\/2"}],"replies":[{"embeddable":true,"href":"https:\/\/www.europesays.com\/cz\/wp-json\/wp\/v2\/comments?post=119873"}],"version-history":[{"count":0,"href":"https:\/\/www.europesays.com\/cz\/wp-json\/wp\/v2\/posts\/119873\/revisions"}],"wp:featuredmedia":[{"embeddable":true,"href":"https:\/\/www.europesays.com\/cz\/wp-json\/wp\/v2\/media\/119874"}],"wp:attachment":[{"href":"https:\/\/www.europesays.com\/cz\/wp-json\/wp\/v2\/media?parent=119873"}],"wp:term":[{"taxonomy":"category","embeddable":true,"href":"https:\/\/www.europesays.com\/cz\/wp-json\/wp\/v2\/categories?post=119873"},{"taxonomy":"post_tag","embeddable":true,"href":"https:\/\/www.europesays.com\/cz\/wp-json\/wp\/v2\/tags?post=119873"}],"curies":[{"name":"wp","href":"https:\/\/api.w.org\/{rel}","templated":true}]}}