{"id":120237,"date":"2026-06-16T23:05:13","date_gmt":"2026-06-16T23:05:13","guid":{"rendered":"https:\/\/www.europesays.com\/cz\/120237\/"},"modified":"2026-06-16T23:05:13","modified_gmt":"2026-06-16T23:05:13","slug":"mma-neni-to-chlap-nastvany-pereira-se-pustil-do-sudiho-a-vola-po-odvete","status":"publish","type":"post","link":"https:\/\/www.europesays.com\/cz\/120237\/","title":{"rendered":"MMA | Nen\u00ed to chlap! Na\u0161tvan\u00fd Pereira se pustil do sud\u00edho a\u00a0vol\u00e1 po odvet\u011b"},"content":{"rendered":"<p class=\"b_bE\">Pereira uvedl, \u017ee p\u0159ed soubojem upozor\u0148oval sud\u00edho na mo\u017en\u00e9 nekal\u00e9 praktiky obrovit\u00e9ho Francouze. Na jeho hrani\u010dn\u00ed chov\u00e1n\u00ed si p\u0159itom v\u00a0minulosti st\u011b\u017eovali i\u00a0dal\u0161\u00ed bojovn\u00edci. Naposledy nap\u0159\u00edklad zas\u00e1hl prstem do oka Brita Toma Aspinalla, kv\u016fli \u010demu\u017e jejich duel skon\u010dil bez v\u00fdsledku. Aspinall dokonce musel podstoupit hned n\u011bkolik operac\u00ed a\u00a0dlouhou dobu nemohl v\u016fbec tr\u00e9novat.<\/p>\n<p class=\"b_bE\">Tentokr\u00e1t Gane natrefoval ot\u0159esen\u00e9ho Brazilce n\u011bkolika nekompromisn\u00edmi \u00fadery lokty do z\u00e1tylku, co\u017e je v\u00a0MMA zak\u00e1zan\u00e9. \u201eKdy\u017e se pod\u00edv\u00e1te na z\u00e1znam, uvid\u00edte n\u011bkolik \u00fader\u016f i\u00a0lokt\u016f do zadn\u00ed \u010d\u00e1sti hlavy. Ten rozhod\u010d\u00ed (Herb Dean) nen\u00ed chlap. Nem\u011bl z\u00e1pas v\u016fbec \u0159\u00eddit. N\u011bkdo takov\u00fd by m\u011bl b\u00fdt potrest\u00e1n. Je to velmi v\u00e1\u017en\u00e9,\u201c st\u011b\u017eoval si Pereira na sv\u00e9m youtubov\u00e9m kan\u00e1lu.<\/p>\n<p class=\"b_bE\">Cel\u00e9 situaci p\u0159edch\u00e1zel poveden\u00fd Francouz\u016fv drtiv\u00fd \u00fader z\u00a0p\u0159edn\u00ed ruky, po n\u011bm\u017e Pereira skon\u010dil na zemi. Pr\u00e1v\u011b tam n\u00e1sledovala zm\u00edn\u011bn\u00e1 smr\u0161\u0165. \u201eByl to \u0161\u0165astn\u00fd okam\u017eik a\u00a0on toho vyu\u017eil. Byla to pro n\u011bj \u017eivotn\u00ed p\u0159\u00edle\u017eitost,\u201c pokra\u010doval Pereira, kter\u00fd znovu p\u0159ipomn\u011bl Ganeovu pov\u011bst bijce, kter\u00fd se pohybuje na hran\u011b pravidel. <\/p>\n<p class=\"b_bE\">\u201eTenhle chlap m\u00e1 dlouhou historii podobn\u00fdch v\u011bc\u00ed. \u0160pinav\u00e9 \u00fadery, r\u00e1ny do zadn\u00ed \u010d\u00e1sti hlavy, lokty. Vid\u011bl jsem n\u011bjak\u00e1 videa, tak\u017ee jsem m\u011bl obavy,\u201c kroutil hlavou.<\/p>\n<p class=\"b_bE\">B\u00fdval\u00fd \u0161ampion st\u0159edn\u00ed a\u00a0polot\u011b\u017ek\u00e9 v\u00e1hy nakonec prohr\u00e1l ve druh\u00e9 p\u011btiminutovce a\u00a0p\u0159i sv\u00e9m debutu v\u00a0t\u011b\u017ek\u00e9 v\u00e1ze neusp\u011bl. Nepoda\u0159ilo se mu tak z\u00edskat titul ve t\u0159et\u00ed v\u00e1hov\u00e9 kategorii, \u010d\u00edm\u017e by se nesmazateln\u011b zapsal do historie UFC. I\u00a0s ohledem na st\u00ed\u017enosti nen\u00ed p\u0159ekvapen\u00edm, \u017ee vol\u00e1 po odvet\u011b.<\/p>\n<p class=\"b_bE\">\u201eVysv\u011btlil jsem veden\u00ed UFC situaci kolem neleg\u00e1ln\u00edch \u00fader\u016f. \u0158ekl jsem, \u017ee spr\u00e1vn\u00fdm \u0159e\u0161en\u00edm je okam\u017eit\u00e1 odveta. Po\u017e\u00e1dali m\u011b o\u00a0trochu \u010dasu. Po\u010dk\u00e1m, ale velmi brzy budeme m\u00edt odpov\u011b\u010f,\u201c vysv\u011btlil Pereira.<\/p>\n<p class=\"b_bE\">Zat\u00edm nen\u00ed jasn\u00e9, jak se k\u00a0cel\u00e9 z\u00e1le\u017eitosti postav\u00ed nejslavn\u011bj\u0161\u00ed bojov\u00e1 liga sv\u011bta. Gane po souboji vyj\u00e1d\u0159il p\u0159\u00e1n\u00ed nastoupit na z\u00e1\u0159ijov\u00e9m turnaji ve sv\u00e9 rodn\u00e9 Francii. Zde se nab\u00edz\u00ed atraktivn\u00ed st\u0159et s\u00a0\u00fa\u0159aduj\u00edc\u00edm \u0161ampionem t\u011b\u017ek\u00e9 v\u00e1hy Tomem Aspinallem, v\u00a0n\u011bm\u017e by z\u00e1rove\u0148 mohlo doj\u00edt ke sjednocen\u00ed titul\u016f.<\/p>\n<p lang=\"en\" dir=\"ltr\">Alex Pereira went off on referee Herb Dean for allowing Ciryl Gane to land illegal shots to the back of his head \ud83d\ude33<\/p>\n<p>\u201cHe is not a real man. He should be punished. It\u2019s a very serious job. He should face legal consequences. He\u2019s a coward. I have no respect for him whatsoever.\u201d <a href=\"https:\/\/t.co\/YbJgtOlYYx\" rel=\"nofollow\">pic.twitter.com\/YbJgtOlYYx<\/a><\/p>\n<p>\u2014 Happy Punch (@HappyPunch) <a href=\"https:\/\/x.com\/HappyPunch\/status\/2066938054334468193?ref_src=twsrc%5Etfw\" rel=\"nofollow\">June 16, 2026<\/a><\/p>\n<p class=\"b_bE\">Shodou okolnost\u00ed i\u00a0Aspinall upozornil na Ganeovy \u00fadajn\u00e9 fauly v\u00a0souboji s\u00a0Pereirou. \u201eTy lokty vypadaj\u00ed trochu jako fauly. Vlastn\u011b vypadaj\u00ed jako jasn\u00e9 fauly. Co se to d\u011bje?\u201c okomentoval situaci t\u0159iat\u0159icetilet\u00fd rod\u00e1k ze Salfordu. Z\u00e1rove\u0148 v\u0161ak p\u0159iznal, \u017ee jeho lo\u0148sk\u00fd rival p\u0159edvedl velmi dobr\u00fd v\u00fdkon.<\/p>\n<p><a data-dot=\"atm-link\" target=\"_self\" href=\"https:\/\/www.sport.cz\/clanek\/bojove-sporty-mma-silenosti-v-ufc-pereira-bolestive-padl-trump-gratuloval-sampionovi-5480823\" class=\"b_V g_ij\" rel=\"nofollow noopener\"><img fetchpriority=\"high\" height=\"2730\" width=\"3641\" src=\"https:\/\/www.europesays.com\/cz\/wp-content\/uploads\/2026\/06\/1781538132_788_2074.jpeg\" loading=\"eager\" decoding=\"sync\" class=\"b_B b_z\"\/><\/a><script async src=\"https:\/\/platform.twitter.com\/widgets.js\" charset=\"utf-8\"><\/script><\/p>\n","protected":false},"excerpt":{"rendered":"Pereira uvedl, \u017ee p\u0159ed soubojem upozor\u0148oval sud\u00edho na mo\u017en\u00e9 nekal\u00e9 praktiky obrovit\u00e9ho Francouze. Na jeho hrani\u010dn\u00ed chov\u00e1n\u00ed si&hellip;\n","protected":false},"author":2,"featured_media":120238,"comment_status":"","ping_status":"","sticky":false,"template":"","format":"standard","meta":{"footnotes":"","_share_on_mastodon":"0"},"categories":[15],"tags":[6040,1187,3293,94,93,22316,3749],"class_list":["post-120237","post","type-post","status-publish","format-standard","has-post-thumbnail","category-sport","tag-alex-pereira","tag-bily-dum","tag-mma","tag-sport","tag-sports","tag-tom-aspinall","tag-ufc"],"share_on_mastodon":{"url":"https:\/\/pubeurope.com\/@cz\/116762294931415346","error":""},"_links":{"self":[{"href":"https:\/\/www.europesays.com\/cz\/wp-json\/wp\/v2\/posts\/120237","targetHints":{"allow":["GET"]}}],"collection":[{"href":"https:\/\/www.europesays.com\/cz\/wp-json\/wp\/v2\/posts"}],"about":[{"href":"https:\/\/www.europesays.com\/cz\/wp-json\/wp\/v2\/types\/post"}],"author":[{"embeddable":true,"href":"https:\/\/www.europesays.com\/cz\/wp-json\/wp\/v2\/users\/2"}],"replies":[{"embeddable":true,"href":"https:\/\/www.europesays.com\/cz\/wp-json\/wp\/v2\/comments?post=120237"}],"version-history":[{"count":0,"href":"https:\/\/www.europesays.com\/cz\/wp-json\/wp\/v2\/posts\/120237\/revisions"}],"wp:featuredmedia":[{"embeddable":true,"href":"https:\/\/www.europesays.com\/cz\/wp-json\/wp\/v2\/media\/120238"}],"wp:attachment":[{"href":"https:\/\/www.europesays.com\/cz\/wp-json\/wp\/v2\/media?parent=120237"}],"wp:term":[{"taxonomy":"category","embeddable":true,"href":"https:\/\/www.europesays.com\/cz\/wp-json\/wp\/v2\/categories?post=120237"},{"taxonomy":"post_tag","embeddable":true,"href":"https:\/\/www.europesays.com\/cz\/wp-json\/wp\/v2\/tags?post=120237"}],"curies":[{"name":"wp","href":"https:\/\/api.w.org\/{rel}","templated":true}]}}