{"id":120376,"date":"2026-06-17T05:19:14","date_gmt":"2026-06-17T05:19:14","guid":{"rendered":"https:\/\/www.europesays.com\/cz\/120376\/"},"modified":"2026-06-17T05:19:14","modified_gmt":"2026-06-17T05:19:14","slug":"nevedeli-jsme-ze-je-to-valecna-lod-rekli-seniori-rusove-kvuli-nim-strileli","status":"publish","type":"post","link":"https:\/\/www.europesays.com\/cz\/120376\/","title":{"rendered":"Nev\u011bd\u011bli jsme, \u017ee je to v\u00e1le\u010dn\u00e1 lo\u010f, \u0159ekli senio\u0159i. Rusov\u00e9 kv\u016fli nim st\u0159\u00edleli"},"content":{"rendered":"<p class=\"e_bX\">Britsk\u00fd p\u00e1r, jen\u017e se plavil na jacht\u011b, v\u00a0jej\u00ed\u017e bl\u00edzkosti v\u00a0\u00fater\u00fd vyp\u00e1lila varovn\u00e9 v\u00fdst\u0159ely rusk\u00e1 fregata Admiral Grigorovi\u010d, \u0159ekl britsk\u00fdm m\u00e9di\u00edm, \u017ee neud\u011blal nic \u0161patn\u011b. Rusk\u00e1 st\u0159elba byla podle dvojice senior\u016f zbyte\u010dn\u00e1. Nebyli jsme v\u00a0kolizn\u00edm kurzu, \u0159ekla stanici <a data-dot=\"atm-link\" target=\"_blank\" rel=\"noopener nofollow\" href=\"https:\/\/www.bbc.com\/news\/articles\/c20yzm84r7lo\" class=\"e_n\">BBC<\/a> Jane Kelveyov\u00e1, kter\u00e1 se na jacht\u011b plavila se sv\u00fdm mu\u017eem Alanem. Moskva d\u0159\u00edve uvedla, \u017ee se jachta k\u00a0fregat\u011b bl\u00ed\u017eila v\u00a0nebezpe\u010dn\u00e9m kurzu a\u00a0nereagovala na pokusy o\u00a0nav\u00e1z\u00e1n\u00ed spojen\u00ed ani na v\u00fdstra\u017en\u00e9 sign\u00e1ly.<\/p>\n<p class=\"e_bX\">Podle serveru <a data-dot=\"atm-link\" target=\"_blank\" rel=\"noopener nofollow\" href=\"https:\/\/www.telegraph.co.uk\/news\/2026\/06\/16\/we-did-nothing-wrong-british-yacht-couple\/\" class=\"e_n\">The Telegraph<\/a> se Kelveyovi plavili na jacht\u011b z\u00a0Brit\u00e1nie do Francie, kdy\u017e se ji\u017en\u011b od ostrova Wight p\u0159ibl\u00ed\u017eili k\u00a0rusk\u00e9 v\u00e1le\u010dn\u00e9 lodi. P\u00e1r p\u0159itom podle webu uvedl, \u017ee byl n\u011bkolik set metr\u016f daleko od fregaty, kter\u00e1 s\u00a0nimi nekomunikovala r\u00e1diem, neodp\u00e1lila sv\u011btlice ani nevys\u00edlala svou GPS polohu. Proto zprvu nev\u011bd\u011bl, \u017ee se jedn\u00e1 o\u00a0v\u00e1le\u010dn\u00e9 plavidlo. Pl\u00e1noval podle sv\u00fdch slov proplout kolem fregaty po jej\u00edm pravoboku.<\/p>\n<p><a data-dot=\"mol-article-card-media\" aria-hidden=\"true\" tabindex=\"-1\" href=\"https:\/\/www.seznamzpravy.cz\/clanek\/zahranicni-namornici-na-ruske-fregate-palili-varovne-strely-na-jachtu-v-lamansskem-prulivu-308701\" class=\"e_n f_l1\" rel=\"nofollow noopener\" target=\"_blank\"><img height=\"1991\"   width=\"3538\" src=\"https:\/\/www.europesays.com\/cz\/wp-content\/uploads\/2026\/06\/1781673554_966_shutterstock-301509812.jpeg\" loading=\"lazy\" decoding=\"async\" class=\"e_aa e_Z e_T\"\/><\/a><\/p>\n<p class=\"e_bX\">\u201eNebyli jsme v\u00a0kolizn\u00edm kurzu\u2026 neud\u011blali jsme nic \u0161patn\u00e9ho,\u201c \u0159ekli podle The Telegraph osma\u0161edes\u00e1tilet\u00e1 Jane Kelveyov\u00e1 a\u00a0sedmdes\u00e1tilet\u00fd Alan Kelvey. Kdy\u017e pak rusk\u00e1 lo\u010f p\u011btkr\u00e1t vydala varovn\u00fd zvuk ze sir\u00e9ny, dvojice podle sv\u00e9ho sv\u011bdectv\u00ed zm\u011bnila kurz, aby zv\u011bt\u0161ila vzd\u00e1lenost mezi plavidly.<\/p>\n<p class=\"e_bX\">Podobn\u011b situaci senio\u0159i popsali pro stanici BBC. \u201eOkam\u017eit\u011b jsme se oto\u010dili o\u00a0dva stupn\u011b doleva, aby vid\u011bli, \u017ee jsme \u00famysln\u011b zm\u011bnili kurz, co\u017e znamenalo, \u017ee jsme je vid\u011bli,\u201c \u0159ekla Kelveyov\u00e1 s\u00a0t\u00edm, \u017ee zanedlouho se ale ozvalo dal\u0161\u00edch p\u011bt varovn\u00fdch zvuk\u016f a\u00a0bezprost\u0159edn\u011b pot\u00e9 \u010dty\u0159i a\u017e p\u011bt v\u00fdst\u0159el\u016f z\u00a0mal\u00fdch ru\u010dn\u00edch zbran\u00ed. \u201eNem\u00ed\u0159ily na n\u00e1s\u00a0\u2013 domn\u00edv\u00e1me se, \u017ee to byla varovn\u00e1 st\u0159elba, kter\u00e1 m\u00ed\u0159ila do vzduchu,\u201c uvedla. Jej\u00ed mu\u017e prohl\u00e1sil, \u017ee st\u0159elba byla zbyte\u010dn\u00e1.<\/p>\n<p class=\"e_bX\">Rusk\u00e9 ministerstvo obrany p\u0159edt\u00edm podle st\u00e1tn\u00ed agentury TASS uvedlo, \u017ee pos\u00e1dka fregaty Admiral Grigorovi\u010d v\u00a011:45\u00a0zaznamenala, \u017ee se k\u00a0n\u00ed v\u00a0kolizn\u00edm kurzu bl\u00ed\u017e\u00ed jachta Bright Future pluj\u00edc\u00ed pod britskou vlajkou. Jachta podle n\u011bj nereagovala na n\u011bkolik pokus\u016f o\u00a0nav\u00e1z\u00e1n\u00ed r\u00e1diov\u00e9ho spojen\u00ed ani na n\u00e1sledn\u00e9 zvukov\u00e9 sign\u00e1ly a\u00a0varovn\u00e9 odp\u00e1len\u00ed sv\u011btlic. \u201ePot\u00e9, co se vzd\u00e1lenost zmen\u0161ila na 150\u00a0metr\u016f, rozhodl velitel fregaty o\u00a0varovn\u00e9 st\u0159elb\u011b z\u00a0ru\u010dn\u00edch zbran\u00ed sm\u011brem k\u00a0dr\u00e1ze plavby jachty. Jachta pot\u00e9 okam\u017eit\u011b zm\u011bnila kurz a\u00a0pokra\u010dovala v\u00a0plavb\u011b sm\u011brem od rusk\u00e9 v\u00e1le\u010dn\u00e9 lodi,\u201c uvedlo ministerstvo.<\/p>\n<p class=\"e_bX\">Mluv\u010d\u00ed britsk\u00e9ho ministerstva obrany podle BBC incident popsal podobn\u011b jako Moskva. \u201eFregata Grigorovi\u010d vyp\u00e1lila varovn\u00e9 v\u00fdst\u0159ely v\u00a0pr\u016flivu po pokusech o\u00a0kontakt s\u00a0britskou lod\u00ed. Nem\u00ed\u0159ily na lo\u010f a\u00a0byly pokusem zabr\u00e1nit mo\u017en\u00e9 sr\u00e1\u017ece,\u201c sd\u011blil mluv\u010d\u00ed, jeho\u017e jm\u00e9no stanice neuv\u00e1d\u00ed. K\u00a0jacht\u011b byl podle n\u00ed vysl\u00e1n \u010dlun z\u00a0britsk\u00e9 hl\u00eddkov\u00e9 lodi, aby shrom\u00e1\u017edil podrobnosti a\u00a0zkontroloval, zda je pos\u00e1dka v\u00a0po\u0159\u00e1dku.<\/p>\n<p class=\"e_bX\">Rusk\u00e9 v\u00e1le\u010dn\u00e9 lod\u011b proplouvaj\u00edc\u00ed Laman\u0161sk\u00fdm pr\u016flivem jsou pod rutinn\u00edm dohledem britsk\u00e9ho n\u00e1mo\u0159nictva. Admiral Grigorovi\u010d se podle The Telegraph nach\u00e1z\u00ed v\u00a0bl\u00edzkosti britsk\u00fdch vod u\u017e n\u011bkolik t\u00fddn\u016f, p\u0159i\u010dem\u017e fregata byla spat\u0159ena, jak doprov\u00e1z\u00ed tankery z\u00a0rusk\u00e9 st\u00ednov\u00e9 flotily. \u00datern\u00ed incident se stal p\u0159ibli\u017en\u011b 35\u00a0kilometr\u016f ji\u017en\u011b od britsk\u00e9ho ostrova Wight, mimo teritori\u00e1ln\u00ed vody Spojen\u00e9ho kr\u00e1lovstv\u00ed.<\/p>\n<p class=\"e_bX\">Odehr\u00e1l se dva dny pot\u00e9, co se britsk\u00e9 s\u00edly v\u00a0Laman\u0161sk\u00e9m pr\u016flivu zmocnily tankeru ze st\u00ednov\u00e9 flotily, kter\u00e1 se pod\u00edl\u00ed na v\u00fdvozu sankcionovan\u00e9 rusk\u00e9 ropy. \u201eUsuzujeme, \u017ee se jedn\u00e1 o\u00a0ojedin\u011bl\u00fd incident, kter\u00fd nesouvis\u00ed s\u00a0t\u00edm, \u017ee Brit\u00e1nie o\u00a0v\u00edkendu zadr\u017eela tanker Smyrtos,\u201c uvedl mluv\u010d\u00ed britsk\u00e9ho resortu obrany k\u00a0\u00fatern\u00ed ud\u00e1losti.<\/p>\n<p><a data-dot=\"mol-article-card-media\" aria-hidden=\"true\" tabindex=\"-1\" href=\"https:\/\/www.seznamzpravy.cz\/clanek\/zahranicni-poprve-po-desetiletich-americane-vystrelili-proti-lodi-z-palubniho-dela-304609\" class=\"e_n f_l1\" rel=\"nofollow noopener\" target=\"_blank\"><img height=\"562\"   width=\"1000\" src=\"https:\/\/www.europesays.com\/cz\/wp-content\/uploads\/2026\/06\/uss-princeton-americke-namornictvo.webp\" loading=\"lazy\" decoding=\"async\" class=\"e_aa e_Z e_T\"\/><\/a><a data-dot=\"mol-article-card-media\" aria-hidden=\"true\" tabindex=\"-1\" href=\"https:\/\/www.seznamzpravy.cz\/clanek\/zahranicni-video-americka-armada-potopila-jednu-z-nejmodernejsich-iranskych-lodi-300680\" class=\"e_n f_l1\" rel=\"nofollow noopener\" target=\"_blank\"><img height=\"405\"   width=\"719\" src=\"https:\/\/www.europesays.com\/cz\/wp-content\/uploads\/2026\/06\/iranska-korveta.jpeg\" loading=\"lazy\" decoding=\"async\" class=\"e_aa e_Z e_T\"\/><\/a><\/p>\n","protected":false},"excerpt":{"rendered":"Britsk\u00fd p\u00e1r, jen\u017e se plavil na jacht\u011b, v\u00a0jej\u00ed\u017e bl\u00edzkosti v\u00a0\u00fater\u00fd vyp\u00e1lila varovn\u00e9 v\u00fdst\u0159ely rusk\u00e1 fregata Admiral Grigorovi\u010d, \u0159ekl&hellip;\n","protected":false},"author":2,"featured_media":120377,"comment_status":"","ping_status":"","sticky":false,"template":"","format":"standard","meta":{"footnotes":"","_share_on_mastodon":"0"},"categories":[11],"tags":[378,11149,3261,61,54,1136,21535,53,52],"class_list":["post-120376","post","type-post","status-publish","format-standard","has-post-thumbnail","category-svet","tag-francie","tag-jachta","tag-lode","tag-rusko","tag-svet","tag-velka-britanie","tag-vystrel","tag-world","tag-world-news"],"share_on_mastodon":{"url":"https:\/\/pubeurope.com\/@cz\/116763765665604364","error":""},"_links":{"self":[{"href":"https:\/\/www.europesays.com\/cz\/wp-json\/wp\/v2\/posts\/120376","targetHints":{"allow":["GET"]}}],"collection":[{"href":"https:\/\/www.europesays.com\/cz\/wp-json\/wp\/v2\/posts"}],"about":[{"href":"https:\/\/www.europesays.com\/cz\/wp-json\/wp\/v2\/types\/post"}],"author":[{"embeddable":true,"href":"https:\/\/www.europesays.com\/cz\/wp-json\/wp\/v2\/users\/2"}],"replies":[{"embeddable":true,"href":"https:\/\/www.europesays.com\/cz\/wp-json\/wp\/v2\/comments?post=120376"}],"version-history":[{"count":0,"href":"https:\/\/www.europesays.com\/cz\/wp-json\/wp\/v2\/posts\/120376\/revisions"}],"wp:featuredmedia":[{"embeddable":true,"href":"https:\/\/www.europesays.com\/cz\/wp-json\/wp\/v2\/media\/120377"}],"wp:attachment":[{"href":"https:\/\/www.europesays.com\/cz\/wp-json\/wp\/v2\/media?parent=120376"}],"wp:term":[{"taxonomy":"category","embeddable":true,"href":"https:\/\/www.europesays.com\/cz\/wp-json\/wp\/v2\/categories?post=120376"},{"taxonomy":"post_tag","embeddable":true,"href":"https:\/\/www.europesays.com\/cz\/wp-json\/wp\/v2\/tags?post=120376"}],"curies":[{"name":"wp","href":"https:\/\/api.w.org\/{rel}","templated":true}]}}