{"id":120596,"date":"2026-06-17T08:57:11","date_gmt":"2026-06-17T08:57:11","guid":{"rendered":"https:\/\/www.europesays.com\/cz\/120596\/"},"modified":"2026-06-17T08:57:11","modified_gmt":"2026-06-17T08:57:11","slug":"po-sprejerech-kteri-ponicili-skaly-v-ceskem-raji-patra-policie","status":"publish","type":"post","link":"https:\/\/www.europesays.com\/cz\/120596\/","title":{"rendered":"Po sprejerech, kte\u0159\u00ed poni\u010dili sk\u00e1ly v\u00a0\u010cesk\u00e9m r\u00e1ji, p\u00e1tr\u00e1 policie"},"content":{"rendered":"<p class=\"c_bz\">K vandalsk\u00e9mu \u010dinu pobl\u00ed\u017e Sedmihorek, v\u00a0oblasti chr\u00e1n\u011bn\u00e9 krajinn\u00e9 oblasti, do\u0161lo zhruba v\u00a0dob\u011b mezi 10.\u00a0a\u017e 12.\u00a0\u010dervnem. V\u00a0t\u011bchto dnech nasprejovan\u00e9 n\u00e1pisy barvou objevila lektorka z\u00a0Autokempu Sedmihorky p\u0159i pobytu s\u00a0d\u011btmi v\u00a0p\u0159\u00edrod\u011b.<\/p>\n<p class=\"c_bz\">\u201ePosprejovali modrou barvou na D\u011btsk\u00e9 nau\u010dn\u00e9 stezce Sedmihorky p\u00edskovcov\u00e9 schody u\u00a0Josefova pramenu v\u010detn\u011b z\u00eddky a\u00a0v \u010d\u00e1sti skaln\u00edho m\u011bsta Hruboskalsko, zvan\u00e9 Mark\u016fv kout, \u010dernou barvou posprejovali dva skaln\u00ed bloky. Krom\u011b toho je\u0161t\u011b nechali sv\u016fj podpis i\u00a0na mostku p\u0159es \u0159\u00ed\u010dku Libu\u0148ku pobl\u00ed\u017e nau\u010dn\u00e9 stezky v\u00a0Sedmihork\u00e1ch,\u201c p\u0159ibl\u00ed\u017eila region\u00e1ln\u00ed mluv\u010d\u00ed policie Ivana Bal\u00e1kov\u00e1.<\/p>\n<p><a data-dot=\"atm-link\" target=\"_self\" href=\"https:\/\/www.novinky.cz\/clanek\/krimi-vandalove-ve-skalnim-meste-v-ceskem-raji-posprejovali-pramennou-stezku-40582927\" class=\"c_N\" rel=\"nofollow noopener\"><img fetchpriority=\"high\" height=\"696\" width=\"1237\" src=\"https:\/\/www.europesays.com\/cz\/wp-content\/uploads\/2026\/06\/1781686630_750_vandalove-cesky-raj-chko-semihorky-liberecky-kraj.jpeg\" loading=\"eager\" decoding=\"sync\" class=\"c_t c_r\"\/><\/a><\/p>\n<p class=\"c_bz\">P\u0159\u00edpadem se nyn\u00ed zab\u00fdvaj\u00ed policist\u00e9 v\u00a0Turnov\u011b a\u00a0po pachateli \u010di pachatel\u00edch intenzivn\u011b p\u00e1traj\u00ed.<\/p>\n<p class=\"c_bz\">\u201eJe mo\u017en\u00e9, \u017ee vandaly n\u011bkdo p\u0159i jejich \u0159\u00e1d\u011bn\u00ed zahl\u00e9dl a\u00a0nebo pozn\u00e1 jejich rukopis,\u201c uvedla mluv\u010d\u00ed. Pokud m\u016f\u017ee n\u011bkdo p\u0159isp\u011bt informacemi k\u00a0dopaden\u00ed sprejer\u016f, a\u0165 kontaktuje linku 158.<\/p>\n<p class=\"c_bz\">Situaci \u0159e\u0161\u00ed i\u00a0CHKO \u010cesk\u00fd r\u00e1j, podle jeho\u017e z\u00e1stupc\u016f do\u0161lo nejen k\u00a0po\u0161kozen\u00ed p\u00edskovcov\u00e9 z\u00eddky hojn\u011b nav\u0161t\u011bvovan\u00e9ho cenn\u00e9ho turistick\u00e9ho m\u00edsta, ale tak\u00e9 k\u00a0posprejov\u00e1n\u00ed skaln\u00edch blok\u016f, za co\u017e m\u016f\u017ee b\u00fdt ulo\u017eena pokuta a\u017e 20\u00a0tis\u00edc korun. Nyn\u00ed se \u0159e\u0161\u00ed, jak\u00fdm zp\u016fsobem n\u00e1pisy ze skal co nej\u0161etrn\u011bji odstranit.<\/p>\n<p class=\"c_bz\">\u201ePosprejovan\u00e9 sk\u00e1ly jsme v\u00a0\u010cesk\u00e9m r\u00e1ji, co si vzpom\u00edn\u00e1m, je\u0161t\u011b ne\u0159e\u0161ili,\u201c uvedla k\u00a0vandalsk\u00e9mu \u010dinu Radka Tom\u00e1\u0161kov\u00e1, vedouc\u00ed odd\u011blen\u00ed Spr\u00e1vy CHKO \u010cesk\u00fd r\u00e1j Agentury ochrany p\u0159\u00edrody a\u00a0krajiny. V\u00a0minulosti se v\u00a0oblasti pot\u00fdkali nej\u010dast\u011bji s\u00a0ryt\u00edm do p\u00edskovcov\u00fdch skal.<\/p>\n<p><img height=\"1200\"   width=\"1600\" src=\"https:\/\/www.europesays.com\/cz\/wp-content\/uploads\/2026\/06\/vandalove-hruboskalsko-sedmihorky-cesky-raj.jpeg\" loading=\"eager\" decoding=\"sync\" class=\"c_t c_r\"\/>Foto: Policie \u010cR<\/p>\n<p class=\"c_bz\">Posprejovan\u00e9 \u010d\u00e1sti stezky. <\/p>\n<p><a data-dot=\"atm-link\" target=\"_self\" href=\"https:\/\/www.novinky.cz\/clanek\/krimi-asistencni-pes-u-nehody-v-praze-upozornil-zachranare-na-blizici-se-epilepticky-zachvat-majitelky-40583496\" class=\"c_N\" rel=\"nofollow noopener\"><img height=\"801\" width=\"1424\" src=\"https:\/\/www.europesays.com\/cz\/wp-content\/uploads\/2026\/06\/1781686631_151_tramvaj-nehoda.jpeg\" loading=\"eager\" decoding=\"sync\" class=\"c_t c_r\"\/><\/a><\/p>\n","protected":false},"excerpt":{"rendered":"K vandalsk\u00e9mu \u010dinu pobl\u00ed\u017e Sedmihorek, v\u00a0oblasti chr\u00e1n\u011bn\u00e9 krajinn\u00e9 oblasti, do\u0161lo zhruba v\u00a0dob\u011b mezi 10.\u00a0a\u017e 12.\u00a0\u010dervnem. V\u00a0t\u011bchto dnech nasprejovan\u00e9&hellip;\n","protected":false},"author":2,"featured_media":120597,"comment_status":"","ping_status":"","sticky":false,"template":"","format":"standard","meta":{"footnotes":"","_share_on_mastodon":"0"},"categories":[7],"tags":[43,42,12696,3428,41,40,1671,33688,6538],"class_list":["post-120596","post","type-post","status-publish","format-standard","has-post-thumbnail","category-cesko","tag-ceska-republika","tag-cesko","tag-cesky-raj","tag-chranena-krajinna-oblast-chko","tag-czech-republic","tag-czechia","tag-liberecky-kraj","tag-piskovcove-skaly","tag-vandalismus"],"share_on_mastodon":{"url":"https:\/\/pubeurope.com\/@cz\/116764622832152823","error":""},"_links":{"self":[{"href":"https:\/\/www.europesays.com\/cz\/wp-json\/wp\/v2\/posts\/120596","targetHints":{"allow":["GET"]}}],"collection":[{"href":"https:\/\/www.europesays.com\/cz\/wp-json\/wp\/v2\/posts"}],"about":[{"href":"https:\/\/www.europesays.com\/cz\/wp-json\/wp\/v2\/types\/post"}],"author":[{"embeddable":true,"href":"https:\/\/www.europesays.com\/cz\/wp-json\/wp\/v2\/users\/2"}],"replies":[{"embeddable":true,"href":"https:\/\/www.europesays.com\/cz\/wp-json\/wp\/v2\/comments?post=120596"}],"version-history":[{"count":0,"href":"https:\/\/www.europesays.com\/cz\/wp-json\/wp\/v2\/posts\/120596\/revisions"}],"wp:featuredmedia":[{"embeddable":true,"href":"https:\/\/www.europesays.com\/cz\/wp-json\/wp\/v2\/media\/120597"}],"wp:attachment":[{"href":"https:\/\/www.europesays.com\/cz\/wp-json\/wp\/v2\/media?parent=120596"}],"wp:term":[{"taxonomy":"category","embeddable":true,"href":"https:\/\/www.europesays.com\/cz\/wp-json\/wp\/v2\/categories?post=120596"},{"taxonomy":"post_tag","embeddable":true,"href":"https:\/\/www.europesays.com\/cz\/wp-json\/wp\/v2\/tags?post=120596"}],"curies":[{"name":"wp","href":"https:\/\/api.w.org\/{rel}","templated":true}]}}