{"id":121353,"date":"2026-06-18T05:22:12","date_gmt":"2026-06-18T05:22:12","guid":{"rendered":"https:\/\/www.europesays.com\/cz\/121353\/"},"modified":"2026-06-18T05:22:12","modified_gmt":"2026-06-18T05:22:12","slug":"urady-zverejnily-totoznost-vsech-osmi-obeti-po-letecke-nehode-v-kalifornii","status":"publish","type":"post","link":"https:\/\/www.europesays.com\/cz\/121353\/","title":{"rendered":"\u00da\u0159ady zve\u0159ejnily toto\u017enost v\u0161ech osmi ob\u011bt\u00ed po leteck\u00e9 nehod\u011b v\u00a0Kalifornii"},"content":{"rendered":"<p class=\"c_bz\">Letoun se z\u0159\u00edtil v\u00a0pond\u011bl\u00ed za jasn\u00e9ho po\u010das\u00ed kr\u00e1tce po startu v\u00a011:20\u00a0m\u00edstn\u00edho \u010dasu (20:20\u00a0SEL\u010c). P\u0159\u00ed\u010dina nehody zat\u00edm nebyla stanovena, podle \u00fa\u0159edn\u00edk\u016f m\u016f\u017ee dokon\u010den\u00ed vy\u0161et\u0159ov\u00e1n\u00ed trvat a\u017e p\u016fl roku. Odborn\u00edci na leteckou bezpe\u010dnost uvedli jako jednu z\u00a0mo\u017en\u00fdch p\u0159\u00ed\u010din poruchu \u0159\u00eddic\u00edch syst\u00e9m\u016f nebo motor\u016f, na definitivn\u00ed z\u00e1v\u011bry je ale zat\u00edm p\u0159\u00edli\u0161 brzy. Vy\u0161et\u0159ovatel\u00e9 mus\u00ed zohlednit n\u011bkolik faktor\u016f, jako je st\u00e1\u0159\u00ed a\u00a0\u00fadr\u017eba stroje.<\/p>\n<p class=\"c_bz\">Leti\u0161t\u011b z\u016fst\u00e1v\u00e1 uzav\u0159eno, ostatn\u00ed \u010dinnosti na z\u00e1kladn\u011b u\u017e ale byly podle jej\u00edho mluv\u010d\u00edho obnoveny. Ob\u011btem bylo mezi 32\u00a0a\u00a053\u00a0lety a\u00a0jednalo se o\u00a0plukovn\u00edka, podplukovn\u00edka ve v\u00fdslu\u017eb\u011b, podplukovn\u00edka, t\u0159i majory a\u00a0dva dal\u0161\u00ed mu\u017ee. \u201eByli to oddan\u00ed profesion\u00e1lov\u00e9, milovan\u00ed \u010dlenov\u00e9 rodin a\u00a0nenahraditeln\u00ed kolegov\u00e9,\u201c uvedl v\u00a0prohl\u00e1\u0161en\u00ed velitel 412.\u00a0testovac\u00ed letky na z\u00e1kladn\u011b Thomas Tauer.<\/p>\n<p class=\"c_bz\">Havarovan\u00fd stroj se \u00fa\u010dastnil zku\u0161ebn\u00ed mise v\u00a0r\u00e1mci programu, jeho\u017e c\u00edlem je udr\u017eet 65\u00a0let starou flotilu bombard\u00e9r\u016f v\u00a0provozuschopn\u00e9m stavu alespo\u0148 do roku 2050.\u00a0Bombard\u00e9r dorazil na Edwardsovu leteckou z\u00e1kladnu v\u00a0prosinci pot\u00e9, co mu byl v\u00a0texask\u00e9m z\u00e1vod\u011b Boeingu nainstalov\u00e1n modernizovan\u00fd radar. Podle letectva bylo v\u00a0pl\u00e1nu vyu\u017e\u00edt bombard\u00e9r v\u00a0pr\u016fb\u011bhu leto\u0161n\u00edho roku jako testovac\u00ed platformu, aby pomohl vojensk\u00fdm p\u0159edstavitel\u016fm rozhodnout, zda pokra\u010dovat v\u00a0programu modernizace radar\u016f letoun\u016f B-52.<\/p>\n<p class=\"c_bz\">Bombard\u00e9r B-52, kter\u00fd byl za\u0159azen do slu\u017eby v\u00a0roce 1955, je navr\u017een k\u00a0p\u0159eprav\u011b jak konven\u010dn\u00edch, tak jadern\u00fdch zbran\u00ed. Americk\u00e1 arm\u00e1da jej nasadila nap\u0159\u00edklad ve v\u00e1lce ve Vietnamu \u010di v\u00a0\u00cdr\u00e1nu.<\/p>\n<p class=\"c_bz\">Na Edwardsov\u011b leteck\u00e9 z\u00e1kladn\u011b prov\u00e1d\u00ed 412.\u00a0testovac\u00ed letka pravideln\u00e9 v\u00fdvojov\u00e9 testy v\u0161ech letadel, zbra\u0148ov\u00fdch syst\u00e9m\u016f, softwaru a\u00a0komponent\u016f letectva p\u0159ed jejich zakoupen\u00edm arm\u00e1dou a\u00a0po celou dobu jejich \u017eivotnosti.<\/p>\n<p><a data-dot=\"atm-link\" target=\"_self\" href=\"https:\/\/www.novinky.cz\/clanek\/zahranicni-strategicky-bombarder-b-52-se-zritil-pri-testovacim-letu-40583554\" class=\"c_N\" rel=\"nofollow noopener\"><img fetchpriority=\"high\" height=\"787\" width=\"1400\" src=\"https:\/\/www.europesays.com\/cz\/wp-content\/uploads\/2026\/06\/b-52-stratofortress.jpeg\" loading=\"eager\" decoding=\"sync\" class=\"c_t c_r\"\/><\/a><\/p>\n","protected":false},"excerpt":{"rendered":"Letoun se z\u0159\u00edtil v\u00a0pond\u011bl\u00ed za jasn\u00e9ho po\u010das\u00ed kr\u00e1tce po startu v\u00a011:20\u00a0m\u00edstn\u00edho \u010dasu (20:20\u00a0SEL\u010c). P\u0159\u00ed\u010dina nehody zat\u00edm nebyla stanovena,&hellip;\n","protected":false},"author":2,"featured_media":121354,"comment_status":"","ping_status":"","sticky":false,"template":"","format":"standard","meta":{"footnotes":"","_share_on_mastodon":"0"},"categories":[11],"tags":[12222,306,3209,3145,735,54,53,52],"class_list":["post-121353","post","type-post","status-publish","format-standard","has-post-thumbnail","category-svet","tag-bombardery","tag-kalifornie","tag-letouny","tag-nehody","tag-pozar","tag-svet","tag-world","tag-world-news"],"share_on_mastodon":{"url":"https:\/\/pubeurope.com\/@cz\/116769439668801110","error":""},"_links":{"self":[{"href":"https:\/\/www.europesays.com\/cz\/wp-json\/wp\/v2\/posts\/121353","targetHints":{"allow":["GET"]}}],"collection":[{"href":"https:\/\/www.europesays.com\/cz\/wp-json\/wp\/v2\/posts"}],"about":[{"href":"https:\/\/www.europesays.com\/cz\/wp-json\/wp\/v2\/types\/post"}],"author":[{"embeddable":true,"href":"https:\/\/www.europesays.com\/cz\/wp-json\/wp\/v2\/users\/2"}],"replies":[{"embeddable":true,"href":"https:\/\/www.europesays.com\/cz\/wp-json\/wp\/v2\/comments?post=121353"}],"version-history":[{"count":0,"href":"https:\/\/www.europesays.com\/cz\/wp-json\/wp\/v2\/posts\/121353\/revisions"}],"wp:featuredmedia":[{"embeddable":true,"href":"https:\/\/www.europesays.com\/cz\/wp-json\/wp\/v2\/media\/121354"}],"wp:attachment":[{"href":"https:\/\/www.europesays.com\/cz\/wp-json\/wp\/v2\/media?parent=121353"}],"wp:term":[{"taxonomy":"category","embeddable":true,"href":"https:\/\/www.europesays.com\/cz\/wp-json\/wp\/v2\/categories?post=121353"},{"taxonomy":"post_tag","embeddable":true,"href":"https:\/\/www.europesays.com\/cz\/wp-json\/wp\/v2\/tags?post=121353"}],"curies":[{"name":"wp","href":"https:\/\/api.w.org\/{rel}","templated":true}]}}