{"id":121567,"date":"2026-06-18T08:33:09","date_gmt":"2026-06-18T08:33:09","guid":{"rendered":"https:\/\/www.europesays.com\/cz\/121567\/"},"modified":"2026-06-18T08:33:09","modified_gmt":"2026-06-18T08:33:09","slug":"prerov-si-pripomene-tragedii-na-svedskych-sancich-o-zivot-tu-po-valce-prislo-267-lidi","status":"publish","type":"post","link":"https:\/\/www.europesays.com\/cz\/121567\/","title":{"rendered":"P\u0159erov si p\u0159ipomene trag\u00e9dii na \u0160v\u00e9dsk\u00fdch \u0161anc\u00edch. O\u00a0\u017eivot tu po v\u00e1lce p\u0159i\u0161lo 267\u00a0lid\u00ed"},"content":{"rendered":"<p class=\"c_bz\">\u201eVzpom\u00ednkov\u00e1 akce se uskute\u010dn\u00ed v\u00a0ned\u011bli 21.\u00a0\u010dervna. Pieta za\u010dne ve 13\u00a0hodin u\u00a0hrobu ob\u011bt\u00ed na m\u011bstsk\u00e9m h\u0159bitov\u011b, kde prob\u011bhne \u00favodn\u00ed setk\u00e1n\u00ed a\u00a0uct\u011bn\u00ed pam\u00e1tky. Ve 14\u00a0hodin bude program pokra\u010dovat na \u0160v\u00e9dsk\u00fdch \u0161anc\u00edch u\u00a0k\u0159\u00ed\u017ee spole\u010dnou modlitbou,\u201c informoval Novinky p\u0159erovsk\u00fd prim\u00e1tor Petr Vr\u00e1na (ANO).<\/p>\n<p class=\"c_bz\">Trag\u00e9die na \u0160v\u00e9dsk\u00fdch \u0161anc\u00edch se odehr\u00e1la v\u00a0noci z\u00a018.\u00a0na 19.\u00a0\u010dervna 1945, kr\u00e1tce po skon\u010den\u00ed druh\u00e9 sv\u011btov\u00e9 v\u00e1lky. O\u00a0\u017eivot tu p\u0159i\u0161lo 120\u00a0\u017een, 72\u00a0mu\u017e\u016f a\u00a075\u00a0d\u011bt\u00ed, v\u010detn\u011b kojenc\u016f. Jednalo se o\u00a0Karpatsk\u00e9 N\u011bmce ze Slovenska, slovensk\u00e9 Ma\u010fary a\u00a0Slov\u00e1ky, kte\u0159\u00ed se vraceli z\u00a0v\u00e1lky dom\u016f.<\/p>\n<p class=\"c_bz\">Vlaku, v\u00a0n\u011bm\u017e cestovali, si na p\u0159erovsk\u00e9m n\u00e1dra\u017e\u00ed v\u0161imli p\u0159\u00edslu\u0161n\u00edci 17.\u00a0p\u011b\u0161\u00edho pluku z\u00a0Petr\u017ealky. Nemilosrdn\u011b nechali cestuj\u00edc\u00ed vyvl\u00e9ci z\u00a0vagon\u016f a\u00a0dovedli je na kopec nad P\u0159erovem. Tam byli bez jak\u00e9hokoli soudu zast\u0159eleni kulkou do t\u00fdlu. Je\u0161t\u011b p\u0159edt\u00edm se museli svl\u00e9ct do spodn\u00edho pr\u00e1dla a\u00a0odevzdat cennosti.<\/p>\n<p><a data-dot=\"atm-link\" target=\"_self\" href=\"https:\/\/www.novinky.cz\/clanek\/historie-v-prerove-se-poprve-rozezni-zvony-smireni-pripomenou-vyroci-povalecneho-masakru-40525392\" class=\"c_N\" rel=\"nofollow noopener\"><img fetchpriority=\"high\" height=\"2304\" width=\"4096\" src=\"https:\/\/www.europesays.com\/cz\/wp-content\/uploads\/2026\/06\/prerov-svedske-sance-masakr-pieta-zvony.jpeg\" loading=\"eager\" decoding=\"sync\" class=\"c_t c_r\"\/><\/a><\/p>\n<p class=\"c_bz\">Ob\u011bti tvo\u0159ili civilist\u00e9, kte\u0159\u00ed nem\u011bli s\u00a0v\u00e1le\u010dn\u00fdmi zlo\u010diny nic spole\u010dn\u00e9ho. Historici \u0159ad\u00ed masakr mezi nejhor\u0161\u00ed p\u0159\u00edpady msty na n\u011bmecky mluv\u00edc\u00edm obyvatelstvu v\u00a0pov\u00e1le\u010dn\u00e9m \u010ceskoslovensku.<\/p>\n<p class=\"c_bz\">A\u017e do roku 1989\u00a0se o\u00a0trag\u00e9dii ml\u010delo. \u201eP\u0159erov si tuto bolestnou kapitolu p\u0159ipom\u00edn\u00e1 pravideln\u011b, s\u00a0\u00factou k\u00a0ob\u011btem i\u00a0s v\u011bdom\u00edm, \u017ee pam\u011b\u0165 minulosti je d\u016fle\u017eit\u00fdm p\u0159edpokladem pro porozum\u011bn\u00ed sou\u010dasnosti,\u201c uvedla mluv\u010d\u00ed p\u0159erovsk\u00e9ho magistr\u00e1tu Lenka Chalupov\u00e1.<\/p>\n<p><img height=\"2304\"   width=\"4096\" src=\"https:\/\/www.europesays.com\/cz\/wp-content\/uploads\/2026\/06\/prerov-masakr-valka-svedske-sance.jpeg\" loading=\"eager\" decoding=\"sync\" class=\"c_t c_r\"\/>Foto: Miloslav Hradil, Novinky<\/p>\n<p class=\"c_bz\">Pietn\u00ed akce se na \u0160v\u00e9dsk\u00fdch \u0161anc\u00edch konaj\u00ed v\u00a0posledn\u00edch letech pravideln\u011b.<\/p>\n<p class=\"c_bz\">Rozhoduj\u00edc\u00ed roli v\u00a0trag\u00e9dii na \u0160v\u00e9dsk\u00fdch \u0161anc\u00edch sehr\u00e1l d\u016fstojn\u00edk Karol Paz\u00far. Tvrdil, \u017ee v\u00a0transportu jsou kolaboranti a\u00a0p\u0159\u00edslu\u0161n\u00edci SS, kte\u0159\u00ed mohou za v\u00e1le\u010dn\u00e1 zv\u011brstva, a\u00a0sestavil tak\u00e9 poprav\u010d\u00ed \u010detu.<\/p>\n<p>Hlavn\u00edho akt\u00e9ra Gottwald omilostnil<\/p>\n<p class=\"c_bz\">Akt msty skon\u010dil 19.\u00a0\u010dervna kr\u00e1tce p\u0159ed p\u016fl p\u00e1tou r\u00e1no, kdy byl hrob pln\u00fd t\u011bl. Vrazi pak spokojen\u011b odjeli do Bratislavy. Nejmlad\u0161\u00edm ob\u011btem bylo n\u011bkolik m\u011bs\u00edc\u016f. Hromadn\u00fd hrob museli vykopat m\u00edstn\u00ed lid\u00e9.<\/p>\n<p><a data-dot=\"atm-link\" target=\"_self\" href=\"https:\/\/www.novinky.cz\/clanek\/historie-vyzkum-potvrdil-hromadny-hrob-obeti-povalecneho-nasili-pripomina-na-karlovarsku-skleneny-kriz-40582918\" class=\"c_N\" rel=\"nofollow noopener\"><img height=\"675\" width=\"1199\" src=\"https:\/\/www.europesays.com\/cz\/wp-content\/uploads\/2026\/06\/pietni-setkani-u-prilezitosti-obnovy-historickeho-mista-u-kaunznerova-krize-v-nove-visce-na-karlovar.jpeg\" loading=\"eager\" decoding=\"sync\" class=\"c_t c_r\"\/><\/a><\/p>\n<p class=\"c_bz\">P\u0159\u00edpad byl nakonec doveden a\u017e p\u0159ed soud. Hlavn\u00ed akt\u00e9r trag\u00e9die Paz\u00far dostal nejprve trest 7,5\u00a0roku v\u011bzen\u00ed, nejvy\u0161\u0161\u00ed vojensk\u00fd soud v\u00a0Praze mu jej pak v\u00a0roce 1949\u00a0zv\u00fd\u0161il na 20\u00a0let. Prezident Klement Gottwald v\u0161ak Paz\u00fara v\u00a0roce 1951\u00a0amnestoval, co\u017e souviselo s\u00a0vazbami odsouzen\u00e9ho zlo\u010dince na komunistick\u00e9 p\u0159edstavitele.<\/p>\n<p class=\"c_bz\">S Paz\u00farem souzen\u00fd Bed\u0159ich Smetana p\u0159ed n\u00e1stupem do v\u011bzen\u00ed uprchl p\u0159es Ma\u010farsko do Izraele. Nakonec se dostal a\u017e na Nov\u00fd Z\u00e9land, kde zem\u0159el.<\/p>\n<p class=\"c_bz\">Exhumace t\u011bl z\u00a0hromadn\u00e9ho hrobu byla provedena na podzim roku 1947.\u00a0Mu\u017ei byli poh\u0159beni v\u00a0P\u0159erov\u011b, zat\u00edmco ostatky \u017een a\u00a0d\u011bt\u00ed byly p\u0159evezeny do krematoria a\u00a0jejich popel byl ve dvou schr\u00e1n\u00e1ch ulo\u017een na olomouck\u00e9m h\u0159bitov\u011b. Teprve v\u00a0roce 2017\u00a0se poda\u0159ilo ostatky \u017een a\u00a0d\u011bt\u00ed p\u0159ev\u00e9zt a\u00a0d\u016fstojn\u011b ulo\u017eit na p\u0159erovsk\u00e9m h\u0159bitov\u011b.<\/p>\n<p><a data-dot=\"atm-link\" target=\"_self\" href=\"https:\/\/www.novinky.cz\/clanek\/historie-uplynulo-80-let-od-zahajeni-odsunu-nemcu-do-sovetske-okupacni-zony-40582298\" class=\"c_N\" rel=\"nofollow noopener\"><img height=\"1012\" width=\"1800\" src=\"https:\/\/www.europesays.com\/cz\/wp-content\/uploads\/2026\/06\/1946-odsun-nemci-sudety.jpeg\" loading=\"eager\" decoding=\"sync\" class=\"c_t c_r\"\/><\/a><\/p>\n","protected":false},"excerpt":{"rendered":"\u201eVzpom\u00ednkov\u00e1 akce se uskute\u010dn\u00ed v\u00a0ned\u011bli 21.\u00a0\u010dervna. Pieta za\u010dne ve 13\u00a0hodin u\u00a0hrobu ob\u011bt\u00ed na m\u011bstsk\u00e9m h\u0159bitov\u011b, kde prob\u011bhne \u00favodn\u00ed&hellip;\n","protected":false},"author":2,"featured_media":121568,"comment_status":"","ping_status":"","sticky":false,"template":"","format":"standard","meta":{"footnotes":"","_share_on_mastodon":"0"},"categories":[7],"tags":[43,42,41,40,2209,441,8067,33991,3520,3534,33992],"class_list":["post-121567","post","type-post","status-publish","format-standard","has-post-thumbnail","category-cesko","tag-ceska-republika","tag-cesko","tag-czech-republic","tag-czechia","tag-druha-svetova-valka","tag-historie","tag-klement-gottwald","tag-masakr","tag-odsun-nemcu","tag-prerov","tag-svedske-sance"],"share_on_mastodon":{"url":"https:\/\/pubeurope.com\/@cz\/116770190601366496","error":""},"_links":{"self":[{"href":"https:\/\/www.europesays.com\/cz\/wp-json\/wp\/v2\/posts\/121567","targetHints":{"allow":["GET"]}}],"collection":[{"href":"https:\/\/www.europesays.com\/cz\/wp-json\/wp\/v2\/posts"}],"about":[{"href":"https:\/\/www.europesays.com\/cz\/wp-json\/wp\/v2\/types\/post"}],"author":[{"embeddable":true,"href":"https:\/\/www.europesays.com\/cz\/wp-json\/wp\/v2\/users\/2"}],"replies":[{"embeddable":true,"href":"https:\/\/www.europesays.com\/cz\/wp-json\/wp\/v2\/comments?post=121567"}],"version-history":[{"count":0,"href":"https:\/\/www.europesays.com\/cz\/wp-json\/wp\/v2\/posts\/121567\/revisions"}],"wp:featuredmedia":[{"embeddable":true,"href":"https:\/\/www.europesays.com\/cz\/wp-json\/wp\/v2\/media\/121568"}],"wp:attachment":[{"href":"https:\/\/www.europesays.com\/cz\/wp-json\/wp\/v2\/media?parent=121567"}],"wp:term":[{"taxonomy":"category","embeddable":true,"href":"https:\/\/www.europesays.com\/cz\/wp-json\/wp\/v2\/categories?post=121567"},{"taxonomy":"post_tag","embeddable":true,"href":"https:\/\/www.europesays.com\/cz\/wp-json\/wp\/v2\/tags?post=121567"}],"curies":[{"name":"wp","href":"https:\/\/api.w.org\/{rel}","templated":true}]}}