{"id":121901,"date":"2026-06-18T12:33:11","date_gmt":"2026-06-18T12:33:11","guid":{"rendered":"https:\/\/www.europesays.com\/cz\/121901\/"},"modified":"2026-06-18T12:33:11","modified_gmt":"2026-06-18T12:33:11","slug":"vystava-memory-of-touch-dava-poprve-nahlednout-do-sbirek-kunsthalle-praha-aktualne-cz","status":"publish","type":"post","link":"https:\/\/www.europesays.com\/cz\/121901\/","title":{"rendered":"V\u00fdstava Memory of Touch d\u00e1v\u00e1 poprv\u00e9 nahl\u00e9dnout do sb\u00edrek Kunsthalle Praha \u2013 Aktu\u00e1ln\u011b.cz"},"content":{"rendered":"<p>V\u00fdstava bude m\u00edt dv\u011b \u010d\u00e1sti, prvn\u00ed z nich za\u010dne 19. \u010dervna a potrv\u00e1 do 8. \u0159\u00edjna, nav\u00e1\u017ee pot\u00e9 druh\u00e1 kapitola. V\u00fdstavn\u00ed d\u016fm na pra\u017esk\u00e9m Kl\u00e1rov\u011b p\u0159edvedl novin\u00e1\u0159\u016fm expozici sestavenou z d\u011bl v\u00edce ne\u017e 30 um\u011blc\u016f, z nich\u017e n\u011bkte\u0159\u00ed jsou ze zahrani\u010d\u00ed.<\/p>\n<p>Kur\u00e1tor Logar hledal momenty, kter\u00e9 rezonuj\u00ed mezi v\u00edce tv\u016frci. \u201eVystavujeme d\u00edla od historick\u00e9 avantgardy po dne\u0161ek,\u201c \u0159ekl. V t\u00e9matu nazvan\u00e9m Hranice lze vedle sebe vid\u011bt obrazy Emila Filly, Jind\u0159icha \u0160tyrsk\u00e9ho, Jitky Kol\u00ednsk\u00e9, Zby\u0148ka Sekala, Theodora Pi\u0161t\u011bka, film Ji\u0159\u00edho \u010cernick\u00e9ho a leto\u0161n\u00ed malby p\u0159izvan\u00e9ho um\u011blce Igora Hosnedla.<\/p>\n<p>Souvisej\u00edc\u00ed<\/p>\n<p><img decoding=\"async\" alt=\"Studenti b\u011bhem debaty v Kunsthalle Praha.\" class=\"e-ui-image__img\" loading=\"lazy\" src=\"https:\/\/www.europesays.com\/cz\/wp-content\/uploads\/2026\/06\/dsc00263.jpg\" \/><img decoding=\"async\" alt=\"Studenti b\u011bhem debaty v Kunsthalle Praha.\" class=\"e-ui-image__img\" loading=\"lazy\" src=\"https:\/\/www.europesays.com\/cz\/wp-content\/uploads\/2026\/06\/1781785989_587_dsc00263.jpg\" \/><img decoding=\"async\" alt=\"Studenti b\u011bhem debaty v Kunsthalle Praha.\" class=\"e-ui-image__img\" loading=\"lazy\" src=\"https:\/\/www.europesays.com\/cz\/wp-content\/uploads\/2026\/06\/1781785989_587_dsc00263.jpg\" \/><\/p>\n<p>9 fotografi\u00edProhl\u00e9dnout si 9 fotografi\u00ed<\/p>\n<p>T\u00e9ma intimity spojilo d\u00edla Agnes Denesov\u00e9, B\u011bly Kol\u00e1\u0159ov\u00e9, Evy Ko\u0165\u00e1tkov\u00e9, Bohumila Kubi\u0161ty, J\u00e1na Man\u010du\u0161ky, Edity Schubertov\u00e9 s novou instalac\u00ed Valent\u00fdny Jan\u016f. Z dialogu se sou\u010dasnou um\u011blkyn\u00ed Jan\u016f podle Logara vznikl n\u00e1zev v\u00fdstavy Memory of Touch, odkazovat m\u00e1 ke k\u0159ehkosti a zranitelnosti.<\/p>\n<p><img decoding=\"async\" alt=\"v\u00fdstava Memory of Touch: Kapitola I\" class=\"e-ui-image__img\" loading=\"lazy\" src=\"https:\/\/www.europesays.com\/cz\/wp-content\/uploads\/2026\/06\/P2026061805431.jpg\" \/><\/p>\n<p>V\u00fdstava Memory of Touch: Kapitola I v Kunsthalle, 18. \u010dervna 2026, Praha. Na sn\u00edmku d\u00edlo od Heinze Macka Dynamick\u00e1 struktura.Foto: CTK \u2013 \u0160ulov\u00e1 Kate\u0159ina<\/p>\n<p>Logar \u0159ekl, \u017ee v Praze nav\u0161t\u011bvuje mlad\u00e9 um\u011blce a sna\u017e\u00ed se porozum\u011bt tomu, co je zaj\u00edm\u00e1. \u0160est z nich na v\u00fdstavu p\u0159izval, jejich d\u00edla ve sb\u00edrce Kunsthalle Praha nebyla.<\/p>\n<p>P\u0159es dv\u011b tis\u00edcovky d\u011bl<\/p>\n<p>J\u00e1drem sb\u00edrky je podle jej\u00ed kur\u00e1torky Barbory Ropkov\u00e9 kolekce vlastn\u011bn\u00e1 zakladateli galerie The Pudil Family Foundation. \u201eSb\u00edrka Kunsthalle Praha dnes zahrnuje v\u00edce ne\u017e 2000 d\u011bl,\u201c uvedla Ropkov\u00e1. Jde o r\u016fzn\u00e1 m\u00e9dia, malby, velkoform\u00e1tov\u00e9 instalace, intervence nebo i performance.<\/p>\n<p><img decoding=\"async\" alt=\"v\u00fdstava Memory of Touch: Kapitola I\" class=\"e-ui-image__img\" loading=\"lazy\" src=\"https:\/\/www.europesays.com\/cz\/wp-content\/uploads\/2026\/06\/P2026061805370.jpg\" \/><\/p>\n<p>V\u00fdstava Memory of Touch: Kapitola I v Kunsthalle, 18. \u010dervna 2026, Praha. Na sn\u00edmku d\u00edlo od Velent\u00fdny Jan\u016f Cherry Says No.Foto: CTK \u2013 \u0160ulov\u00e1 Kate\u0159ina<\/p>\n<p>Kunsthalle Praha spravuje tak\u00e9 dva soubory, a sice sb\u00edrku Marie a Milana Kn\u00ed\u017e\u00e1kov\u00fdch Fluxus a sb\u00edrku Evy a Petra Zemanov\u00fdch. Vlastn\u00ed sb\u00edrky Kunsthalle Praha roz\u0161i\u0159uje akvizicemi, nap\u0159\u00edklad d\u00edla avantgardy nen\u00ed podle Ropkov\u00e9 t\u00e9m\u011b\u0159 mo\u017en\u00e9 z\u00edskat jinak ne\u017e p\u0159i aukc\u00edch.<\/p>\n<p>Bl\u00edzkost d\u011bl r\u016fzn\u00fdch \u017e\u00e1nr\u016f a dob na v\u00fdstav\u011b Memory of Touch nevysv\u011btluj\u00ed jen popisky, k dispozici je audiopr\u016fvodce v r\u016fzn\u00fdch jazyc\u00edch. Ob\u011b kapitoly v\u00fdstavy pokryje katalog, Kunsthalle Praha ho zam\u00fd\u0161l\u00ed vydat u p\u0159\u00edle\u017eitost p\u011bti let od sv\u00e9ho vzniku. V\u00fdro\u010d\u00ed p\u0159ipadne na \u00fanor 2027.<\/p>\n<p><img decoding=\"async\" alt=\"v\u00fdstava Memory of Touch: Kapitola I\" class=\"e-ui-image__img\" loading=\"lazy\" src=\"https:\/\/www.europesays.com\/cz\/wp-content\/uploads\/2026\/06\/P2026061805425.jpg\" \/><\/p>\n<p>V\u00fdstava Memory of Touch: Kapitola I v Kunsthalle, 18. \u010dervna 2026, Praha. Na sn\u00edmku d\u00edlo od Edity Schubert Chanel + Moulinex.Foto: CTK \u2013 \u0160ulov\u00e1 Kate\u0159ina<\/p>\n<p>Za vznikem galerijn\u00edho prostoru Kunsthalle Praha stoj\u00ed nadace man\u017eel\u016f Petra a Pavl\u00edny Pudilov\u00fdch, kter\u00e1 objekt na Kl\u00e1rov\u011b koupila, zaplatila jeho p\u0159estavbu a buduje sb\u00edrku um\u011bn\u00ed. Koup\u011b budovy a jej\u00ed rekonstrukce p\u0159i\u0161la podle z\u00e1stupc\u016f majitele na v\u00edce ne\u017e 800 milion\u016f korun. Vedle v\u00fdstav se v\u011bnuje tak\u00e9 vzd\u011bl\u00e1vac\u00edm program\u016fm a program\u016fm pro \u0161koly.<\/p>\n","protected":false},"excerpt":{"rendered":"V\u00fdstava bude m\u00edt dv\u011b \u010d\u00e1sti, prvn\u00ed z nich za\u010dne 19. \u010dervna a potrv\u00e1 do 8. \u0159\u00edjna, nav\u00e1\u017ee pot\u00e9&hellip;\n","protected":false},"author":2,"featured_media":121902,"comment_status":"","ping_status":"","sticky":false,"template":"","format":"standard","meta":{"footnotes":"","_share_on_mastodon":"0"},"categories":[30],"tags":[1448,34065,98,99,10095,6511,1450],"class_list":["post-121901","post","type-post","status-publish","format-standard","has-post-thumbnail","category-praha","tag-kultura","tag-kunsthalle-praha","tag-prague","tag-praha","tag-sbirka","tag-vystava","tag-vytvarne-umeni"],"share_on_mastodon":{"url":"https:\/\/pubeurope.com\/@cz\/116771134519669352","error":""},"_links":{"self":[{"href":"https:\/\/www.europesays.com\/cz\/wp-json\/wp\/v2\/posts\/121901","targetHints":{"allow":["GET"]}}],"collection":[{"href":"https:\/\/www.europesays.com\/cz\/wp-json\/wp\/v2\/posts"}],"about":[{"href":"https:\/\/www.europesays.com\/cz\/wp-json\/wp\/v2\/types\/post"}],"author":[{"embeddable":true,"href":"https:\/\/www.europesays.com\/cz\/wp-json\/wp\/v2\/users\/2"}],"replies":[{"embeddable":true,"href":"https:\/\/www.europesays.com\/cz\/wp-json\/wp\/v2\/comments?post=121901"}],"version-history":[{"count":0,"href":"https:\/\/www.europesays.com\/cz\/wp-json\/wp\/v2\/posts\/121901\/revisions"}],"wp:featuredmedia":[{"embeddable":true,"href":"https:\/\/www.europesays.com\/cz\/wp-json\/wp\/v2\/media\/121902"}],"wp:attachment":[{"href":"https:\/\/www.europesays.com\/cz\/wp-json\/wp\/v2\/media?parent=121901"}],"wp:term":[{"taxonomy":"category","embeddable":true,"href":"https:\/\/www.europesays.com\/cz\/wp-json\/wp\/v2\/categories?post=121901"},{"taxonomy":"post_tag","embeddable":true,"href":"https:\/\/www.europesays.com\/cz\/wp-json\/wp\/v2\/tags?post=121901"}],"curies":[{"name":"wp","href":"https:\/\/api.w.org\/{rel}","templated":true}]}}