{"id":122021,"date":"2026-06-18T14:14:16","date_gmt":"2026-06-18T14:14:16","guid":{"rendered":"https:\/\/www.europesays.com\/cz\/122021\/"},"modified":"2026-06-18T14:14:16","modified_gmt":"2026-06-18T14:14:16","slug":"kraus-ponizil-soukalovou-navazel-se-do-jejiho-soukromi-nevynechal-ani-tehotenstvi","status":"publish","type":"post","link":"https:\/\/www.europesays.com\/cz\/122021\/","title":{"rendered":"Kraus pon\u00ed\u017eil Soukalovou, nav\u00e1\u017eel se do jej\u00edho soukrom\u00ed. Nevynechal ani t\u011bhotenstv\u00ed"},"content":{"rendered":"<p class=\"e_cz\">Jan Kraus si za roky vys\u00edl\u00e1n\u00ed vybudoval pov\u011bst moder\u00e1tora, kter\u00fd se s\u00a0hosty nemazl\u00ed. Jeho sarkasmus a\u00a0pohotovost jedni obdivuj\u00ed, druz\u00ed v\u00a0nich vid\u00ed zbyte\u010dn\u00e9 shazov\u00e1n\u00ed lid\u00ed p\u0159ed kamerami. Kdy\u017e na \u010derven\u00fd gau\u010d v\u00a0Show Jana Krause usedla b\u00fdval\u00e1 biatlonov\u00e1 hv\u011bzda Gabriela Soukalov\u00e1, uk\u00e1zalo se, \u017ee ani ona nebude v\u00fdjimkou.<\/p>\n<p>Zbyte\u010dn\u00e9 r\u00e1doby vtipn\u00e9 pozn\u00e1mky<\/p>\n<p class=\"e_cz\">Prvn\u00ed r\u00fdpance p\u0159i\u0161ly u\u017e ve chv\u00edli, kdy se otev\u0159elo t\u00e9ma jej\u00ed autobiografick\u00e9 knihy. Kraus p\u0159ipomn\u011bl, \u017ee si z\u00a0publikace pamatuje hlavn\u011b st\u00ed\u017enosti, a\u00a0kdy\u017e Soukalov\u00e1 nam\u00edtla, \u017ee od \u010dten\u00e1\u0159\u016f sl\u00fdch\u00e1 p\u0159ev\u00e1\u017en\u011b pozitivn\u00ed reakce, okam\u017eit\u011b p\u0159i\u0161el s\u00a0dal\u0161\u00ed ironickou pozn\u00e1mkou. \u201eTo jsou zase t\u0159eba lidi, kter\u00fdm jste p\u016fj\u010dila prachy nebo tak. To oni to pak hodnot\u00ed jinak,\u201c uculoval se. Atmosf\u00e9ra se od t\u00e9 chv\u00edle nesla ve zn\u00e1m\u00e9m duchu, tedy moder\u00e1tor nenechal p\u0159\u00edli\u0161 prostoru k\u00a0vysv\u011btlov\u00e1n\u00ed a\u00a0ka\u017ed\u00e9 t\u00e9ma doprovodil vlastn\u00edm koment\u00e1\u0159em.<\/p>\n<p class=\"e_cz\">\u0158e\u010d n\u00e1sledn\u011b p\u0159i\u0161la na sportovn\u00ed kari\u00e9ru n\u011bkolikan\u00e1sobn\u00e9 medailistky. Kraus si neodpustil pozn\u00e1mky na adresu biatlonu, konkr\u00e9tn\u011b trestn\u00e9ho kola po nep\u0159esn\u00e9 st\u0159elb\u011b. Podle n\u011bj jde o\u00a0jeden z\u00a0nejv\u00edce poni\u017euj\u00edc\u00edch moment\u016f ve sportu, kdy z\u00e1vodn\u00edk krou\u017e\u00ed na trati, zat\u00edmco soupe\u0159i pokra\u010duj\u00ed d\u00e1l.<\/p>\n<p><img fetchpriority=\"high\" height=\"4096\"   width=\"2730\" src=\"https:\/\/www.europesays.com\/cz\/wp-content\/uploads\/2026\/06\/jan-kraus.jpeg\" loading=\"eager\" decoding=\"sync\" class=\"e_ah e_af\"\/>Foto: NextFoto (koupen\u00e1 licence)<\/p>\n<p class=\"e_cz\">Jan Kraus to podle mnoh\u00fdch \u010dasto p\u0159eh\u00e1n\u00ed<\/p>\n<p class=\"e_cz\">Soukalov\u00e1 se sna\u017eila vysv\u011btlit, \u017ee pr\u00e1v\u011b v\u00a0tom vid\u00ed ur\u010ditou spravedlnost, kter\u00e1 ve skute\u010dn\u00e9m \u017eivot\u011b \u010dasto chyb\u00ed. Moder\u00e1tor v\u0161ak z\u016fstal v\u011brn\u00fd sv\u00e9 nads\u00e1zce a\u00a0d\u00e1l rozv\u00edjel vlastn\u00ed pohled na v\u011bc. M\u00edsty tak rozhovor p\u0159ipom\u00ednal sp\u00ed\u0161 slovn\u00ed p\u0159est\u0159elku ne\u017e klasick\u00e9 pov\u00edd\u00e1n\u00ed s\u00a0hostem.<\/p>\n<p>Op\u0159el se i\u00a0do jej\u00edho t\u011bhotenstv\u00ed<\/p>\n<p class=\"e_cz\">Nejv\u00edce rozpak\u016f ale vyvolala \u010d\u00e1st v\u011bnovan\u00e1 jej\u00edmu druh\u00e9mu t\u011bhotenstv\u00ed. Jakmile Soukalov\u00e1 zm\u00ednila, v\u00a0jak\u00e9 f\u00e1zi gravidity se nach\u00e1z\u00ed, Kraus za\u010dal \u017eertovat na \u00fa\u010det odborn\u00fdch v\u00fdraz\u016f a\u00a0p\u0159ed publikem si p\u0159epo\u010d\u00edt\u00e1val jednotliv\u00e9 m\u011bs\u00edce. M\u00edsto gratulace n\u00e1sledovala s\u00e9rie pozn\u00e1mek, kter\u00e9 p\u016fsobily sp\u00ed\u0161e jako dal\u0161\u00ed materi\u00e1l pro moder\u00e1tor\u016fv humor.<\/p>\n<p class=\"e_cz\">Podobn\u011b reagoval i\u00a0na t\u00e9ma porodu. Kdy\u017e sportovkyn\u011b uvedla, \u017ee d\u00e1v\u00e1 p\u0159ednost klasick\u00e9 nemocni\u010dn\u00ed p\u00e9\u010di p\u0159ed alternativn\u00edmi sm\u011bry, Kraus za\u010dal s\u00a0nads\u00e1zkou mluvit o\u00a0porodech u\u00a0\u0159eky nebo v\u00a0p\u0159\u00edrod\u011b. \u201eVy jste vyznava\u010dka klasiky, nebo jedete ty p\u0159\u00edrodn\u00ed n\u016f\u0161e, ko\u0161e a\u00a0tyhlety v\u011bci? N\u011bkte\u0159\u00ed cht\u011bj\u00ed b\u00fdt u\u00a0\u0159eky a\u00a0pstruha m\u00edt pobl\u00ed\u017e,\u201c komentoval to. Soukalov\u00e1 byla evidentn\u011b zasko\u010den\u00e1 a\u00a0nesv\u00e1. Pokud \u010dekala rozhovor s\u00a0p\u0159\u00e1telsk\u00e9m duchu, nen\u00ed se \u010demu divit.<\/p>\n<p>Kritika Krausova stylu s\u00edl\u00ed u\u017e del\u0161\u00ed dobu<\/p>\n<p class=\"e_cz\">Nicm\u00e9n\u011b podobn\u00e9 momenty nejsou v\u00a0Krausov\u011b po\u0159adu ni\u010d\u00edm nov\u00fdm. V\u00a0posledn\u00edch letech se st\u00e1le \u010dast\u011bji objevuj\u00ed n\u00e1zory div\u00e1k\u016f i\u00a0n\u011bkter\u00fdch host\u016f, \u017ee se z\u00a0p\u016fvodn\u011b ostr\u00e9ho, ale inteligentn\u00edho humoru st\u00e1v\u00e1 sp\u00ed\u0161e jednostrann\u00e9 shazov\u00e1n\u00ed host\u016f. Kritici moder\u00e1torovi vy\u010d\u00edtaj\u00ed, \u017ee lidem \u010dasto sk\u00e1\u010de do \u0159e\u010di, nenech\u00e1 je dokon\u010dit odpov\u011b\u010f a\u00a0m\u00edsto rozhovoru vede vlastn\u00ed monolog.<\/p>\n<p><img height=\"3249\"   width=\"4096\" src=\"https:\/\/www.europesays.com\/cz\/wp-content\/uploads\/2026\/06\/gabriela-soukalova-milos-kaderabek-vztah.jpeg\" loading=\"eager\" decoding=\"sync\" class=\"e_ah e_af\"\/>Foto: NextFoto (koupen\u00e1 licence)<\/p>\n<p class=\"e_cz\">Gabriela Soukalov\u00e1 s\u00a0partnerem Milo\u0161em Kade\u0159\u00e1bkem<\/p>\n<p class=\"e_cz\">Rozruch vyvolaly nap\u0159\u00edklad rozhovory s\u00a0MMA bojovn\u00edkem Ji\u0159\u00edm Proch\u00e1zkou, hercem Vincentem Navr\u00e1tilem a\u00a0dal\u0161\u00edmi. \u201eOn ti nejd\u0159\u00edve zavol\u00e1 n\u011bjak\u00fd re\u0161er\u0161ista a\u00a0mluv\u00ed s\u00a0tebou t\u0159eba hodinu, aby zjistil, o\u00a0\u010dem chce\u0161 mluvit a\u00a0tak. Potom p\u0159ijde\u0161 ke Krausovi, a\u00a0ten t\u011b ani nepust\u00ed ke slovu a\u00a0jenom je*e a\u00a0je*e a\u00a0je stra\u0161n\u011b nep\u0159\u00edjemnej,\u201c kroutil hlavou syn Veroniky \u017dilkov\u00e9.<\/p>\n<p class=\"e_cz\">Na druhou stranu m\u00e1 Kraus st\u00e1le po\u010detnou skupinu fanou\u0161k\u016f, kte\u0159\u00ed tvrd\u00ed, \u017ee pr\u00e1v\u011b jeho nekompromisnost d\u011bl\u00e1 po\u0159ad jin\u00fdm ne\u017e ostatn\u00ed talk show. Jen\u017ee p\u0159i poslechu rozhovoru s\u00a0Gabrielou Soukalovou je z\u0159ejm\u00e9, \u017ee hranice mezi ostr\u00fdm humorem a\u00a0zbyte\u010dn\u00fdm poni\u017eov\u00e1n\u00edm z\u016fst\u00e1v\u00e1 hodn\u011b citliv\u00fdm t\u00e9matem.<\/p>\n<p class=\"e_cz\">Zdroje: autorsk\u00fd \u010dl\u00e1nek s\u00a0vyu\u017eit\u00edm<\/p>\n","protected":false},"excerpt":{"rendered":"Jan Kraus si za roky vys\u00edl\u00e1n\u00ed vybudoval pov\u011bst moder\u00e1tora, kter\u00fd se s\u00a0hosty nemazl\u00ed. Jeho sarkasmus a\u00a0pohotovost jedni obdivuj\u00ed,&hellip;\n","protected":false},"author":2,"featured_media":122022,"comment_status":"","ping_status":"","sticky":false,"template":"","format":"standard","meta":{"footnotes":"","_share_on_mastodon":"0"},"categories":[14],"tags":[79,3893,3294,650,4893,649,80,437,1716],"class_list":["post-122021","post","type-post","status-publish","format-standard","has-post-thumbnail","category-zabava","tag-entertainment","tag-gabriela-soukalova","tag-jan-kraus","tag-lide","tag-show-jana-krause","tag-spolecnost","tag-zabava","tag-zajimavosti","tag-zivot"],"share_on_mastodon":{"url":"https:\/\/pubeurope.com\/@cz\/116771531665375101","error":""},"_links":{"self":[{"href":"https:\/\/www.europesays.com\/cz\/wp-json\/wp\/v2\/posts\/122021","targetHints":{"allow":["GET"]}}],"collection":[{"href":"https:\/\/www.europesays.com\/cz\/wp-json\/wp\/v2\/posts"}],"about":[{"href":"https:\/\/www.europesays.com\/cz\/wp-json\/wp\/v2\/types\/post"}],"author":[{"embeddable":true,"href":"https:\/\/www.europesays.com\/cz\/wp-json\/wp\/v2\/users\/2"}],"replies":[{"embeddable":true,"href":"https:\/\/www.europesays.com\/cz\/wp-json\/wp\/v2\/comments?post=122021"}],"version-history":[{"count":0,"href":"https:\/\/www.europesays.com\/cz\/wp-json\/wp\/v2\/posts\/122021\/revisions"}],"wp:featuredmedia":[{"embeddable":true,"href":"https:\/\/www.europesays.com\/cz\/wp-json\/wp\/v2\/media\/122022"}],"wp:attachment":[{"href":"https:\/\/www.europesays.com\/cz\/wp-json\/wp\/v2\/media?parent=122021"}],"wp:term":[{"taxonomy":"category","embeddable":true,"href":"https:\/\/www.europesays.com\/cz\/wp-json\/wp\/v2\/categories?post=122021"},{"taxonomy":"post_tag","embeddable":true,"href":"https:\/\/www.europesays.com\/cz\/wp-json\/wp\/v2\/tags?post=122021"}],"curies":[{"name":"wp","href":"https:\/\/api.w.org\/{rel}","templated":true}]}}