{"id":123160,"date":"2026-06-19T13:46:08","date_gmt":"2026-06-19T13:46:08","guid":{"rendered":"https:\/\/www.europesays.com\/cz\/123160\/"},"modified":"2026-06-19T13:46:08","modified_gmt":"2026-06-19T13:46:08","slug":"mama-veverek-v-plzenskem-panelaku-uz-vypiplala-pres-sto-mladat","status":"publish","type":"post","link":"https:\/\/www.europesays.com\/cz\/123160\/","title":{"rendered":"M\u00e1ma veverek v\u00a0plze\u0148sk\u00e9m panel\u00e1ku u\u017e vypiplala p\u0159es sto ml\u00e1\u010fat"},"content":{"rendered":"<p class=\"c_bz\">\u201eKolik jich u\u017e celkem bylo? A\u00a0v\u00edte, \u017ee ani nev\u00edm. Na veverky se specializuji dvan\u00e1ct let, no, tak\u017ee ur\u010dit\u011b p\u0159es sto. Jen letos jsem jich tady m\u011bla i\u00a0s t\u011bmihle t\u0159emi zat\u00edm osmn\u00e1ct, z\u00a0toho patn\u00e1ct p\u0159e\u017eilo. A\u00a0to sezona zdaleka nekon\u010d\u00ed, trv\u00e1 od jara a\u017e do podzimu,\u201c konstatuje Olga, kter\u00e1 dlouhodob\u011b spolupracuje s\u00a0plze\u0148skou z\u00e1chrannou stanic\u00ed \u017eivo\u010dich\u016f.<\/p>\n<p class=\"c_bz\">Star\u00e1 se o\u00a0ml\u00e1\u010fata, kter\u00e1 vypadla z\u00a0hn\u00edzd. T\u0159eba po \u00fatoku pred\u00e1tor\u016f, nebo kdy\u017e se k\u00a0zemi porou\u010d\u00ed strom i\u00a0se zv\u00ed\u0159ec\u00edmi n\u00e1jemn\u00edky. \u201eVol\u00e1 p\u00e1n, hele\u010fte se, k\u00e1c\u00edm na zahrad\u011b a\u00a0vypadly na mne \u010dty\u0159i chlupat\u00fd kuli\u010dky. No tak jsem je vypiplala,\u201c podot\u00fdk\u00e1 Olga a\u00a0vzpom\u00edn\u00e1: \u201eLoni se mi poda\u0159ilo zachr\u00e1nit i\u00a0dvoudenn\u00ed ml\u00e1d\u011b\u00a0\u2013 takov\u00e9 b\u00edl\u00e9, hol\u00e9, slep\u00e9 nic.\u201c<\/p>\n<p class=\"c_bz\">Co to obn\u00e1\u0161\u00ed? \u201eD\u016fle\u017eit\u00e9 je teplo\u00a0\u2013 to krom\u011b hadr\u016f zaji\u0161\u0165uj\u00ed \u010dasto m\u011bn\u011bn\u00e9 termolahve. A\u00a0takhle mal\u00e9ho tvore\u010dka mus\u00edte krmit ka\u017ed\u00e9 dv\u011b hodiny, pou\u017e\u00edv\u00e1 se speci\u00e1ln\u00ed hodn\u011b tu\u010dn\u00e9 ml\u00e9ko bez lakt\u00f3zy. U\u00a0star\u0161\u00edch sta\u010d\u00ed krmit po \u010dty\u0159ech hodin\u00e1ch.\u201c<\/p>\n<p><a data-dot=\"atm-link\" target=\"_self\" href=\"https:\/\/www.novinky.cz\/clanek\/koktejl-zena-zapasi-s-labutemi-aby-jim-zachranila-zivot-40577055\" class=\"c_N\" rel=\"nofollow noopener\"><img fetchpriority=\"high\" height=\"720\" width=\"1280\" src=\"https:\/\/www.europesays.com\/cz\/wp-content\/uploads\/2026\/06\/labute-lovkyne-makon-plzen.jpeg\" loading=\"eager\" decoding=\"sync\" class=\"c_t c_r\"\/><\/a><\/p>\n<p class=\"c_bz\">Olga pracuje na jednom z\u00a0plze\u0148sk\u00fdch \u00fa\u0159ad\u016f. \u201eJasn\u011b, \u017ee si mus\u00edm nosit ml\u00e1\u010fata i\u00a0do pr\u00e1ce. Kdo by se o\u00a0n\u011b postaral? Jdu po chodb\u011b a\u00a0lid\u00e9 ani netu\u0161\u00ed, \u017ee mi na rameni pod vlasy sed\u00ed veverka.\u201c<\/p>\n<p>\u010c\u016fraj\u00ed do kapesn\u00edku<\/p>\n<p class=\"c_bz\">Coudy se zat\u00edm futruje ze st\u0159\u00edka\u010dky s\u00a0ml\u00e9kem, jeho sourozenec Jetty d\u011bl\u00e1 vylomeniny na divanu a\u00a0sami\u010dka Deina je b\u016fhv\u00ed kde. Z\u00a0n\u00e1v\u0161t\u011bvy report\u00e9ra Novinek si ned\u011blaj\u00ed zhola nic. \u201eJen si je pohla\u010fte.\u201c \u201eM\u016f\u017eu?\u201c \u201eJo.\u201c Tak jo. Par\u00e1da. \u201eMl\u00e1d\u011b veverky je neskute\u010dn\u011b vesel\u00e9, p\u0159\u00edtuln\u00e9, vd\u011b\u010dn\u00e9. A\u00a0adaptabiln\u00ed. Nen\u00ed t\u0159eba probl\u00e9m ho nau\u010dit, aby \u010d\u016fralo do kapesn\u00edku,\u201c l\u00ed\u010d\u00ed z\u00e1chran\u00e1\u0159ka a\u00a0hned tenhle f\u00edgl p\u0159edv\u00e1d\u00ed v\u00a0praxi. Jetty s\u00a0t\u00edm zjevn\u011b nem\u00e1 probl\u00e9m.<\/p>\n<p class=\"c_bz\">Skota\u010d\u00edc\u00ed br\u00e1\u0161kov\u00e9 jsou nalezenci ze Zru\u010de u\u00a0Plzn\u011b. \u201eDostali se ke mn\u011b postupn\u011b. A\u00a0okam\u017eit\u011b se k\u00a0sob\u011b m\u011bli, bylo vid\u011bt, jak jsou r\u00e1di, \u017ee jsou zase spolu,\u201c \u0159\u00edk\u00e1 Olga \u0160t\u011bp\u00e1nkov\u00e1. Sle\u010dnu Deinu objevily d\u011bti z\u00a0jedn\u00e9 mate\u0159inky v\u00a0plze\u0148sk\u00e9m lesoparku Homolka. \u201eJe stra\u0161n\u011b zn\u00e1t, jak star\u00e9 ml\u00e1d\u011b se k\u00a0v\u00e1m dostane. Ty, co jsou je\u0161t\u011b slep\u00e9, v\u00e1s berou jako skute\u010dnou m\u00e1mu.\u201c<\/p>\n<p class=\"c_bz\">Jen\u017ee panel\u00e1kov\u00fd mamahotel nem\u016f\u017ee trvat v\u011b\u010dn\u011b. \u201eAle jen tak je vypustit n\u011bkam do p\u0159\u00edrody, to tak\u00e9 nejde. Tak\u017ee pro n\u011b m\u00e1me v\u00a0jednom lese uzp\u016fsobenou voli\u00e9ru. Tam se postupn\u011b aklimatizuj\u00ed. Nap\u0159ed maj\u00ed strach, jsou vykulen\u00e9, \u017ee tam zp\u00edvaj\u00ed pt\u00e1ci, mus\u00edm jim nosit vodu, krmen\u00ed. Ale postupn\u011b se nau\u010d\u00ed postarat sami o\u00a0sebe. A\u00a0jednoho dne je voli\u00e9ra pr\u00e1zdn\u00e1.\u201c<\/p>\n<p>Kuky se nevr\u00e1til<\/p>\n<p class=\"c_bz\">Olga p\u0159izn\u00e1v\u00e1, \u017ee m\u011bla mnohokr\u00e1t cuk\u00e1n\u00ed nechat si n\u011bkterou z\u00a0odchovan\u00fdch veverek doma natrvalo. \u201eJen\u017ee kdy\u017e vyrostou, stanou se z\u00a0nich nevd\u011b\u010dn\u00ed, neposlu\u0161n\u00ed parchanti. Prom\u011bn\u00ed se v\u00a0demoli\u010dn\u00ed \u010detu, ne\u0159\u00edzen\u00e9 st\u0159ely. Maj\u00ed svou hlavu, u\u017e nestoj\u00ed o\u00a0mazlen\u00ed. Cht\u011bj\u00ed d\u00e1l.\u201c<\/p>\n<p class=\"c_bz\">Vlastn\u011b jednou to zkusila. S\u00a0t\u00edm \u00fapln\u011b prvn\u00edm zachr\u00e1n\u011bn\u00fdm ml\u00e1d\u011btem. \u201ePojmenovala jsem si ho Kuky, podle filmu od Sv\u011br\u00e1ka Kuky se vrac\u00ed. M\u011bla jsem ho od jara, a\u00a0je\u0161t\u011b v\u00a0srpnu byl se mnou. Tenkr\u00e1t jsem bydlela v\u00a0jin\u00e9m byt\u011b, mohl se voln\u011b pohybovat. Klidn\u011b i\u00a0na balkon\u011b, tam mi sp\u00e1sal truhl\u00edky,\u201c vzpom\u00edn\u00e1 Olga.<\/p>\n<p class=\"c_bz\">Zlom p\u0159i\u0161el v\u00a0srpnu. \u201eN\u011bco jsem va\u0159ila a\u00a0Kuky mi najednou sko\u010dil na rameno. Nem\u011bla jsem na n\u011bj \u010das, tak jsem ho odehnala. A\u00a0u\u017e jsem ho nikdy nevid\u011bla. Sousedi mi pak \u0159\u00edkali, \u017ee ho zahl\u00e9dli, jak sl\u00e9z\u00e1 po fas\u00e1d\u011b. A\u00a0j\u00e1 pochopila, \u017ee se p\u0159i\u0161el se mnou rozlou\u010dit.\u201c Kuky se nevr\u00e1til.<\/p>\n<p><img height=\"2563\"   width=\"3810\" src=\"https:\/\/www.europesays.com\/cz\/wp-content\/uploads\/2026\/06\/veverky-plzen.jpeg\" loading=\"eager\" decoding=\"sync\" class=\"c_t c_r\"\/>Foto: Ivan Bla\u017eek, Novinky<a data-dot=\"atm-link\" target=\"_self\" href=\"https:\/\/www.novinky.cz\/clanek\/koktejl-kulovy-blesk-na-capi-zpusob-ctyri-osirela-mladata-putovala-v-jeden-den-do-tri-adoptivnich-hnizd-40579762\" class=\"c_N\" rel=\"nofollow noopener\"><img height=\"974\" width=\"1732\" src=\"https:\/\/www.europesays.com\/cz\/wp-content\/uploads\/2026\/06\/capi-adopce-mladata-plzen.jpeg\" loading=\"eager\" decoding=\"sync\" class=\"c_t c_r\"\/><\/a><\/p>\n","protected":false},"excerpt":{"rendered":"\u201eKolik jich u\u017e celkem bylo? A\u00a0v\u00edte, \u017ee ani nev\u00edm. Na veverky se specializuji dvan\u00e1ct let, no, tak\u017ee ur\u010dit\u011b&hellip;\n","protected":false},"author":2,"featured_media":123161,"comment_status":"","ping_status":"","sticky":false,"template":"","format":"standard","meta":{"footnotes":"","_share_on_mastodon":"0"},"categories":[15],"tags":[1863,94,93,17654,2264],"class_list":["post-123160","post","type-post","status-publish","format-standard","has-post-thumbnail","category-sport","tag-plzen","tag-sport","tag-sports","tag-veverka","tag-zachrana"],"share_on_mastodon":{"url":"https:\/\/pubeurope.com\/@cz\/116777083767517434","error":""},"_links":{"self":[{"href":"https:\/\/www.europesays.com\/cz\/wp-json\/wp\/v2\/posts\/123160","targetHints":{"allow":["GET"]}}],"collection":[{"href":"https:\/\/www.europesays.com\/cz\/wp-json\/wp\/v2\/posts"}],"about":[{"href":"https:\/\/www.europesays.com\/cz\/wp-json\/wp\/v2\/types\/post"}],"author":[{"embeddable":true,"href":"https:\/\/www.europesays.com\/cz\/wp-json\/wp\/v2\/users\/2"}],"replies":[{"embeddable":true,"href":"https:\/\/www.europesays.com\/cz\/wp-json\/wp\/v2\/comments?post=123160"}],"version-history":[{"count":0,"href":"https:\/\/www.europesays.com\/cz\/wp-json\/wp\/v2\/posts\/123160\/revisions"}],"wp:featuredmedia":[{"embeddable":true,"href":"https:\/\/www.europesays.com\/cz\/wp-json\/wp\/v2\/media\/123161"}],"wp:attachment":[{"href":"https:\/\/www.europesays.com\/cz\/wp-json\/wp\/v2\/media?parent=123160"}],"wp:term":[{"taxonomy":"category","embeddable":true,"href":"https:\/\/www.europesays.com\/cz\/wp-json\/wp\/v2\/categories?post=123160"},{"taxonomy":"post_tag","embeddable":true,"href":"https:\/\/www.europesays.com\/cz\/wp-json\/wp\/v2\/tags?post=123160"}],"curies":[{"name":"wp","href":"https:\/\/api.w.org\/{rel}","templated":true}]}}