{"id":123780,"date":"2026-06-20T08:26:17","date_gmt":"2026-06-20T08:26:17","guid":{"rendered":"https:\/\/www.europesays.com\/cz\/123780\/"},"modified":"2026-06-20T08:26:17","modified_gmt":"2026-06-20T08:26:17","slug":"radoslav-kovac-konci-v-liberci-jak-dlouho-bude-nezamestnany","status":"publish","type":"post","link":"https:\/\/www.europesays.com\/cz\/123780\/","title":{"rendered":"Radoslav Kov\u00e1\u010d kon\u010d\u00ed v\u00a0Liberci. Jak dlouho bude nezam\u011bstnan\u00fd?"},"content":{"rendered":"<p class=\"e_cz\">V dob\u011b, kdy v\u011bt\u0161ina fotbalov\u00fdch fanou\u0161k\u016f sleduje d\u011bn\u00ed na sv\u011btov\u00e9m \u0161ampion\u00e1tu v\u00a0z\u00e1mo\u0159\u00ed, p\u0159i\u0161la najednou ne\u010dekan\u00e1 zpr\u00e1va z\u00a0Liberce. T\u011bsn\u011b p\u0159ed startem letn\u00ed p\u0159\u00edpravy byl odvol\u00e1n z\u00a0pozice hlavn\u00edho kou\u010de Slovanu Liberec Radoslav Kov\u00e1\u010d, kter\u00fd zde p\u016fsobil cel\u00e9 dv\u011b sezony. Nevedly se p\u0159itom \u017e\u00e1dn\u00e9 \u010dil\u00e9 spekulace o\u00a0tom, \u017ee by se pod n\u00edm m\u011bla tren\u00e9rsk\u00e1 \u017eidle n\u011bjak v\u00fdrazn\u011b k\u00fdvat nebo spekulace o\u00a0jin\u00fdch jm\u00e9nech a\u00a0jeho pozice se jevila jako relativn\u011b pevn\u00e1.<\/p>\n<p class=\"e_cz\">Poh\u00e1ry do Liberce nevr\u00e1til<\/p>\n<p class=\"e_cz\">Radoslav Kov\u00e1\u010d p\u0159ich\u00e1zel do Liberce po relativn\u011b \u00fasp\u011b\u0161n\u00e9m anga\u017em\u00e1 v\u00a0Pardubic\u00edch, kde potvrdil, \u017ee se jedn\u00e1 o\u00a0velk\u00fd tren\u00e9rsk\u00fd talent. Nyn\u00ed se m\u011bl vr\u00e1tit do t\u00fdmu, kde ji\u017e p\u016fsobil d\u0159\u00edve jako hr\u00e1\u010d a\u00a0dob\u0159e tak zn\u00e1 m\u00edstn\u00ed fotbalov\u00e9 prost\u0159ed\u00ed. Zd\u00e1lo se, \u017ee m\u00e1 bezmeznou podporu klubov\u00e9ho veden\u00ed v\u00a0\u010dele s\u00a0majitelem Ond\u0159ejem Kaniou. Nicm\u00e9n\u011b je t\u0159eba \u0159\u00edct, \u017ee klub naprosto nezvl\u00e1dl nadstavbovou \u010d\u00e1st, kde skon\u010dil v\u00a0mistrovsk\u00e9 \u010d\u00e1sti a\u017e na \u0161est\u00e9m m\u00edst\u011b.<\/p>\n<p class=\"e_cz\">Z toho vyplynulo dal\u0161\u00ed prodlou\u017een\u00ed \u010dek\u00e1n\u00ed trojn\u00e1sobn\u00e9ho \u010desk\u00e9ho mistra na \u00fa\u010dast v\u00a0evropsk\u00fdch poh\u00e1rech a\u00a0vzhledem k\u00a0tomu, jak se prodlu\u017euje pobyt Ond\u0159eje Kanii v\u00a0\u010dele libereck\u00e9ho klubu, t\u00edm men\u0161\u00ed bude jeho trp\u011blivost s\u00a0p\u0159\u00edpadn\u00fdmi dal\u0161\u00edmi d\u00edl\u010d\u00edmi nezdary. S\u00a0pouh\u00fdm \u00fa\u010dinkov\u00e1n\u00edm v\u00a0lize a\u00a0dom\u00e1c\u00edm poh\u00e1ru se mlad\u00fd ambici\u00f3zn\u00ed podnikatel celkem logicky nespokoj\u00ed. Proto se kon\u00e1 tren\u00e9rsk\u00e1 zm\u011bna a\u00a0na lavi\u010dku Slovanu by m\u011bl usednout <a data-dot=\"atm-link\" target=\"_blank\" rel=\"ugc noopener nofollow\" href=\"https:\/\/x.com\/oneplaysportcz\/status\/2067651696239558921\" class=\"e_x\">Branislav Fodrek<\/a> z\u00a0Dunajsk\u00e9 Stredy.<\/p>\n<p>Jak dlouho bude Kov\u00e1\u010d nezam\u011bstnan\u00fd<\/p>\n<p class=\"e_cz\">\u010cesk\u00e1 fotbalov\u00e1 obec si v\u0161ak nyn\u00ed v\u00edce pokl\u00e1d\u00e1 ot\u00e1zku, jak\u00e9 bude dal\u0161\u00ed p\u016fsoben\u00ed Radoslava Kov\u00e1\u010de. V\u00a0tren\u00e9rsk\u00e9 obci jde vlastn\u011b st\u00e1le je\u0161t\u011b o\u00a0mlad\u00edka, kter\u00fd jist\u011b bude m\u00edt pat\u0159i\u010dn\u00e9 ambice. Jedna mo\u017en\u00e1 p\u0159\u00edle\u017eitost se doslova nask\u00fdt\u00e1 v\u00a0klubu, kde jako hr\u00e1\u010d p\u0159ed tak\u0159ka t\u0159iceti lety zahajoval sv\u00e9 ligov\u00e9 p\u016fsoben\u00ed. Pochopiteln\u011b se jedn\u00e1 o\u00a0Sigmu Olomouc, kde je Pavel Hapal st\u00e1le prezentov\u00e1n jako nouzov\u00e9 \u0159e\u0161en\u00ed po odvol\u00e1n\u00ed Tom\u00e1\u0161e Janotky.<\/p>\n<p class=\"e_cz\">Zvedne sportovn\u00ed \u0159editel han\u00e1ck\u00e9ho klubu Pavel Hapal telefon a\u00a0oslov\u00ed \u010dlov\u011bka, s\u00a0n\u00edm\u017e se potkal ji\u017e jako hr\u00e1\u010d pr\u00e1v\u011b v\u00a0han\u00e1ck\u00e9m dresu? V\u00a0sou\u010dasn\u00e9 situaci by to v\u0161echno do sebe kr\u00e1sn\u011b zapadlo a\u00a0Radoslav Kov\u00e1\u010d by brzy dostal dal\u0161\u00ed v\u00fdzvu bojovat s\u00a0dal\u0161\u00edm ambici\u00f3zn\u00edm ligov\u00fdm t\u00fdmem o\u00a0evropsk\u00e9 poh\u00e1ry, p\u0159i\u010dem\u017e by se jednalo o\u00a0jeden z\u00a0ekonomicky nejstabiln\u011bj\u0161\u00edch klub\u016f.<\/p>\n","protected":false},"excerpt":{"rendered":"V dob\u011b, kdy v\u011bt\u0161ina fotbalov\u00fdch fanou\u0161k\u016f sleduje d\u011bn\u00ed na sv\u011btov\u00e9m \u0161ampion\u00e1tu v\u00a0z\u00e1mo\u0159\u00ed, p\u0159i\u0161la najednou ne\u010dekan\u00e1 zpr\u00e1va z\u00a0Liberce. T\u011bsn\u011b&hellip;\n","protected":false},"author":2,"featured_media":56074,"comment_status":"","ping_status":"","sticky":false,"template":"","format":"standard","meta":{"footnotes":"","_share_on_mastodon":"0"},"categories":[15],"tags":[863,24826,19331,867,872,94,93],"class_list":["post-123780","post","type-post","status-publish","format-standard","has-post-thumbnail","category-sport","tag-fc-slovan-liberec","tag-ondrej-kania","tag-pavel-hapal","tag-radoslav-kovac","tag-sk-sigma-olomouc","tag-sport","tag-sports"],"share_on_mastodon":{"url":"https:\/\/pubeurope.com\/@cz\/116781487333608723","error":""},"_links":{"self":[{"href":"https:\/\/www.europesays.com\/cz\/wp-json\/wp\/v2\/posts\/123780","targetHints":{"allow":["GET"]}}],"collection":[{"href":"https:\/\/www.europesays.com\/cz\/wp-json\/wp\/v2\/posts"}],"about":[{"href":"https:\/\/www.europesays.com\/cz\/wp-json\/wp\/v2\/types\/post"}],"author":[{"embeddable":true,"href":"https:\/\/www.europesays.com\/cz\/wp-json\/wp\/v2\/users\/2"}],"replies":[{"embeddable":true,"href":"https:\/\/www.europesays.com\/cz\/wp-json\/wp\/v2\/comments?post=123780"}],"version-history":[{"count":0,"href":"https:\/\/www.europesays.com\/cz\/wp-json\/wp\/v2\/posts\/123780\/revisions"}],"wp:featuredmedia":[{"embeddable":true,"href":"https:\/\/www.europesays.com\/cz\/wp-json\/wp\/v2\/media\/56074"}],"wp:attachment":[{"href":"https:\/\/www.europesays.com\/cz\/wp-json\/wp\/v2\/media?parent=123780"}],"wp:term":[{"taxonomy":"category","embeddable":true,"href":"https:\/\/www.europesays.com\/cz\/wp-json\/wp\/v2\/categories?post=123780"},{"taxonomy":"post_tag","embeddable":true,"href":"https:\/\/www.europesays.com\/cz\/wp-json\/wp\/v2\/tags?post=123780"}],"curies":[{"name":"wp","href":"https:\/\/api.w.org\/{rel}","templated":true}]}}