{"id":123783,"date":"2026-06-20T08:35:13","date_gmt":"2026-06-20T08:35:13","guid":{"rendered":"https:\/\/www.europesays.com\/cz\/123783\/"},"modified":"2026-06-20T08:35:13","modified_gmt":"2026-06-20T08:35:13","slug":"olomouc-ma-jasno-o-trenerovi-doplni-ho-mezinarodni-realizacni-tym","status":"publish","type":"post","link":"https:\/\/www.europesays.com\/cz\/123783\/","title":{"rendered":"Olomouc m\u00e1 jasno o\u00a0tren\u00e9rovi, dopln\u00ed ho mezin\u00e1rodn\u00ed realiza\u010dn\u00ed t\u00fdm"},"content":{"rendered":"<p class=\"b_bE\">Hapalov\u00fdmi nejbli\u017e\u0161\u00edmi spolupracovn\u00edky se nov\u011b stanou Portugalec Jaime Monroy, Pol\u00e1k Radoslaw Bella a\u00a0Filip Rydval. Zm\u011bny se nav\u00edc dotknou i\u00a0dal\u0161\u00edch pozic v\u00a0klubu.<\/p>\n<p class=\"b_bE\">\u201ePokra\u010dov\u00e1n\u00ed Pavla Hapala na lavi\u010dce jsme vyhodnotili jako nejlep\u0161\u00ed mo\u017enou variantu pro novou sezonu. Cht\u011bli jsme zachovat kontinuitu a\u00a0z\u00e1rove\u0148 realiza\u010dn\u00ed t\u00fdm obohatit a\u00a0pos\u00edlit o\u00a0asistenty ze zahrani\u010d\u00ed. V\u011b\u0159\u00edme, \u017ee n\u00e1m toto spojen\u00ed pom\u016f\u017ee v\u00a0dal\u0161\u00edm posunu a\u00a0p\u0159inese spole\u010dn\u00fd \u00fasp\u011bch,\u201c vysv\u011btlil rozhodnut\u00ed veden\u00ed klubu p\u0159edseda p\u0159edstavenstva Ond\u0159ej Navr\u00e1til pro klubov\u00fd web.<\/p>\n<p lang=\"cs\" dir=\"ltr\">Pavel Hapal z\u016fst\u00e1v\u00e1! \u265f\ufe0f<br \/>A posily p\u0159ich\u00e1zej\u00ed. Jeho realiza\u010dn\u00ed t\u00fdm nov\u011b dopln\u00ed:<\/p>\n<p>\ud83c\uddf5\ud83c\uddf1 Rados\u0142aw Bella<br \/>\ud83c\uddf5\ud83c\uddf9Jaime Monroy<br \/>\ud83c\udde8\ud83c\uddff Filip Rydval<\/p>\n<p>P\u0159e\u010dt\u011bte si v\u00edce \ud83d\udc47 <a href=\"https:\/\/t.co\/LS5PMfQKEB\" rel=\"nofollow\">https:\/\/t.co\/LS5PMfQKEB<\/a><\/p>\n<p>Nov\u00e1 partie za\u010d\u00edn\u00e1. \ud83d\udd35\u26aa\ufe0f <a href=\"https:\/\/t.co\/wfS1eL99vS\" rel=\"nofollow\">pic.twitter.com\/wfS1eL99vS<\/a><\/p>\n<p>\u2014 SK Sigma Olomouc (@SKSigmaOlomouc) <a href=\"https:\/\/x.com\/SKSigmaOlomouc\/status\/2068232742790185139?ref_src=twsrc%5Etfw\" rel=\"nofollow\">June 20, 2026<\/a><\/p>\n<p class=\"b_bE\">Nejv\u00fdrazn\u011bj\u0161\u00ed posilou realiza\u010dn\u00edho \u0161t\u00e1bu je \u010dty\u0159ia\u010dty\u0159icetilet\u00fd Portugalec Jaime Monroy, kter\u00fd se py\u0161n\u00ed mimo\u0159\u00e1dn\u011b pestr\u00fdm fotbalov\u00fdm \u017eivotopisem. V\u00a0minulosti pracoval v\u00a0proslul\u00e9 barcelonsk\u00e9 akademii La Masia, vedl ml\u00e1de\u017e v\u00a0AC Mil\u00e1n a\u00a0jako skaut pom\u00e1hal Atl\u00e9ticu Madrid.<\/p>\n<p class=\"b_bE\">Zku\u0161enosti sb\u00edral tak\u00e9 v\u00a0Portu, Olympiakosu Pireus a\u00a0v Anglii, kde d\u011blal asistenta slavn\u00e9mu mana\u017eerovi Marcelu Bielsowi v\u00a0Leedsu United \u010di p\u016fsobil ve West Bromwichi. Naposledy pom\u00e1hal u\u00a0\u00e1\u010dka Herthy Berl\u00edn.<\/p>\n<p><a data-dot=\"atm-link\" target=\"_self\" href=\"https:\/\/www.sport.cz\/clanek\/fotbal-ceska-1-liga-sigma-ziskala-do-utoku-prvni-posilu-5482816\" class=\"b_V g_ij\" rel=\"nofollow noopener\"><img fetchpriority=\"high\" height=\"617\" width=\"822\" src=\"https:\/\/www.europesays.com\/cz\/wp-content\/uploads\/2026\/06\/1781799495_957_hilmir-rafn-mikaelsson.jpeg\" loading=\"eager\" decoding=\"sync\" class=\"b_B b_z\"\/><\/a><\/p>\n<p class=\"b_bE\">Druh\u00fdm zahrani\u010dn\u00edm asistentem bude Radoslaw Bella. Osmat\u0159icetilet\u00fd Pol\u00e1k vedl nap\u0159\u00edklad \u017eensk\u00fd t\u00fdm Vratislavi, potom Legnicu a\u00a0naposledy byl v\u00a0roli asistenta u\u00a0Lechie Gda\u0148sk.<\/p>\n<p class=\"b_bE\">Mezin\u00e1rodn\u00ed duo dopln\u00ed \u010dty\u0159iadvacetilet\u00fd \u010desk\u00fd tren\u00e9r Filip Rydval, kter\u00fd doposud v\u00a0Olomouci sb\u00edral zku\u0161enosti u\u00a0klubov\u00e9 ml\u00e1de\u017ee a\u00a0rezervn\u00edho B-t\u00fdmu. Naopak dosavadn\u00ed asistenti Ivo Gregovsk\u00fd a\u00a0Michal Vep\u0159ek u\u00a0prvoligov\u00e9ho mu\u017estva kon\u010d\u00ed. Gregovsk\u00fd odch\u00e1z\u00ed do struktur fotbalov\u00e9 asociace, Vep\u0159ek se p\u0159esouv\u00e1 k\u00a0olomouck\u00e9 ml\u00e1de\u017ei.<\/p>\n<p><a data-dot=\"atm-link\" target=\"_self\" href=\"https:\/\/www.sport.cz\/clanek\/fotbal-ms-neuveritelny-zkrat-na-ms-utocnik-paraguaye-si-zakryl-usta-a-po-zasahu-videa-sel-do-sprch-5484641\" class=\"b_V g_ij\" rel=\"nofollow noopener\"><img height=\"2686\" width=\"3582\" src=\"https:\/\/www.europesays.com\/cz\/wp-content\/uploads\/2026\/06\/1781944513_673_6e6c.jpeg\" loading=\"eager\" decoding=\"sync\" class=\"b_B b_z\"\/><\/a><script async src=\"https:\/\/platform.twitter.com\/widgets.js\" charset=\"utf-8\"><\/script><\/p>\n","protected":false},"excerpt":{"rendered":"Hapalov\u00fdmi nejbli\u017e\u0161\u00edmi spolupracovn\u00edky se nov\u011b stanou Portugalec Jaime Monroy, Pol\u00e1k Radoslaw Bella a\u00a0Filip Rydval. Zm\u011bny se nav\u00edc dotknou&hellip;\n","protected":false},"author":2,"featured_media":123784,"comment_status":"","ping_status":"","sticky":false,"template":"","format":"standard","meta":{"footnotes":"","_share_on_mastodon":"0"},"categories":[15],"tags":[1177,326,19331,872,94,93],"class_list":["post-123783","post","type-post","status-publish","format-standard","has-post-thumbnail","category-sport","tag-chance-liga-fotbal","tag-fotbal","tag-pavel-hapal","tag-sk-sigma-olomouc","tag-sport","tag-sports"],"share_on_mastodon":{"url":"https:\/\/pubeurope.com\/@cz\/116781522897430490","error":""},"_links":{"self":[{"href":"https:\/\/www.europesays.com\/cz\/wp-json\/wp\/v2\/posts\/123783","targetHints":{"allow":["GET"]}}],"collection":[{"href":"https:\/\/www.europesays.com\/cz\/wp-json\/wp\/v2\/posts"}],"about":[{"href":"https:\/\/www.europesays.com\/cz\/wp-json\/wp\/v2\/types\/post"}],"author":[{"embeddable":true,"href":"https:\/\/www.europesays.com\/cz\/wp-json\/wp\/v2\/users\/2"}],"replies":[{"embeddable":true,"href":"https:\/\/www.europesays.com\/cz\/wp-json\/wp\/v2\/comments?post=123783"}],"version-history":[{"count":0,"href":"https:\/\/www.europesays.com\/cz\/wp-json\/wp\/v2\/posts\/123783\/revisions"}],"wp:featuredmedia":[{"embeddable":true,"href":"https:\/\/www.europesays.com\/cz\/wp-json\/wp\/v2\/media\/123784"}],"wp:attachment":[{"href":"https:\/\/www.europesays.com\/cz\/wp-json\/wp\/v2\/media?parent=123783"}],"wp:term":[{"taxonomy":"category","embeddable":true,"href":"https:\/\/www.europesays.com\/cz\/wp-json\/wp\/v2\/categories?post=123783"},{"taxonomy":"post_tag","embeddable":true,"href":"https:\/\/www.europesays.com\/cz\/wp-json\/wp\/v2\/tags?post=123783"}],"curies":[{"name":"wp","href":"https:\/\/api.w.org\/{rel}","templated":true}]}}