{"id":123808,"date":"2026-06-20T09:07:13","date_gmt":"2026-06-20T09:07:13","guid":{"rendered":"https:\/\/www.europesays.com\/cz\/123808\/"},"modified":"2026-06-20T09:07:13","modified_gmt":"2026-06-20T09:07:13","slug":"rybari-natocili-u-chorvatskeho-ostrova-hvar-zraloka-ktery-prave-roztrhal-mecouna","status":"publish","type":"post","link":"https:\/\/www.europesays.com\/cz\/123808\/","title":{"rendered":"Ryb\u00e1\u0159i nato\u010dili u\u00a0chorvatsk\u00e9ho ostrova Hvar \u017eraloka, kter\u00fd pr\u00e1v\u011b roztrhal me\u010douna"},"content":{"rendered":"<p class=\"c_bz\">Pred\u00e1tora zachytila skupina ryb\u00e1\u0159\u016f na video, kter\u00e9 n\u00e1sledn\u011b zve\u0159ejnila na sv\u00e9m facebookov\u00e9m \u00fa\u010dtu jedna z\u00a0m\u00edstn\u00edch restaurac\u00ed. Podle serveru <a data-dot=\"atm-link\" target=\"_blank\" rel=\"noopener nofollow\" href=\"https:\/\/www.dnevno.hr\/planet-x\/opasna-psina-snimljena-kod-hvara-hrvati-u-panici-ja-se-vise-ne-kupam-3336205\/#goog_rewarded\" class=\"c_N\">Dnevno <\/a>jde o\u00a0\u017eraloka, kter\u00fd napadl a\u00a0roztrhal me\u010douna.<\/p>\n<p class=\"c_bz\">N\u00e1sledn\u011b kolem sv\u00e9 ko\u0159isti krou\u017eil a\u00a0dr\u017eel ji pod dohledem. Na nahr\u00e1vce je pak sly\u0161et jednoho z\u00a0ryb\u00e1\u0159\u016f: \u201eChr\u00e1n\u00ed sv\u016fj \u00falovek. Vid\u00edte, jak jej rozsekal.\u201c<\/p>\n<p class=\"c_bz\">Zve\u0159ejn\u011bn\u00e9 video vyvolalo \u0159adu reakc\u00ed na soci\u00e1ln\u00edch s\u00edt\u00edch, kde diskutuj\u00edc\u00ed poukazovali na zm\u011bny klimatu na Jadranu a\u00a0\u0159e\u0161ili i\u00a0to, zda a\u00a0jak je \u017eralok nebezpe\u010dn\u00fd. \u201eJadersk\u00e9 mo\u0159e se nebezpe\u010dn\u011b oteplilo, objevili se tady \u017eraloci v\u0161ech druh\u016f. To nen\u00ed dobr\u00e9,\u201c napsal jeden u\u017eivatel.<\/p>\n<p class=\"c_bz\">Jin\u00ed podle serveru <a data-dot=\"atm-link\" target=\"_blank\" rel=\"noopener nofollow\" href=\"https:\/\/www.heute.at\/s\/schneller-makohai-vor-hvar-gefilmt-120211491?utm_source=onesignal&amp;utm_medium=push&amp;utm_campaign=2026-06-20-schneller-makohai-vor-hvar-gefilmt\" class=\"c_N\">Heute <\/a>uvedli, \u017ee vzhledem k\u00a0leto\u0161n\u00edm pozorov\u00e1n\u00edm na Jadranu necht\u011bj\u00ed plavat d\u00e1le ne\u017e p\u00e1r metr\u016f od pob\u0159e\u017e\u00ed. \u201eU\u017e se nekoupu. Chod\u00edm jen j\u00edst ryby a\u00a0p\u00edt v\u00edno,\u201c poznamenal jeden z\u00a0nich.<\/p>\n<p class=\"c_bz\">\u017dralok mako m\u016f\u017ee dos\u00e1hnout rychlosti a\u017e 70\u00a0kilometr\u016f za hodinu a\u00a0je velmi mr\u0161tn\u00fd. Pat\u0159\u00ed ke chr\u00e1n\u011bn\u00fdm druh\u016fm.<\/p>\n<p class=\"c_bz\">Floridsk\u00e9 muzeum ISAF registruje osm nevyprovokovan\u00fdch \u00fatok\u016f \u017eralok\u016f mako, z\u00a0toho dva fat\u00e1ln\u00ed. V\u00a0roce 2022\u00a0napadl rakouskou turistku v\u00a0egyptsk\u00e9m letovisku pobl\u00ed\u017e Hurghady. \u017dena p\u0159i\u0161la o\u00a0ruku a\u00a0nohu a\u00a0b\u011bhem p\u0159evozu do nemocnice zran\u011bn\u00edm podlehla.<\/p>\n<p><a data-dot=\"atm-link\" target=\"_self\" href=\"https:\/\/www.novinky.cz\/clanek\/koktejl-u-francouzskych-brehu-ve-stredomori-krouzi-desetimetrovy-zralok-rybari-jej-zachytili-na-video-40574800\" class=\"c_N\" rel=\"nofollow noopener\"><img height=\"2250\" width=\"4000\" src=\"https:\/\/www.europesays.com\/cz\/wp-content\/uploads\/2026\/06\/zralok.jpeg\" loading=\"lazy\" decoding=\"async\" class=\"c_t c_r c_l\"\/><\/a><\/p>\n","protected":false},"excerpt":{"rendered":"Pred\u00e1tora zachytila skupina ryb\u00e1\u0159\u016f na video, kter\u00e9 n\u00e1sledn\u011b zve\u0159ejnila na sv\u00e9m facebookov\u00e9m \u00fa\u010dtu jedna z\u00a0m\u00edstn\u00edch restaurac\u00ed. Podle serveru&hellip;\n","protected":false},"author":2,"featured_media":123809,"comment_status":"","ping_status":"","sticky":false,"template":"","format":"standard","meta":{"footnotes":"","_share_on_mastodon":"0"},"categories":[7],"tags":[43,42,1222,41,40,34110,15748],"class_list":["post-123808","post","type-post","status-publish","format-standard","has-post-thumbnail","category-cesko","tag-ceska-republika","tag-cesko","tag-chorvatsko","tag-czech-republic","tag-czechia","tag-hvar","tag-zraloci"],"share_on_mastodon":{"url":"https:\/\/pubeurope.com\/@cz\/116781648900963122","error":""},"_links":{"self":[{"href":"https:\/\/www.europesays.com\/cz\/wp-json\/wp\/v2\/posts\/123808","targetHints":{"allow":["GET"]}}],"collection":[{"href":"https:\/\/www.europesays.com\/cz\/wp-json\/wp\/v2\/posts"}],"about":[{"href":"https:\/\/www.europesays.com\/cz\/wp-json\/wp\/v2\/types\/post"}],"author":[{"embeddable":true,"href":"https:\/\/www.europesays.com\/cz\/wp-json\/wp\/v2\/users\/2"}],"replies":[{"embeddable":true,"href":"https:\/\/www.europesays.com\/cz\/wp-json\/wp\/v2\/comments?post=123808"}],"version-history":[{"count":0,"href":"https:\/\/www.europesays.com\/cz\/wp-json\/wp\/v2\/posts\/123808\/revisions"}],"wp:featuredmedia":[{"embeddable":true,"href":"https:\/\/www.europesays.com\/cz\/wp-json\/wp\/v2\/media\/123809"}],"wp:attachment":[{"href":"https:\/\/www.europesays.com\/cz\/wp-json\/wp\/v2\/media?parent=123808"}],"wp:term":[{"taxonomy":"category","embeddable":true,"href":"https:\/\/www.europesays.com\/cz\/wp-json\/wp\/v2\/categories?post=123808"},{"taxonomy":"post_tag","embeddable":true,"href":"https:\/\/www.europesays.com\/cz\/wp-json\/wp\/v2\/tags?post=123808"}],"curies":[{"name":"wp","href":"https:\/\/api.w.org\/{rel}","templated":true}]}}