{"id":124013,"date":"2026-06-20T14:04:18","date_gmt":"2026-06-20T14:04:18","guid":{"rendered":"https:\/\/www.europesays.com\/cz\/124013\/"},"modified":"2026-06-20T14:04:18","modified_gmt":"2026-06-20T14:04:18","slug":"honda-prelude-dostala-nadhernou-limitku-s-dvoubarevnym-interierem-zatim-pouze-pro-japonsko","status":"publish","type":"post","link":"https:\/\/www.europesays.com\/cz\/124013\/","title":{"rendered":"Honda Prelude dostala n\u00e1dhernou limitku s dvoubarevn\u00fdm interi\u00e9rem. Zat\u00edm pouze pro Japonsko"},"content":{"rendered":"<p>Konfigur\u00e1tor Hondy Prelude moment\u00e1ln\u011b nab\u00edz\u00ed jedinou z\u00e1\u0159ivou barvu. Japonsko se nyn\u00ed do\u010dkalo kr\u00e1sn\u00e9ho metalick\u00e9ho laku v \u010derven\u00e9m odst\u00ednu, kter\u00e9mu nav\u00edc v r\u00e1mci limitovan\u00e9 edice kontrastuje dvoubarevn\u00fd interi\u00e9r v kombinaci bord\u00f3\/\u010dern\u00e1.<\/p>\n<p>\u0160est\u00e1 generace Hondy Prelude s ozna\u010den\u00edm BF1 nen\u00ed na trhu je\u0161t\u011b ani rok, ale v domovsk\u00e9m Japonsku u\u017e stihla dostat druhou limitovanou edici. Oproti t\u00e9 prvn\u00ed s b\u00edl\u00fdm perle\u0165ov\u00fdm lakem karoserie je ta pro modelov\u00fd rok 2027 v\u00fdrazn\u011b emotivn\u011bj\u0161\u00ed, jak se u dvoudve\u0159ov\u00e9ho kup\u00e9 slu\u0161\u00ed a pat\u0159\u00ed.<\/p>\n<p>Jej\u00ed dom\u00e9nou je hlubok\u00fd metalick\u00fd lak Premium Crystal Garnet Metallic, odst\u00edn, kter\u00fd na Hond\u011b Prelude dosud nebyl k dispozici, po\u0159\u00eddit ho ale z\u00e1kazn\u00edci mohou t\u0159eba na crossoveru ZR-V. Limitovan\u00e1 edice do n\u011bj lakuje tak\u00e9 m\u0159\u00ed\u017eku chladi\u010de, co\u017e ji odli\u0161uje od b\u011b\u017en\u00fdch verz\u00ed, stejn\u011b jako \u010derven\u00e9 dopl\u0148ky na n\u00e1razn\u00edku.<\/p>\n<p><a class=\"article-card__image\" data-ac-image=\"\" href=\"https:\/\/www.auto.cz\/nova-honda-prelude-ceska-cena-a-konfigurator-tak-kterou-barvu-158740\" title=\"Nov\u00e1 Honda Prelude: \u010cesk\u00e1 cena a konfigur\u00e1tor. Tak kterou barvu?\" rel=\"nofollow noopener\" target=\"_blank\"><img decoding=\"async\" alt=\"Nov\u00e1 Honda Prelude: \u010cesk\u00e1 cena a konfigur\u00e1tor. Tak kterou barvu?\" title=\"Nov\u00e1 Honda Prelude: \u010cesk\u00e1 cena a konfigur\u00e1tor. Tak kterou barvu?\" class=\"\" data-magazine=\"\" src=\"https:\/\/www.europesays.com\/cz\/wp-content\/uploads\/2026\/06\/9641840.jpg\" loading=\"lazy\" style=\"aspect-ratio: 328 \/ 184\"\/><\/a><a class=\"article-card__title-link line-limit-3\" data-ac-title=\"\" href=\"https:\/\/www.auto.cz\/nova-honda-prelude-ceska-cena-a-konfigurator-tak-kterou-barvu-158740\" title=\"Nov\u00e1 Honda Prelude: \u010cesk\u00e1 cena a konfigur\u00e1tor. Tak kterou barvu?\" rel=\"nofollow noopener\" target=\"_blank\">Nov\u00e1 Honda Prelude: \u010cesk\u00e1 cena a konfigur\u00e1tor. Tak kterou barvu?<\/a><\/p>\n<p>Za 19&#8243; lit\u00fdmi disky s le\u0161t\u011bnou p\u0159edn\u00ed \u010d\u00e1st\u00ed se schov\u00e1vaj\u00ed brzdy Brembo s \u010derven\u00fdmi t\u0159meny. Technicky z\u016fst\u00e1v\u00e1 limitovan\u00fd prelude toto\u017en\u00fd s b\u011b\u017en\u011b dostupnou specifikac\u00ed, co\u017e znamen\u00e1 z\u00e1\u017eehov\u00fd dvoulitr spolupracuj\u00edc\u00ed se dv\u011bma elektromotory pro dosa\u017een\u00ed syst\u00e9mov\u00e9ho v\u00fdkonu 149 kW (203 k).<\/p>\n<p>Z\u016fst\u00e1v\u00e1 tak\u00e9 syst\u00e9m simulovan\u00e9ho \u0159azen\u00ed Honda S+Shift, kter\u00fd vyu\u017e\u00edv\u00e1 mapov\u00e1n\u00ed to\u010div\u00e9ho momentu a zvukov\u00fdch efekt\u016f pro intenzivn\u011bj\u0161\u00ed z\u00e1\u017eitek z j\u00edzdy. Ten se sna\u017e\u00ed podpo\u0159it tak\u00e9 zcela nov\u00fd \u010derven\u00fd interi\u00e9r, kter\u00fd vzd\u00e1len\u011b p\u0159ipom\u00edn\u00e1 vrcholn\u00e9 varianty sportovn\u00edch hond s ozna\u010den\u00edm Type R.<\/p>\n<p><a class=\"article-card__image\" data-ac-image=\"\" href=\"https:\/\/www.auto.cz\/test-honda-civic-type-r-navrat-krale-ma-charakter-a-riz-jednou-veci-ale-umi-nastvat-148770\" title=\"TEST Honda Civic Type R \u2013 N\u00e1vrat kr\u00e1le m\u00e1 charakter a \u0159\u00edz. Jednou v\u011bc\u00ed ale um\u00ed na\u0161tvat\" rel=\"nofollow noopener\" target=\"_blank\"><img decoding=\"async\" alt=\"TEST Honda Civic Type R \u2013 N\u00e1vrat kr\u00e1le m\u00e1 charakter a \u0159\u00edz. Jednou v\u011bc\u00ed ale um\u00ed na\u0161tvat\" title=\"TEST Honda Civic Type R \u2013 N\u00e1vrat kr\u00e1le m\u00e1 charakter a \u0159\u00edz. Jednou v\u011bc\u00ed ale um\u00ed na\u0161tvat\" class=\"\" data-magazine=\"\" src=\"https:\/\/www.europesays.com\/cz\/wp-content\/uploads\/2026\/06\/8376052.jpg\" loading=\"lazy\" style=\"aspect-ratio: 328 \/ 184\"\/><\/a><a class=\"article-card__title-link line-limit-3\" data-ac-title=\"\" href=\"https:\/\/www.auto.cz\/test-honda-civic-type-r-navrat-krale-ma-charakter-a-riz-jednou-veci-ale-umi-nastvat-148770\" title=\"TEST Honda Civic Type R \u2013 N\u00e1vrat kr\u00e1le m\u00e1 charakter a \u0159\u00edz. Jednou v\u011bc\u00ed ale um\u00ed na\u0161tvat\" rel=\"nofollow noopener\" target=\"_blank\">TEST Honda Civic Type R \u2013 N\u00e1vrat kr\u00e1le m\u00e1 charakter a \u0159\u00edz. Jednou v\u011bc\u00ed ale um\u00ed na\u0161tvat<\/a><\/p>\n<p>\u010cerven\u00fd je toti\u017e pouze v p\u0159edn\u00ed \u010d\u00e1sti, zato v\u010detn\u011b st\u0159edov\u00e9ho tunelu a spodn\u00ed \u010d\u00e1sti palubn\u00ed desky. Nav\u00edc nen\u00ed ob\u0161it\u00fd k\u0159iklav\u011b \u010dervenou alcantarou, n\u00fdbr\u017e luxusn\u011b vypadaj\u00edc\u00ed k\u016f\u017e\u00ed zbarvenou do tmav\u00e9ho odst\u00ednu bord\u00f3. Zadn\u00ed \u010d\u00e1st m\u00e1 v t\u00e9to barv\u011b kontrastn\u011b pro\u0161\u00edvan\u00e1 sedadla, bezpe\u010dnostn\u00ed p\u00e1sy v\u0161ak z\u016fst\u00e1vaj\u00ed \u010dern\u00e9.<\/p>\n<p>Na v\u00fdrazn\u011bj\u0161\u00ed zevn\u011bj\u0161ek upozor\u0148uje jen znak Prelude vy\u0161it\u00fd k\u0159iklav\u011b \u010dervenou nit\u00ed do vrchn\u00ed \u010d\u00e1sti palubn\u00ed desky. Limitovan\u00e1 edice je zat\u00edm dostupn\u00e1 pouze v Japonsku za cenu \u00a56,306,300 (p\u0159ibli\u017en\u011b 830.000 K\u010d) a je tak pouze o bezm\u00e1la 17.000 korun dra\u017e\u0161\u00ed ne\u017e standardn\u00ed varianta. Uv\u00edtali byste v \u010desk\u00e9m cen\u00edku tuto barevnou kombinaci?<\/p>\n<p><img decoding=\"async\" src=\"https:\/\/www.europesays.com\/cz\/wp-content\/uploads\/2026\/03\/1774021450_311_retina.jpg\" alt=\"Video placeholder\" class=\"gvjp-video-placeholder\"\/><\/p>\n<p>\n\t\t\t\tHonda Prelude \u2022 Honda\n\t\t\t<\/p>\n<p>Zdroje: Honda Japan, CarScoops<\/p>\n","protected":false},"excerpt":{"rendered":"Konfigur\u00e1tor Hondy Prelude moment\u00e1ln\u011b nab\u00edz\u00ed jedinou z\u00e1\u0159ivou barvu. Japonsko se nyn\u00ed do\u010dkalo kr\u00e1sn\u00e9ho metalick\u00e9ho laku v \u010derven\u00e9m odst\u00ednu,&hellip;\n","protected":false},"author":2,"featured_media":124014,"comment_status":"","ping_status":"","sticky":false,"template":"","format":"standard","meta":{"footnotes":"","_share_on_mastodon":"0"},"categories":[12],"tags":[67,68,2881,12335,773,245,933,5817],"class_list":["post-124013","post","type-post","status-publish","format-standard","has-post-thumbnail","category-byznys","tag-business","tag-byznys","tag-honda","tag-honda-prelude","tag-hybrid","tag-japonsko","tag-kupe","tag-specialni-edice"],"share_on_mastodon":{"url":"https:\/\/pubeurope.com\/@cz\/116782816633820532","error":""},"_links":{"self":[{"href":"https:\/\/www.europesays.com\/cz\/wp-json\/wp\/v2\/posts\/124013","targetHints":{"allow":["GET"]}}],"collection":[{"href":"https:\/\/www.europesays.com\/cz\/wp-json\/wp\/v2\/posts"}],"about":[{"href":"https:\/\/www.europesays.com\/cz\/wp-json\/wp\/v2\/types\/post"}],"author":[{"embeddable":true,"href":"https:\/\/www.europesays.com\/cz\/wp-json\/wp\/v2\/users\/2"}],"replies":[{"embeddable":true,"href":"https:\/\/www.europesays.com\/cz\/wp-json\/wp\/v2\/comments?post=124013"}],"version-history":[{"count":0,"href":"https:\/\/www.europesays.com\/cz\/wp-json\/wp\/v2\/posts\/124013\/revisions"}],"wp:featuredmedia":[{"embeddable":true,"href":"https:\/\/www.europesays.com\/cz\/wp-json\/wp\/v2\/media\/124014"}],"wp:attachment":[{"href":"https:\/\/www.europesays.com\/cz\/wp-json\/wp\/v2\/media?parent=124013"}],"wp:term":[{"taxonomy":"category","embeddable":true,"href":"https:\/\/www.europesays.com\/cz\/wp-json\/wp\/v2\/categories?post=124013"},{"taxonomy":"post_tag","embeddable":true,"href":"https:\/\/www.europesays.com\/cz\/wp-json\/wp\/v2\/tags?post=124013"}],"curies":[{"name":"wp","href":"https:\/\/api.w.org\/{rel}","templated":true}]}}