{"id":124289,"date":"2026-06-20T19:28:13","date_gmt":"2026-06-20T19:28:13","guid":{"rendered":"https:\/\/www.europesays.com\/cz\/124289\/"},"modified":"2026-06-20T19:28:13","modified_gmt":"2026-06-20T19:28:13","slug":"luxus-jaky-jeste-nikdo-nevidel-chlubi-se-trump-darovanym-air-force-one","status":"publish","type":"post","link":"https:\/\/www.europesays.com\/cz\/124289\/","title":{"rendered":"\u201eLuxus, jak\u00fd je\u0161t\u011b nikdo nevid\u011bl,\u201c chlub\u00ed se Trump darovan\u00fdm Air Force One"},"content":{"rendered":"<p class=\"e_bX\">Letadlo d\u0159\u00edve slou\u017eilo katarsk\u00e9 kr\u00e1lovsk\u00e9 rodin\u011b, kter\u00e1 ho loni darovala Spojen\u00fdm st\u00e1t\u016fm. Stroj ned\u00e1vno dorazil na marylandskou z\u00e1kladnu Joint Base Andrews, a\u00a0to rovnou s\u00a0nov\u00fdm n\u00e1t\u011brem v\u00a0Trumpov\u00fdch obl\u00edben\u00fdch barv\u00e1ch\u00a0\u2013 tmav\u011b modr\u00e9, \u010derven\u00e9 a\u00a0zlat\u00e9. Jumbo jet v\u0161ak mus\u00ed absolvovat je\u0161t\u011b n\u011bkolik zku\u0161ebn\u00edch let\u016f, ne\u017e bude ofici\u00e1ln\u011b nasazen do slu\u017eby.<\/p>\n<p class=\"e_bX\">Za d\u0159\u00edv\u011bj\u0161\u00edm p\u0159\u00edletem letounu do USA stoj\u00ed podle v\u0161eho s\u00e1m Trump, jak nazna\u010dil v\u00a0p\u00e1tek na akci ozna\u010den\u00e9 jako projev k\u00a0p\u0159\u00edslu\u0161n\u00edk\u016fm letectva. Informace o\u00a0p\u0159\u00edletu letadla byly toti\u017e do posledn\u00ed chv\u00edle p\u0159\u00edsn\u011b utajov\u00e1ny.<\/p>\n<p class=\"e_bX\">Jedin\u00fdm d\u0159\u00edv\u011bj\u0161\u00edm n\u00e1znakem, \u017ee letadlo doraz\u00ed d\u0159\u00edve, byl p\u0159\u00edsp\u011bvek vysoce postaven\u00e9ho \u00fa\u0159edn\u00edka B\u00edl\u00e9ho domu na soci\u00e1ln\u00ed s\u00edti X. V\u00a0n\u011bm se rozlou\u010dil se star\u0161\u00edm, sv\u011btle modro-b\u00edl\u00fdm Air Force One, kter\u00e9 katarsk\u00fd stroj nahrad\u00ed, a\u00a0pod\u011bkoval mu za slu\u017ebu.<\/p>\n<p><a data-dot=\"mol-article-card-media\" aria-hidden=\"true\" tabindex=\"-1\" href=\"https:\/\/www.seznamzpravy.cz\/clanek\/zahranicni-trump-ma-od-kataru-dostat-letadlo-za-stamiliony-protiustavni-mini-kritici-276424\" class=\"e_n f_l1\" rel=\"nofollow noopener\" target=\"_blank\"><img fetchpriority=\"high\" height=\"2304\"   width=\"4096\" src=\"https:\/\/www.europesays.com\/cz\/wp-content\/uploads\/2026\/06\/boeing-747.jpeg\" loading=\"eager\" decoding=\"sync\" class=\"e_aa e_Z\"\/><\/a><\/p>\n<p class=\"e_bX\">Dar v\u00a0podob\u011b luxusn\u00edho letadla od zahrani\u010dn\u00ed vl\u00e1dy m\u00e1 v\u00a0historii USA jen m\u00e1lo precedent\u016f. Toho, \u017ee by rozhodov\u00e1n\u00ed hlavy st\u00e1tu mohlo b\u00fdt ovlivn\u011bno dary zven\u010d\u00ed, se ob\u00e1vali u\u017e samotn\u00ed otcov\u00e9 zakladatel\u00e9. V\u00a0americk\u00e9 \u00fastav\u011b proto zakotvili ustanoven\u00ed, kter\u00e9 zakazuje p\u0159ij\u00edm\u00e1n\u00ed dar\u016f bez souhlasu Kongresu. Trump na tyto n\u00e1mitky u\u017e loni reagoval prohl\u00e1\u0161en\u00edm, \u017ee dar byl ur\u010den cel\u00e9mu n\u00e1rodu, nikoli jemu osobn\u011b. Z\u00e1rove\u0148 tehdy ale dodal, \u017ee po skon\u010den\u00ed jeho prezidentsk\u00e9ho mand\u00e1tu se letadlo stane sou\u010d\u00e1st\u00ed jeho prezidentsk\u00e9 knihovny.<\/p>\n<p class=\"e_bX\">\u201eZeptal jsem se em\u00edra, jestli bychom mohli pou\u017e\u00edt ten zbrusu nov\u00fd 747,\u201c uvedl dle den\u00edku <a data-dot=\"atm-link\" target=\"_blank\" rel=\"noopener nofollow\" href=\"https:\/\/www.washingtonpost.com\/national-security\/2026\/06\/19\/new-air-force-one-gift-qatar-arrives-will-soon-fly-trump\/\" class=\"e_n\">Washington Post<\/a>. \u201e\u0158ekl jsem: \u201aR\u00e1di bychom ho na chv\u00edli vyu\u017eili, proto\u017ee na\u0161e letadla jsou dost star\u00e1.\u2018 V\u00edte, norm\u00e1ln\u00ed prezident by to neud\u011blal,\u201c dodal Trump.<\/p>\n<p class=\"e_bX\">\u201eToto letadlo se prom\u011bnilo v\u00a0l\u00e9taj\u00edc\u00ed B\u00edl\u00fd d\u016fm s\u00a0takovou \u00farovn\u00ed luxusu, jakou nikdo dosud nevid\u011bl, pravd\u011bpodobn\u011b ani mimo letadlo,\u201c \u0159ekl Trump v\u00a0p\u00e1tek v\u00a0uzav\u0159en\u00e9m hang\u00e1ru na z\u00e1kladn\u011b Joint Base Andrews. \u201eNikdo nikdy nic podobn\u00e9ho nevid\u011bl, a\u00a0to se v\u0161e stihlo za pouh\u00fdch deset m\u011bs\u00edc\u016f. To je \u010dasov\u00fd r\u00e1mec, kter\u00fd nikdo nepova\u017eoval za mo\u017en\u00fd,\u201c dodal.<\/p>\n<p class=\"e_bX\">Pos\u00e1dky, kter\u00e9 budou prezidenta p\u0159epravovat, dosud absolvovaly v\u00fdcvik na trena\u017e\u00e9rech a\u00a0jin\u00fdch letadlech typu 747, zat\u00edmco \u010dekaly na dokon\u010den\u00ed bezpe\u010dnostn\u00edch a\u00a0komunika\u010dn\u00edch \u00faprav nov\u00e9ho stroje.<\/p>\n<p><a data-dot=\"mol-article-card-media\" aria-hidden=\"true\" tabindex=\"-1\" href=\"https:\/\/www.seznamzpravy.cz\/clanek\/zahranicni-usa-prijaly-od-kataru-luxusni-letadlo-bude-slouzit-jako-air-force-one-277282\" class=\"e_n f_l1\" rel=\"nofollow noopener\" target=\"_blank\"><img fetchpriority=\"high\" height=\"2304\"   width=\"4096\" src=\"https:\/\/www.europesays.com\/cz\/wp-content\/uploads\/2026\/06\/boeing-747.jpeg\" loading=\"eager\" decoding=\"sync\" class=\"e_aa e_Z\"\/><\/a><\/p>\n<p class=\"e_bX\">Budouc\u00ed Air Force One nyn\u00ed \u010dek\u00e1 s\u00e9rie zku\u0161ebn\u00edch let\u016f, kter\u00e9 americk\u00e9 letectvo ve sv\u00e9m prohl\u00e1\u0161en\u00ed ozna\u010dilo za \u201ez\u00e1v\u011bre\u010dnou zkou\u0161ku\u201c. \u201eJakmile budou tyto lety \u00fasp\u011b\u0161n\u011b dokon\u010deny, bude letadlo ofici\u00e1ln\u011b za\u0159azeno do aktivn\u00ed flotily prezidentsk\u00fdch letadel a\u00a0bude k\u00a0dispozici pro prezidentsk\u00e9 mise,\u201c uvedlo letectvo podle Washington Post.<\/p>\n<p class=\"e_bX\">A\u010dkoliv byl exteri\u00e9r \u010dtrn\u00e1ct let star\u00e9ho letadla kompletn\u011b p\u0159elakov\u00e1n, interi\u00e9r ponechalo letectvo bez v\u011bt\u0161\u00edch zm\u011bn. Trump tak bude v\u00a0nov\u00e9m Air Force One cestovat v\u00a0luxusn\u00edch prostor\u00e1ch, kter\u00e9 byly p\u016fvodn\u011b navr\u017eeny pro katarskou kr\u00e1lovskou rodinu. Sou\u010dasn\u00fd design st\u00e1vaj\u00edc\u00edch prezidentsk\u00fdch letoun\u016f, zaveden\u00fd za vl\u00e1dy George W. Bushe, m\u00e1 p\u0159itom podstatn\u011b stro\u017eej\u0161\u00ed, kancel\u00e1\u0159sk\u00fd charakter.<\/p>\n<p class=\"e_bX\">Katarsk\u00fd dar m\u011bl mimo jin\u00e9 usm\u00ed\u0159it Trumpa, kter\u00fd byl v\u00a0posledn\u00ed dob\u011b frustrov\u00e1n zpo\u017ed\u011bn\u00edmi ve v\u00fdrob\u011b a\u00a0rostouc\u00edmi n\u00e1klady u\u00a0spole\u010dnosti Boeing. Americk\u00e9 letectvo si toti\u017e u\u017e v\u00a0roce 2017, b\u011bhem Trumpova prvn\u00edho funk\u010dn\u00edho obdob\u00ed, objednalo dv\u011b nov\u00e1 letadla typu 747, kter\u00e1 m\u011bla slou\u017eit jako p\u0159\u00ed\u0161t\u00ed Air Force One.<\/p>\n<p class=\"e_bX\">Harmonogram jejich p\u0159estavby se v\u0161ak natolik zpozdil, \u017ee letadla nemus\u00ed b\u00fdt hotov\u00e1 ani p\u0159ed koncem Trumpova funk\u010dn\u00edho obdob\u00ed. Jako provizorn\u00ed \u0159e\u0161en\u00ed proto Pentagon p\u0159ijal darovan\u00fd katarsk\u00fd letoun a\u00a0nechal ho za v\u00fdrazn\u011b ni\u017e\u0161\u00ed n\u00e1klady upravit.<\/p>\n<p><a data-dot=\"mol-article-card-media\" aria-hidden=\"true\" tabindex=\"-1\" href=\"https:\/\/www.seznamzpravy.cz\/clanek\/zahranicni-komentar-jak-si-ropne-monarchie-kupuji-ameriku-a-proc-se-ma-izrael-bat-290042\" class=\"e_n f_l1\" rel=\"nofollow noopener\" target=\"_blank\"><img height=\"1012\"   width=\"1800\" src=\"https:\/\/www.europesays.com\/cz\/wp-content\/uploads\/2026\/06\/donald-trump-spojene-arabske-emiraty.jpeg\" loading=\"eager\" decoding=\"sync\" class=\"e_aa e_Z\"\/><\/a><a data-dot=\"mol-article-card-media\" aria-hidden=\"true\" tabindex=\"-1\" href=\"https:\/\/www.seznamzpravy.cz\/clanek\/zahranicni-trumpovi-vadi-rozmery-letadla-ktere-dostal-od-kataru-pry-je-az-moc-velke-277823\" class=\"e_n f_l1\" rel=\"nofollow noopener\" target=\"_blank\"><img height=\"787\"   width=\"1400\" src=\"https:\/\/www.europesays.com\/cz\/wp-content\/uploads\/2026\/06\/boeing-747-katar.jpeg\" loading=\"eager\" decoding=\"sync\" class=\"e_aa e_Z\"\/><\/a><\/p>\n","protected":false},"excerpt":{"rendered":"Letadlo d\u0159\u00edve slou\u017eilo katarsk\u00e9 kr\u00e1lovsk\u00e9 rodin\u011b, kter\u00e1 ho loni darovala Spojen\u00fdm st\u00e1t\u016fm. Stroj ned\u00e1vno dorazil na marylandskou z\u00e1kladnu&hellip;\n","protected":false},"author":2,"featured_media":124290,"comment_status":"","ping_status":"","sticky":false,"template":"","format":"standard","meta":{"footnotes":"","_share_on_mastodon":"0"},"categories":[10],"tags":[27257,34135,212,17,21,6527,16,18,19,22,20],"class_list":["post-124289","post","type-post","status-publish","format-standard","has-post-thumbnail","category-zpravy","tag-air-force-one","tag-boeing-747","tag-donald-trump","tag-headlines","tag-hlavni-udalosti","tag-katar","tag-news","tag-top-news","tag-top-stories","tag-udalosti-dne","tag-zpravy"],"share_on_mastodon":{"url":"https:\/\/pubeurope.com\/@cz\/116784090649203228","error":""},"_links":{"self":[{"href":"https:\/\/www.europesays.com\/cz\/wp-json\/wp\/v2\/posts\/124289","targetHints":{"allow":["GET"]}}],"collection":[{"href":"https:\/\/www.europesays.com\/cz\/wp-json\/wp\/v2\/posts"}],"about":[{"href":"https:\/\/www.europesays.com\/cz\/wp-json\/wp\/v2\/types\/post"}],"author":[{"embeddable":true,"href":"https:\/\/www.europesays.com\/cz\/wp-json\/wp\/v2\/users\/2"}],"replies":[{"embeddable":true,"href":"https:\/\/www.europesays.com\/cz\/wp-json\/wp\/v2\/comments?post=124289"}],"version-history":[{"count":0,"href":"https:\/\/www.europesays.com\/cz\/wp-json\/wp\/v2\/posts\/124289\/revisions"}],"wp:featuredmedia":[{"embeddable":true,"href":"https:\/\/www.europesays.com\/cz\/wp-json\/wp\/v2\/media\/124290"}],"wp:attachment":[{"href":"https:\/\/www.europesays.com\/cz\/wp-json\/wp\/v2\/media?parent=124289"}],"wp:term":[{"taxonomy":"category","embeddable":true,"href":"https:\/\/www.europesays.com\/cz\/wp-json\/wp\/v2\/categories?post=124289"},{"taxonomy":"post_tag","embeddable":true,"href":"https:\/\/www.europesays.com\/cz\/wp-json\/wp\/v2\/tags?post=124289"}],"curies":[{"name":"wp","href":"https:\/\/api.w.org\/{rel}","templated":true}]}}