{"id":124746,"date":"2026-06-21T09:54:15","date_gmt":"2026-06-21T09:54:15","guid":{"rendered":"https:\/\/www.europesays.com\/cz\/124746\/"},"modified":"2026-06-21T09:54:15","modified_gmt":"2026-06-21T09:54:15","slug":"pri-letecke-nehode-zemrel-zakladatel-herni-spolecnosti-ubisoft","status":"publish","type":"post","link":"https:\/\/www.europesays.com\/cz\/124746\/","title":{"rendered":"P\u0159i leteck\u00e9 nehod\u011b zem\u0159el zakladatel hern\u00ed spole\u010dnosti Ubisoft"},"content":{"rendered":"<p class=\"c_bz\">Dvoumotorov\u00fd letoun Cessna 421\u00a0s\u00a0Guillemotem a\u00a0leteck\u00fdm instruktorem na palub\u011b se z\u0159\u00edtil v\u00a0p\u00e1tek ve\u010der pobl\u00ed\u017e leti\u0161t\u011b La Baule na pob\u0159e\u017e\u00ed Atlantiku, uvedl Louvrier. Oba podle n\u011bj m\u011bli leteckou licenci a\u00a0byli zku\u0161en\u00ed piloti. Instruktor tak\u00e9 zahynul, uvedl starosta. V\u00a0sou\u010dasnosti prob\u00edh\u00e1 vy\u0161et\u0159ov\u00e1n\u00ed leteck\u00e9 nehody.<\/p>\n<p class=\"c_bz\">Guillemotovo \u00famrt\u00ed potvrdila i\u00a0spole\u010dnost Ubisoft.<\/p>\n<p class=\"c_bz\">Letadlo se podle zji\u0161t\u011bn\u00ed agentury AP z\u0159\u00edtilo na poli t\u011bsn\u011b p\u0159ed p\u0159ist\u00e1n\u00edm na leti\u0161ti La Baule-Escoublac.<\/p>\n<p class=\"c_bz\">Guillemot a\u00a0\u010dty\u0159i brat\u0159i zalo\u017eili Ubisoft v\u00a0roce 1986.\u00a0Krom\u011b popul\u00e1rn\u00edch s\u00e9rii\u00ed Assassin&#8217;s Creed nebo Far Cry pat\u0159\u00ed mezi hry Ubisoftu tak\u00e9 Just Dance a\u00a0hern\u00ed s\u00e9rie Rayman a\u00a0Tom Clancy.<\/p>\n<p><img fetchpriority=\"high\" height=\"1200\"   width=\"1800\" src=\"https:\/\/www.europesays.com\/cz\/wp-content\/uploads\/2026\/06\/guillemot.jpeg\" loading=\"eager\" decoding=\"sync\" class=\"c_t c_r\"\/>Foto: Profimedia.cz<\/p>\n<p class=\"c_bz\">Po nehod\u011b letadla na z\u00e1pad\u011b Francie zahynul hern\u00ed magn\u00e1t Claude Guillemot<\/p>\n<p><a data-dot=\"atm-link\" target=\"_self\" href=\"https:\/\/www.novinky.cz\/clanek\/zahranicni-amerika-letoun-pri-nouzovem-pristani-v-dominikanske-republice-vybuchl-40582183\" class=\"c_N\" rel=\"nofollow noopener\"><img height=\"360\" width=\"640\" src=\"https:\/\/www.europesays.com\/cz\/wp-content\/uploads\/2026\/06\/91ed.jpeg\" loading=\"eager\" decoding=\"sync\" class=\"c_t c_r\"\/><\/a><\/p>\n","protected":false},"excerpt":{"rendered":"Dvoumotorov\u00fd letoun Cessna 421\u00a0s\u00a0Guillemotem a\u00a0leteck\u00fdm instruktorem na palub\u011b se z\u0159\u00edtil v\u00a0p\u00e1tek ve\u010der pobl\u00ed\u017e leti\u0161t\u011b La Baule na pob\u0159e\u017e\u00ed&hellip;\n","protected":false},"author":2,"featured_media":124747,"comment_status":"","ping_status":"","sticky":false,"template":"","format":"standard","meta":{"footnotes":"","_share_on_mastodon":"0"},"categories":[11],"tags":[3326,2937,54,53,52],"class_list":["post-124746","post","type-post","status-publish","format-standard","has-post-thumbnail","category-svet","tag-cessna","tag-letecke-katastrofy","tag-svet","tag-world","tag-world-news"],"share_on_mastodon":{"url":"https:\/\/pubeurope.com\/@cz\/116787496118174236","error":""},"_links":{"self":[{"href":"https:\/\/www.europesays.com\/cz\/wp-json\/wp\/v2\/posts\/124746","targetHints":{"allow":["GET"]}}],"collection":[{"href":"https:\/\/www.europesays.com\/cz\/wp-json\/wp\/v2\/posts"}],"about":[{"href":"https:\/\/www.europesays.com\/cz\/wp-json\/wp\/v2\/types\/post"}],"author":[{"embeddable":true,"href":"https:\/\/www.europesays.com\/cz\/wp-json\/wp\/v2\/users\/2"}],"replies":[{"embeddable":true,"href":"https:\/\/www.europesays.com\/cz\/wp-json\/wp\/v2\/comments?post=124746"}],"version-history":[{"count":0,"href":"https:\/\/www.europesays.com\/cz\/wp-json\/wp\/v2\/posts\/124746\/revisions"}],"wp:featuredmedia":[{"embeddable":true,"href":"https:\/\/www.europesays.com\/cz\/wp-json\/wp\/v2\/media\/124747"}],"wp:attachment":[{"href":"https:\/\/www.europesays.com\/cz\/wp-json\/wp\/v2\/media?parent=124746"}],"wp:term":[{"taxonomy":"category","embeddable":true,"href":"https:\/\/www.europesays.com\/cz\/wp-json\/wp\/v2\/categories?post=124746"},{"taxonomy":"post_tag","embeddable":true,"href":"https:\/\/www.europesays.com\/cz\/wp-json\/wp\/v2\/tags?post=124746"}],"curies":[{"name":"wp","href":"https:\/\/api.w.org\/{rel}","templated":true}]}}