{"id":124875,"date":"2026-06-21T12:43:10","date_gmt":"2026-06-21T12:43:10","guid":{"rendered":"https:\/\/www.europesays.com\/cz\/124875\/"},"modified":"2026-06-21T12:43:10","modified_gmt":"2026-06-21T12:43:10","slug":"doma-jsem-mel-prebuchtino-smal-se-herec-kopta-vysvobodili-ho-zetove-dovezli-mu-bucek","status":"publish","type":"post","link":"https:\/\/www.europesays.com\/cz\/124875\/","title":{"rendered":"Doma jsem m\u011bl p\u0159ebucht\u00edno, sm\u00e1l se herec Kopta. Vysvobodili ho ze\u0165ov\u00e9, dovezli mu b\u016f\u010dek"},"content":{"rendered":"<p>\n                        Herec V\u00e1clav Kopta s man\u017eelkou a kolegyn\u00ed Simonou Vrbickou pat\u0159\u00ed k nejstabiln\u011bj\u0161\u00edm p\u00e1r\u016fm \u010desk\u00e9ho showbyznysu. Brali se po dvan\u00e1ctilet\u00e9 zn\u00e1mosti v roce 1995 a dodnes spolu maj\u00ed kr\u00e1sn\u00fd vztah. V man\u017eelstv\u00ed se jim narodily dv\u011b dcery \u2013 Jana a Franti\u0161ka. Co o nich herec, moder\u00e1tor a hudebn\u00edk, kter\u00fd 21. \u010dervna oslavil 61. narozeniny, prozradil?\n                    <\/p>\n<p>V\u00e1clav Kopta se stal hv\u011bzdou u\u017e ve sv\u00fdch 17 letech, kdy zaz\u00e1\u0159il v roli studenta Radka P\u0159evr\u00e1tila ve filmu Sn\u011b\u017eenky a mach\u0159i. Svoji sl\u00e1vu ale tehdy nijak zvl\u00e1\u0161\u0165 nepro\u017e\u00edval. \u201e\u017de by po mn\u011b d\u00edvky \u0161\u00edlely, tak na to si fakt nepamatuju. T\u011bch sedmn\u00e1ct \u2013 to je takov\u00fd telec\u00ed v\u011bk, kdy se ty d\u011bti je\u0161t\u011b hodn\u011b styd\u00ed, a to byl m\u016fj p\u0159\u00edpad. Dlouho jsem byl takov\u00fd zastydl\u00fd. J\u00f3, dneska u\u017e bych si to um\u011bl u\u017e\u00edt jinak, ale to u\u017e zase hraju ty zkrachoval\u00e9 nakladatele, esenb\u00e1ky, nebo protivn\u00e9 autobus\u00e1ky,\u201c prozradil s\u00a0\u00fasm\u011bvem redaktorovi webu CNN Prima NEWS.<\/p>\n<p>\u010cT\u011aTE TAK\u00c9: <a target=\"_blank\" href=\"https:\/\/cnn.iprima.cz\/herec-josef-dvorak-promenil-ruinu-v-chalupu-s-bazenem-kvuli-penzi-celil-na-urade-otazkam-513655\" rel=\"nofollow noopener\">Herec Josef Dvo\u0159\u00e1k prom\u011bnil ruinu v chalupu s baz\u00e9nem. Kv\u016fli penzi \u010delil na \u00fa\u0159ad\u011b ot\u00e1zk\u00e1m<\/a><\/p>\n<p>Se svou \u017eivotn\u00ed l\u00e1skou, o rok star\u0161\u00ed here\u010dkou Simonou Vrbickou se poznal b\u011bhem studi\u00ed na Pra\u017esk\u00e9 konzervato\u0159i, kde nav\u0161t\u011bvoval hudebn\u011b dramatick\u00fd obor. Brali se po dvan\u00e1ctilet\u00e9 zn\u00e1mosti v roce 1995 a dodnes tvo\u0159\u00ed harmonick\u00fd p\u00e1r. Vzhledem k tomu, \u017ee se jim narodily dv\u011b dcery, Jana a Franti\u0161ka, v rodin\u011b byl obklopen sam\u00fdmi \u017eenami. \u201eM\u00e1m dv\u011b dcery, man\u017eelku a fenu, tak\u017ee doma bylo dost dlouho pon\u011bkud p\u0159ebucht\u00edno,\u201c popsal s \u00fasm\u011bvem v po\u0159adu Show Jana Krause.<\/p>\n<p class=\"intro-title-mobile\">\n        \u010ct\u011bte tak\u00e9\n    <\/p>\n<p>        <a href=\"https:\/\/cnn.iprima.cz\/show-time\/langmajer-promluvil-o-intimnim-zivote-s-gondikovou-nemely-jsme-to-snadne-rikaji-jejich-dcery-513696\" class=\"image-link\" rel=\"nofollow noopener\" target=\"_blank\"><\/p>\n<p>            <img decoding=\"async\" loading=\"lazy\" class=\"image\" src=\"https:\/\/www.europesays.com\/cz\/wp-content\/uploads\/2026\/06\/49a2844ddb574249d3e3643416552f4c.png\" alt=\"Ji\u0159\u00ed Langmajer s Ad\u00e9lou Gond\u00edkovou si do man\u017eelstv\u00ed p\u0159ivedli t\u0159i dcery. Herec Terezu a Julii, here\u010dka Nelu.  \"\/><\/p>\n<p>            <\/a><\/p>\n<p class=\"intro-title-desktop\">\n            \u010ct\u011bte tak\u00e9\n        <\/p>\n<p>                <a href=\"https:\/\/cnn.iprima.cz\/show-time\/langmajer-promluvil-o-intimnim-zivote-s-gondikovou-nemely-jsme-to-snadne-rikaji-jejich-dcery-513696\" class=\"title-link\" rel=\"nofollow noopener\" target=\"_blank\"><\/p>\n<p class=\"title\">\n                Langmajer promluvil o intimn\u00edm \u017eivot\u011b s Gond\u00edkovou. Nem\u011bly jsme to snadn\u00e9, \u0159\u00edkaj\u00ed jejich dcery\n            <\/p>\n<p>        <\/a><\/p>\n<p>                                                                                                3. \u010dvn 2026, 06:18<\/p>\n<p>                6 min \u010dten\u00ed<\/p>\n<p>Dcery, kter\u00fdm je 27 a 24 let u\u017e ale vyl\u00e9tly z rodinn\u00e9ho hn\u00edzda a ob\u011b jsou zadan\u00e9. \u201eV\u00fdb\u011br partner\u016f prob\u011bhl. U n\u00e1s je dosti standardn\u00ed, proto\u017ee d\u00edky Kamilu St\u0159ihavkovi a jeho kapele jsme m\u011bli z \u010deho \u010derpat. Jedna chod\u00ed s buben\u00edkem a druh\u00e1 s kl\u00e1ves\u00e1kem,\u201c zm\u00ednil V\u00e1clav Kopta.<\/p>\n<p>S partnery sv\u00fdch dcer si rozum\u00ed<\/p>\n<p>Za mu\u017esk\u00fd element v rodin\u011b je r\u00e1d. \u201eKluci vnesli p\u0159\u00edzniv\u00e9ho ducha i do ledni\u010dky v na\u0161em dom\u011b. Celkov\u011b se d\u00e1 \u0159\u00edct, \u017ee cukety jsou na \u00fastupu,\u201c nar\u00e1\u017eel na to, \u017ee man\u017eelka s dcerami preferuj\u00ed zdravou stravu.<\/p>\n<p>S budouc\u00edmi zeti je spokojen\u00fd a m\u00e1 s nimi hezk\u00fd vztah. \u201eHonza, ten buben\u00edk, se etabloval v rodin\u011b velice dob\u0159e. Je z Moravy, tak\u017ee s prvn\u00ed l\u00e1hv\u00ed vynikaj\u00edc\u00ed slivovice dorazilo asi p\u011bt kilo klob\u00e1s, uzen\u00e9ho b\u016f\u010dku a z\u00e1van toho, \u017ee sv\u011bt je u Kopt\u016f na Hanspaulce zase v po\u0159\u00e1dku,\u201c p\u0159ibl\u00ed\u017eil V\u00e1clav Kopta.<\/p>\n<p>MOHLO V\u00c1M UNIKNOUT: <a target=\"_blank\" href=\"https:\/\/cnn.iprima.cz\/show-time\/jsem-venkovanka-vystrcim-nos-a-schovam-se-v-lese-herecka-jana-paulova-odhalila-sve-bydleni-513618\" rel=\"nofollow noopener\">Here\u010dka Jana Paulov\u00e1 odhalila sv\u00e9 bydlen\u00ed. Jsem vesni\u010danka, vystr\u010d\u00edm nos a jsem v lese, \u0159\u00edk\u00e1<\/a><\/p>\n<p>\u00a0<\/p>\n<p class=\"!text-semibold-14-14 !text-black mb-0 mt-2\">\n                David v r\u00e1mci CNN Prima NEWS p\u00ed\u0161e p\u0159edev\u0161\u00edm o d\u011bn\u00ed na dom\u00e1c\u00ed sc\u00e9n\u011b. (david.lastovka@iprima.cz)\n            <\/p>\n","protected":false},"excerpt":{"rendered":"Herec V\u00e1clav Kopta s man\u017eelkou a kolegyn\u00ed Simonou Vrbickou pat\u0159\u00ed k nejstabiln\u011bj\u0161\u00edm p\u00e1r\u016fm \u010desk\u00e9ho showbyznysu. Brali se po&hellip;\n","protected":false},"author":2,"featured_media":124876,"comment_status":"","ping_status":"","sticky":false,"template":"","format":"standard","meta":{"footnotes":"","_share_on_mastodon":"0"},"categories":[14],"tags":[1538,79,349,3294,17310,21129,651,4893,34593,34572,34594,8397,649,3804,80],"class_list":["post-124875","post","type-post","status-publish","format-standard","has-post-thumbnail","category-zabava","tag-celebrity","tag-entertainment","tag-herec","tag-jan-kraus","tag-kamil-strihavka","tag-prazska-konzervator","tag-rodina","tag-show-jana-krause","tag-simona-vrbicka","tag-slivovice","tag-snezenky-a-machri","tag-spolecenska-rubrika","tag-spolecnost","tag-vaclav-kopta","tag-zabava"],"share_on_mastodon":{"url":"https:\/\/pubeurope.com\/@cz\/116788160651115374","error":""},"_links":{"self":[{"href":"https:\/\/www.europesays.com\/cz\/wp-json\/wp\/v2\/posts\/124875","targetHints":{"allow":["GET"]}}],"collection":[{"href":"https:\/\/www.europesays.com\/cz\/wp-json\/wp\/v2\/posts"}],"about":[{"href":"https:\/\/www.europesays.com\/cz\/wp-json\/wp\/v2\/types\/post"}],"author":[{"embeddable":true,"href":"https:\/\/www.europesays.com\/cz\/wp-json\/wp\/v2\/users\/2"}],"replies":[{"embeddable":true,"href":"https:\/\/www.europesays.com\/cz\/wp-json\/wp\/v2\/comments?post=124875"}],"version-history":[{"count":0,"href":"https:\/\/www.europesays.com\/cz\/wp-json\/wp\/v2\/posts\/124875\/revisions"}],"wp:featuredmedia":[{"embeddable":true,"href":"https:\/\/www.europesays.com\/cz\/wp-json\/wp\/v2\/media\/124876"}],"wp:attachment":[{"href":"https:\/\/www.europesays.com\/cz\/wp-json\/wp\/v2\/media?parent=124875"}],"wp:term":[{"taxonomy":"category","embeddable":true,"href":"https:\/\/www.europesays.com\/cz\/wp-json\/wp\/v2\/categories?post=124875"},{"taxonomy":"post_tag","embeddable":true,"href":"https:\/\/www.europesays.com\/cz\/wp-json\/wp\/v2\/tags?post=124875"}],"curies":[{"name":"wp","href":"https:\/\/api.w.org\/{rel}","templated":true}]}}