{"id":125332,"date":"2026-06-22T00:32:10","date_gmt":"2026-06-22T00:32:10","guid":{"rendered":"https:\/\/www.europesays.com\/cz\/125332\/"},"modified":"2026-06-22T00:32:10","modified_gmt":"2026-06-22T00:32:10","slug":"velkolepa-show-v-edenu-olympiadu-deti-a-mladeze-zahajil-roman-cervenka","status":"publish","type":"post","link":"https:\/\/www.europesays.com\/cz\/125332\/","title":{"rendered":"Velkolep\u00e1 show v Edenu! Olympi\u00e1du d\u011bt\u00ed a ml\u00e1de\u017ee zah\u00e1jil Roman \u010cervenka"},"content":{"rendered":"<p>P\u0159\u00edtomn\u00e9 z p\u00f3dia pozdravil i prezident Petr Pavel, kter\u00fd uvedl, \u017ee sport je nejlep\u0161\u00edm l\u00e9kem na modern\u00ed dobu. \u201eBav\u00edme se v mnoha ohledech o odolnosti, odolnosti fyzick\u00e9, psychick\u00e9, a nezn\u00e1m lep\u0161\u00ed zp\u016fsob ne\u017e je sport. Nav\u00edc vede mlad\u00e9 lidi k tomu, \u017ee si zvykaj\u00ed hr\u00e1t podle pravidel, co\u017e se na v\u017edycky potom v \u017eivot\u011b d\u011bje,&#8220; \u0159ekl. Sklidil potlesk z tribun, kter\u00e9 zaplnili p\u0159edev\u0161\u00edm rodi\u010de, p\u0159\u00edbuzn\u00ed a tren\u00e9\u0159i mlad\u00fdch sportovc\u016f.<\/p>\n<p>  <a href=\"https:\/\/www.blesk.cz\/galerie\/1483608\/?foto=5\" class=\"imgInGallery galleryTransition\" title=\"Na ceremoni\u00e1lu promluvit i prezident Petr Pavel.\" onclick=\"saveImageId(9883233)\" rel=\"nofollow noopener\" target=\"_blank\"><\/p>\n<p>      <img decoding=\"async\" src=\"https:\/\/www.europesays.com\/cz\/wp-content\/uploads\/2026\/06\/9883233.jpg\" alt=\"\" title=\"\" height=\"779\" width=\"978\" class=\"lazyload \" loading=\"lazy\" \/><\/p>\n<p>  <\/a><\/p>\n<p>Na ceremoni\u00e1lu promluvit i prezident Petr Pavel.<\/p>\n<p>Autor:\u00a0\u010cTK<\/p>\n<p>Defil\u00e9 krajsk\u00fdch v\u00fdprav v barevn\u011b odli\u0161en\u00fdch dresech vedli vrcholov\u00ed sportovci. Byli mezi nimi olympijsk\u00fd \u0161ampion z Pa\u0159\u00ed\u017ee Josef Dost\u00e1l, trojn\u00e1sobn\u00fd olympijsk\u00fd v\u00edt\u011bz a mistr sv\u011bta v hodu o\u0161t\u011bpem Jan \u017delezn\u00fd, trojn\u00e1sobn\u00fd mistr sv\u011bta v cyklokrosu Zden\u011bk \u0160tybar nebo bronzov\u00fd fleretista z olympi\u00e1dy v Tokiu Alexander Choupenitch. \u010cervenka p\u0159inesl na p\u00f3dium ohe\u0148 v pochodni.<\/p>\n<p>    <a href=\"https:\/\/www.blesk.cz\/clanek\/celebrity-ceske-celebrity\/842159\/odvazna-novinka-charlotte-gott-v-novem-klipu-odhalila-talent-i-sexy-krivky.html\" class=\"articlePhoto\" rel=\"nofollow noopener\" target=\"_blank\"><\/p>\n<p>        <img decoding=\"async\" src=\"https:\/\/www.europesays.com\/cz\/wp-content\/uploads\/2026\/06\/9883133.jpg\" alt=\"Charlotte Gott zve\u0159ejnila nov\u00fd videoklip.\" title=\"\" height=\"210\" width=\"300\" class=\"lazyload \" loading=\"lazy\" \/><\/p>\n<p>    <\/a><\/p>\n<p>P\u0159i ceremoni\u00e1lu div\u00e1ci mohli sledovat odv\u00e1\u017enou akrobacii na zemi i provazochodce na lanech napjat\u00fdch nad stadionem. Na programu byl tanec, hudebn\u00ed vystoupen\u00ed i st\u00e1tn\u00ed hymna v pod\u00e1n\u00ed mlad\u00e9ho interpreta Daniela \u017di\u017eky. Z\u00e1stupci sportovc\u016f i rozhod\u010d\u00edch slo\u017eili slib sout\u011b\u017eit v ryt\u00ed\u0159sk\u00e9m duchu.<\/p>\n<p>Sportovn\u00ed kl\u00e1n\u00ed ve 23 discipl\u00edn\u00e1ch se budou odehr\u00e1vat na v\u00edce m\u00edstech v Praze, centrem se stane hole\u0161ovick\u00e9 V\u00fdstavi\u0161t\u011b. Sout\u011b\u017eit se bude tak\u00e9 na Julisce, v Plaveck\u00e9m stadionu Podol\u00ed, na V\u00fdstavi\u0161ti Praha, ve slalomov\u00e9m kan\u00e1le v Troji a v tr\u00e9ninkov\u00e9m fotbalov\u00e9m centru na Strahov\u011b.<\/p>\n<p>Podle p\u0159edsedy \u010cesk\u00e9ho olympijsk\u00e9ho v\u00fdboru Ji\u0159\u00edho Kejvala, kter\u00fd je spolupo\u0159adatelem, jsou mezi mlad\u00fdmi sportovci budouc\u00ed hv\u011bzdy, mo\u017en\u00e1 i budouc\u00ed olympijsk\u00fd v\u00edt\u011bz.<\/p>\n<p>Praha v ned\u011bli k olympi\u00e1d\u011b tak\u00e9 nechala nasv\u00edtit Pet\u0159\u00ednskou rozhlednu v barv\u00e1ch vlajky m\u011bsta se zlat\u00fdm vr\u0161kem, \u010derven\u00fdm prost\u0159edkem a zlat\u00fdm spodkem.<\/p>\n<p>          <a class=\"galleryNext\" href=\"https:\/\/www.blesk.cz\/galerie\/regiony-praha-praha-zpravy\/1483608\/velkolepa-show-v-edenu-olympiadu-deti-a-mladeze-zahajil-roman-cervenka-pozdravil-prezident-pavel?foto=2\" rel=\"nofollow noopener\" target=\"_blank\"><\/p>\n<p>          <\/a><br \/>\n          <a href=\"https:\/\/www.blesk.cz\/galerie\/regiony-praha-praha-zpravy\/1483608\/velkolepa-show-v-edenu-olympiadu-deti-a-mladeze-zahajil-roman-cervenka-pozdravil-prezident-pavel?foto=1\" class=\"photoIn\" rel=\"nofollow noopener\" target=\"_blank\"><br \/>\n            <img decoding=\"async\" src=\"https:\/\/www.europesays.com\/cz\/wp-content\/uploads\/2026\/06\/9883229.jpg\" title=\"Ceremoni\u00e1l se zap\u00e1len\u00edm ohn\u011b zah\u00e1jil v Praze Olympi\u00e1du d\u011bt\u00ed a ml\u00e1de\u017ee.\" alt=\"Ceremoni\u00e1l se zap\u00e1len\u00edm ohn\u011b zah\u00e1jil v Praze Olympi\u00e1du d\u011bt\u00ed a ml\u00e1de\u017ee.\" width=\"520\" loading=\"lazy\"\/><br \/>\n          <\/a><\/p>\n<p>Ceremoni\u00e1l se zap\u00e1len\u00edm ohn\u011b zah\u00e1jil v Praze Olympi\u00e1du d\u011bt\u00ed a ml\u00e1de\u017ee.<\/p>\n<p>Autor:\u00a0\u010cTK<\/p>\n","protected":false},"excerpt":{"rendered":"P\u0159\u00edtomn\u00e9 z p\u00f3dia pozdravil i prezident Petr Pavel, kter\u00fd uvedl, \u017ee sport je nejlep\u0161\u00edm l\u00e9kem na modern\u00ed dobu.&hellip;\n","protected":false},"author":2,"featured_media":125333,"comment_status":"","ping_status":"","sticky":false,"template":"","format":"standard","meta":{"footnotes":"","_share_on_mastodon":"0"},"categories":[30],"tags":[23059,717,213,98,99,139,1130,4800,1497],"class_list":["post-125332","post","type-post","status-publish","format-standard","has-post-thumbnail","category-praha","tag-olympiada-deti-a-mladeze","tag-olympijske-hry","tag-petr-pavel","tag-prague","tag-praha","tag-roman-cervenka","tag-show","tag-stadion-eden","tag-vystaviste-praha"],"share_on_mastodon":{"url":"https:\/\/pubeurope.com\/@cz\/116790948398219581","error":""},"_links":{"self":[{"href":"https:\/\/www.europesays.com\/cz\/wp-json\/wp\/v2\/posts\/125332","targetHints":{"allow":["GET"]}}],"collection":[{"href":"https:\/\/www.europesays.com\/cz\/wp-json\/wp\/v2\/posts"}],"about":[{"href":"https:\/\/www.europesays.com\/cz\/wp-json\/wp\/v2\/types\/post"}],"author":[{"embeddable":true,"href":"https:\/\/www.europesays.com\/cz\/wp-json\/wp\/v2\/users\/2"}],"replies":[{"embeddable":true,"href":"https:\/\/www.europesays.com\/cz\/wp-json\/wp\/v2\/comments?post=125332"}],"version-history":[{"count":0,"href":"https:\/\/www.europesays.com\/cz\/wp-json\/wp\/v2\/posts\/125332\/revisions"}],"wp:featuredmedia":[{"embeddable":true,"href":"https:\/\/www.europesays.com\/cz\/wp-json\/wp\/v2\/media\/125333"}],"wp:attachment":[{"href":"https:\/\/www.europesays.com\/cz\/wp-json\/wp\/v2\/media?parent=125332"}],"wp:term":[{"taxonomy":"category","embeddable":true,"href":"https:\/\/www.europesays.com\/cz\/wp-json\/wp\/v2\/categories?post=125332"},{"taxonomy":"post_tag","embeddable":true,"href":"https:\/\/www.europesays.com\/cz\/wp-json\/wp\/v2\/tags?post=125332"}],"curies":[{"name":"wp","href":"https:\/\/api.w.org\/{rel}","templated":true}]}}