{"id":125344,"date":"2026-06-22T02:13:10","date_gmt":"2026-06-22T02:13:10","guid":{"rendered":"https:\/\/www.europesays.com\/cz\/125344\/"},"modified":"2026-06-22T02:13:10","modified_gmt":"2026-06-22T02:13:10","slug":"ms-fotbal-silene-ms-pokracuje-zazrak-z-kapverd-oloupil-o-body-dalsiho-favorita","status":"publish","type":"post","link":"https:\/\/www.europesays.com\/cz\/125344\/","title":{"rendered":"MS fotbal | \u0160\u00edlen\u00e9 MS pokra\u010duje! Z\u00e1zrak z\u00a0Kapverd oloupil o\u00a0body dal\u0161\u00edho favorita"},"content":{"rendered":"<p class=\"b_bE\">Trpasl\u00edk z\u00a0Kapverd, jen\u017e hraje prvn\u00ed MS v\u00a0historii, \u0161okoval u\u017e v\u00a0\u00favodn\u00edm duelu skupiny, kdy uhr\u00e1l bezbrankovou rem\u00edzu se \u0160pan\u011blskem. Sou\u010dasn\u00fd v\u00fdb\u011br Uruguaye je sice oproti evropsk\u00e9 velmoci mu\u017estvem druh\u00e9ho sledu, i\u00a0tak ale dal\u0161\u00ed \u0161ok ne\u010dekal snad v\u016fbec nikdo.<\/p>\n<p class=\"b_bE\">Jen\u017ee Kapver\u010fan\u00e9 vst\u0159\u00edc p\u0159ekvapen\u00ed u\u017e po dvaceti minut\u00e1ch r\u00e1zn\u011b vykro\u010dili. Rodrigo Bentancur dobr\u00fdch t\u0159icet metr\u016f od branky fauloval Telma Arcanja, balon si k\u00a0voln\u00e9mu kopu postavil Kevin Lenini Pina.<\/p>\n<p class=\"b_bE\">Zkusil \u0161t\u011bst\u00ed. Nevym\u00fd\u0161lel, do balonu pr\u00e1skl n\u00e1rtem. Uruguaysk\u00e1 ze\u010f se nepochopiteln\u011b rozestoupila a\u00a0outsider \u0161el senza\u010dn\u011b do veden\u00ed. Zku\u0161en\u00fd g\u00f3lman Fernando Muslera, jen\u017e nastoupil ke sv\u00e9mu osmn\u00e1ct\u00e9mu duelu na MS a\u00a0stal se tak rekordmanem sv\u00e9 zem\u011b, u\u017e zareagovat nestihl.<\/p>\n<p class=\"b_bE\">Dlouho se zd\u00e1lo, \u017ee se to nepoda\u0159\u00ed ani zd\u00e1nliv\u011b impotentn\u00ed Uruguayi jako celku. Jen\u017ee hned prvn\u00ed st\u0159ela kr\u00e1tce p\u0159ed pauzou skon\u010dila g\u00f3lem. Kapver\u010fan Sidny Lopes Cabral tak n\u011bjak omylem srazil balon hlavou do vlastn\u00ed ty\u010de, odkud n\u00e1sledoval odraz p\u0159ed Maxmiliana Ara\u00faja, kter\u00fd u\u017e m\u011bl lehkou pr\u00e1ci a\u00a0nav\u00e1zal na svoji trefu proti Sa\u00fadsk\u00e9 Ar\u00e1bii.<\/p>\n<p class=\"b_bE\">Pap\u00edrov\u00fd favorit se v\u00a0\u0161est\u00e9 minut\u011b nastaven\u00ed prvn\u00ed p\u016fle nav\u00edc dostal do veden\u00ed. A\u00a0nutno dodat, \u017ee po zatracen\u011b poveden\u00e9 akci. Manuel Ugarte vymyslel par\u00e1dn\u00ed dlouhou p\u0159ihr\u00e1vku do v\u00e1pna, kterou Ara\u00fajo hlavou sklepl p\u0159ed Agust\u00edna Cannobia, jemu\u017e sta\u010dilo zakon\u010dit mimo dosah Vozinhy. Brank\u00e1\u0159sk\u00fd hrdina bezbrankov\u00e9 rem\u00edzy se \u0160pan\u011bly kapituloval i\u00a0podruh\u00e9.<\/p>\n<p class=\"b_bE\">Jen\u017ee dramatu nebyl konec.<\/p>\n<p><a data-dot=\"atm-link\" target=\"_self\" href=\"https:\/\/www.sport.cz\/clanek\/fotbal-ms-americke-urady-nabidly-matce-kapverdskeho-hrdiny-vozinhy-pomoc-se-ziskanim-viz-5482131\" class=\"b_V g_ij\" rel=\"nofollow noopener\"><img fetchpriority=\"high\" height=\"1971\" width=\"2629\" src=\"https:\/\/www.europesays.com\/cz\/wp-content\/uploads\/2026\/06\/febc.jpeg\" loading=\"eager\" decoding=\"sync\" class=\"b_B b_z\"\/><\/a><\/p>\n<p class=\"b_bE\">\u010ctvrt hodiny po restartu duelu dostal rekordn\u00ed duel \u010dty\u0159icetilet\u00e9ho Muslery ob\u0159\u00ed trhlinu.<\/p>\n<p class=\"b_bE\">Stoper Mathias Olivera se sna\u017eil efektn\u00edm, podseknut\u00fdm pasem trefit sk\u00e1kaj\u00edc\u00ed p\u0159ihr\u00e1vku a\u00a0p\u0159en\u00e9st hru. Jen\u017ee m\u00ed\u010d mu sjel, asi na vn\u011bj\u0161\u00ed n\u00e1rt. A\u00a0vykulil se p\u0159ed kapverdsk\u00e9ho \u017eol\u00edka H\u00e9lia Varelu, kter\u00fd byl na h\u0159i\u0161ti jen p\u00e1r sekund.<\/p>\n<p class=\"b_bE\">Muslera vyb\u011bhl daleko za \u0161estn\u00e1ctku, jen\u017ee do pr\u00e1zdna. Varela si jej obhodil stehnem a\u00a0mezi vracej\u00edc\u00edmi se obr\u00e1nci zakon\u010dil do odkryt\u00e9 branky.<\/p>\n<p><a data-dot=\"atm-link\" target=\"_self\" href=\"https:\/\/www.sport.cz\/clanek\/fotbal-ms-dalsi-zkrat-favorita-na-ms-experti-cupuji-belgii-mlady-stoper-ji-potopil-cervenou-5486635\" class=\"b_V g_ij\" rel=\"nofollow noopener\"><img height=\"2206\" width=\"2941\" src=\"https:\/\/www.europesays.com\/cz\/wp-content\/uploads\/2026\/06\/1782094390_391_b424.jpeg\" loading=\"eager\" decoding=\"sync\" class=\"b_B b_z\"\/><\/a><\/p>\n<p class=\"b_bE\">Druh\u00fd g\u00f3l jasn\u00e9ho outsidera, jemu\u017e valn\u00e1 v\u011bt\u0161ina ve\u0159ejnosti (pom\u011brn\u011b logicky) predikovala nulov\u00fd bodov\u00fd zisk a\u00a0brzk\u00fd odjezd ze \u0161ampion\u00e1tu. A\u00a0druh\u00e9 s\u00e1p\u00e1n\u00ed se po bodech. A\u00a0to je\u0161t\u011b po chv\u00edli p\u00e1lil t\u011bsn\u011b nad Jamiro Monteiro, jeho r\u00e1na l\u00edzla s\u00ed\u0165 zvrchu.<\/p>\n<p class=\"b_bE\">Kapverdy v\u00a0z\u00e1v\u011bru hr\u00e1ly na hranici sebeob\u011btov\u00e1n\u00ed, hr\u00e1\u010di opakovan\u011b sk\u00e1kali do st\u0159el. C\u00edtili, \u017ee senzace je bl\u00edzko. T\u011bsn\u011b p\u0159ed koncem z\u00a0voln\u00e9ho kopu tak\u0159ka z\u00a0hranice v\u00e1pna minul i\u00a0uruguaysk\u00fd kapit\u00e1n Federico Valverde, opora Realu Madrid.<\/p>\n<p class=\"b_bE\">N\u00e1sledovaly \u0161ance, n\u00e1znaky na obou stran\u00e1ch. \u010cast\u011bji bylo ru\u0161no p\u0159ed svatyn\u00ed Kapverd, na kone\u010dn\u00e9m v\u00fdsledku se ale nic nezm\u011bnilo.<\/p>\n<p class=\"b_bE\">Na mundialu tak fotbalist\u00e9 Kapverd hraj\u00ed o\u00a0postup ze skupiny.<\/p>\n<p>Mistrovstv\u00ed sv\u011bta &#8211; skupina F<a data-dot=\"atm-link\" target=\"_self\" href=\"https:\/\/www.sport.cz\/clanek\/online-fotbal-mistrovstvi-sveta-uruguay-kapverdy-22-06-2026-5476063\" class=\"b_V\" rel=\"nofollow noopener\">Uruguay &#8211; Kapverdy 2:2 (2:1)<\/a>Branka: 44. Araujo, 45.+6. Cannobio &#8211; 21. Pina, 61. Varela. Rozhod\u010d\u00ed: Eskas &#8211; Engan, Ba\u0161evkin (v\u0161. Nor.) &#8211; Delajod (video, Fr.). \u017dK: Ugarte, Olivera &#8211; Cabral, Diney. Div\u00e1ci: 64 003.Uruguay: Muslera &#8211; Varela, Caceres, Olivera, Sanabria &#8211; Ugarte (70. La Cruz), Bentacur &#8211; Cannobio, Valverde, Araujo (82. Rodriguez) &#8211; Vi\u0148as (70. Nunez). Tren\u00e9r: Bielsa.Kapverdy: Vozinha &#8211; Moreira, Lopes, Diney, Cabral &#8211; Pina (70. L. Duarte) &#8211; Arcanjo (46. D. Duarte), Mendes, Monteiro (80. Y. Semedo), Rodrigues (46. Varela) &#8211; Benchimol (58. Da Costa). Tren\u00e9r: Bubista.MS ve fotbale 2026<\/p>\n<p class=\"b_bE\">T\u0159iadvac\u00e1t\u00e9 <a data-dot=\"atm-link\" target=\"_blank\" href=\"https:\/\/www.sport.cz\/sekce\/fotbal-ms-879\" class=\"b_V\" rel=\"nofollow noopener\">mistrovstv\u00ed sv\u011bta ve fotbale<\/a> se kon\u00e1 od 11.\u00a0\u010dervna do 19.\u00a0\u010dervence 2026.\u00a0Poprv\u00e9 v\u00a0historii ho host\u00ed t\u0159i zem\u011b &#8211; USA, Kanada a\u00a0Mexiko. Titul sv\u011btov\u00fdch \u0161ampion\u016f obhajuje Argentina, po 20\u00a0letech se turnaje \u00fa\u010dastn\u00ed tak\u00e9 \u010cesko.<\/p>\n","protected":false},"excerpt":{"rendered":"Trpasl\u00edk z\u00a0Kapverd, jen\u017e hraje prvn\u00ed MS v\u00a0historii, \u0161okoval u\u017e v\u00a0\u00favodn\u00edm duelu skupiny, kdy uhr\u00e1l bezbrankovou rem\u00edzu se \u0160pan\u011blskem.&hellip;\n","protected":false},"author":2,"featured_media":125345,"comment_status":"","ping_status":"","sticky":false,"template":"","format":"standard","meta":{"footnotes":"","_share_on_mastodon":"0"},"categories":[15],"tags":[326,24372,1275,94,93,5761],"class_list":["post-125344","post","type-post","status-publish","format-standard","has-post-thumbnail","category-sport","tag-fotbal","tag-kapverdy","tag-mistrovstvi-sveta-ve-fotbale","tag-sport","tag-sports","tag-uruguay"],"share_on_mastodon":{"url":"https:\/\/pubeurope.com\/@cz\/116791345585277273","error":""},"_links":{"self":[{"href":"https:\/\/www.europesays.com\/cz\/wp-json\/wp\/v2\/posts\/125344","targetHints":{"allow":["GET"]}}],"collection":[{"href":"https:\/\/www.europesays.com\/cz\/wp-json\/wp\/v2\/posts"}],"about":[{"href":"https:\/\/www.europesays.com\/cz\/wp-json\/wp\/v2\/types\/post"}],"author":[{"embeddable":true,"href":"https:\/\/www.europesays.com\/cz\/wp-json\/wp\/v2\/users\/2"}],"replies":[{"embeddable":true,"href":"https:\/\/www.europesays.com\/cz\/wp-json\/wp\/v2\/comments?post=125344"}],"version-history":[{"count":0,"href":"https:\/\/www.europesays.com\/cz\/wp-json\/wp\/v2\/posts\/125344\/revisions"}],"wp:featuredmedia":[{"embeddable":true,"href":"https:\/\/www.europesays.com\/cz\/wp-json\/wp\/v2\/media\/125345"}],"wp:attachment":[{"href":"https:\/\/www.europesays.com\/cz\/wp-json\/wp\/v2\/media?parent=125344"}],"wp:term":[{"taxonomy":"category","embeddable":true,"href":"https:\/\/www.europesays.com\/cz\/wp-json\/wp\/v2\/categories?post=125344"},{"taxonomy":"post_tag","embeddable":true,"href":"https:\/\/www.europesays.com\/cz\/wp-json\/wp\/v2\/tags?post=125344"}],"curies":[{"name":"wp","href":"https:\/\/api.w.org\/{rel}","templated":true}]}}