{"id":126455,"date":"2026-06-22T22:17:09","date_gmt":"2026-06-22T22:17:09","guid":{"rendered":"https:\/\/www.europesays.com\/cz\/126455\/"},"modified":"2026-06-22T22:17:09","modified_gmt":"2026-06-22T22:17:09","slug":"tykacova-sev-en-zaluje-australskeho-partnera-za-vybuchy-v-elektrarne-chce-pres-21-miliard","status":"publish","type":"post","link":"https:\/\/www.europesays.com\/cz\/126455\/","title":{"rendered":"Tyka\u010dova Sev.en \u017ealuje australsk\u00e9ho partnera. Za v\u00fdbuchy v elektr\u00e1rn\u011b chce p\u0159es 21 miliard"},"content":{"rendered":"<p>Spole\u010dnost Sev.en GI vlastn\u00ed prost\u0159ednictv\u00edm sv\u00e9 dce\u0159in\u00e9 firmy IG Power (Callide) Limited 50 procent elektr\u00e1rny Callide C. Druhou polovinu vlastn\u00ed spole\u010dnost CEPL, kter\u00e1 pat\u0159\u00ed pod CS Energy. Provoz elektr\u00e1rny m\u00e1 podle Sev.en GI na starosti australsk\u00e1 firma.<\/p>\n<p>Hlavn\u00edm j\u00e1drem p\u0159\u00edpadu je po\u0161kozen\u00ed a n\u00e1sledn\u00fd v\u00fdpadek ve v\u00fdrob\u011b elektr\u00e1rny. V roce 2021 na jednom z blok\u016f explodoval ob\u0159\u00ed gener\u00e1tor, co\u017e ochromilo dod\u00e1vky elekt\u0159iny v cel\u00e9m st\u00e1t\u011b Queensland. N\u00e1sledn\u011b se na dal\u0161\u00edm bloku z\u0159\u00edtily chlad\u00edc\u00ed v\u011b\u017ee a vybuchl kotel. Bloky elektr\u00e1rny kv\u016fli tomu t\u00e9m\u011b\u0159 p\u011bt let nevyr\u00e1b\u011bly.<\/p>\n<p><a class=\"article-card__image\" data-ac-image=\"\" href=\"https:\/\/www.e15.cz\/byznys\/prumysl-a-energetika\/ukonceni-provozu-uhelnych-elektraren-neni-jiste-geopoliticka-krize-je-muze-vratit-do-hry-rekl-tykac-1431415\" title=\"Ukon\u010den\u00ed provozu uheln\u00fdch elektr\u00e1ren nen\u00ed jist\u00e9. Geopolitick\u00e1 krize je m\u016f\u017ee vr\u00e1tit do hry, \u0159ekl Tyka\u010d\" rel=\"nofollow noopener\" target=\"_blank\"><img decoding=\"async\" alt=\"Ukon\u010den\u00ed provozu uheln\u00fdch elektr\u00e1ren nen\u00ed jist\u00e9. Geopolitick\u00e1 krize je m\u016f\u017ee vr\u00e1tit do hry, \u0159ekl Tyka\u010d\" title=\"Ukon\u010den\u00ed provozu uheln\u00fdch elektr\u00e1ren nen\u00ed jist\u00e9. Geopolitick\u00e1 krize je m\u016f\u017ee vr\u00e1tit do hry, \u0159ekl Tyka\u010d\" class=\"\" data-magazine=\"\" src=\"https:\/\/www.europesays.com\/cz\/wp-content\/uploads\/2026\/06\/6071751.jpg\" loading=\"lazy\" style=\"aspect-ratio: 328 \/ 184\"\/><\/a><a class=\"article-card__title-link line-limit-3\" data-ac-title=\"\" href=\"https:\/\/www.e15.cz\/byznys\/prumysl-a-energetika\/ukonceni-provozu-uhelnych-elektraren-neni-jiste-geopoliticka-krize-je-muze-vratit-do-hry-rekl-tykac-1431415\" title=\"Ukon\u010den\u00ed provozu uheln\u00fdch elektr\u00e1ren nen\u00ed jist\u00e9. Geopolitick\u00e1 krize je m\u016f\u017ee vr\u00e1tit do hry, \u0159ekl Tyka\u010d\" rel=\"nofollow noopener\" target=\"_blank\">Ukon\u010den\u00ed provozu uheln\u00fdch elektr\u00e1ren nen\u00ed jist\u00e9. Geopolitick\u00e1 krize je m\u016f\u017ee vr\u00e1tit do hry, \u0159ekl Tyka\u010d<\/a><\/p>\n<p>\u201eJen za posledn\u00edch p\u011bt let do\u0161lo u t\u011bchto dvou v\u00fdrobn\u00edch blok\u016f elektr\u00e1rny Callide C ke ztr\u00e1t\u011b v\u00edce ne\u017e 1700 dn\u00ed v\u00fdrobn\u00ed kapacity,&#8220; sd\u011blila skupina Sev.en GI. Podle podan\u00e9 \u017ealoby chce, aby CS Energy a jej\u00ed dce\u0159in\u00e1 firma CEPL nesly odpov\u011bdnost za zp\u016fsob \u0159\u00edzen\u00ed elektr\u00e1rny. Jedn\u00e1n\u00ed s australskou firmou podle Sev.en GI k dohod\u011b nevedly.<\/p>\n<p>Australsk\u00e1 firma se chce br\u00e1nit<\/p>\n<p>Agentura <a href=\"https:\/\/www.reuters.com\/business\/energy\/czech-group-seven-gi-files-suit-reclaim-1-billion-losses-callide-c-plant-2026-06-22\/\" rel=\"nofollow noopener\" target=\"_blank\">Reuters<\/a> v pond\u011bl\u00ed uvedla, \u017ee CS Energy se bude proti \u017ealob\u011b br\u00e1nit. \u201eSpole\u010dnost CS Energy se zav\u00e1zala k bezpe\u010dn\u00e9mu, spolehliv\u00e9mu a legislativn\u011b pln\u011b vymezen\u00e9mu provozu elektr\u00e1rny Callide C v nejlep\u0161\u00edm z\u00e1jmu obyvatel Queenslandu a energetick\u00e9ho pl\u00e1nu Crisafulliho vl\u00e1dy,&#8220; sd\u011blila agentu\u0159e.<\/p>\n<p>Skupina Sev.en Global Investments \u0159\u00edd\u00ed v\u0161echny <a href=\"https:\/\/www.e15.cz\/byznys\/tykacova-sev-en-gi-otevira-novy-byznys-z-norska-zacala-vozit-do-ceska-nizkoemisni-ocel-1431998\" rel=\"nofollow noopener\" target=\"_blank\">zahrani\u010dn\u00ed investice skupiny Sev.en<\/a>. Krom\u011b tradi\u010dn\u00ed energetiky a t\u011b\u017eby se zam\u011b\u0159uje i na dal\u0161\u00ed odv\u011btv\u00ed jako ocel\u00e1\u0159stv\u00ed, t\u011b\u017eba nerostn\u00fdch surovin a produkce organick\u00fdch hnojiv. P\u0159edloni vyk\u00e1zala \u010distou ztr\u00e1tu 52 milion\u016f eur (1,27 miliardy korun). Hrub\u00fd provozn\u00ed zisk EBITDA klesl na 238 milion\u016f eur (5,8 miliardy korun) z 434 milion\u016f eur v roce 2023. \u00da\u010detn\u00ed ztr\u00e1ta souvis\u00ed p\u0159edev\u0161\u00edm s p\u0159ecen\u011bn\u00edm hodnoty majetku sm\u011brem dol\u016f. Tr\u017eby v roce 2024 poprv\u00e9 p\u0159ekonaly dv\u011b miliardy eur (48,8 miliardy korun).<\/p>\n","protected":false},"excerpt":{"rendered":"Spole\u010dnost Sev.en GI vlastn\u00ed prost\u0159ednictv\u00edm sv\u00e9 dce\u0159in\u00e9 firmy IG Power (Callide) Limited 50 procent elektr\u00e1rny Callide C. Druhou&hellip;\n","protected":false},"author":2,"featured_media":126456,"comment_status":"","ping_status":"","sticky":false,"template":"","format":"standard","meta":{"footnotes":"","_share_on_mastodon":"0"},"categories":[7],"tags":[4062,43,42,34852,41,40,7893,2652,34850,34851,3199,6669,555],"class_list":["post-126455","post","type-post","status-publish","format-standard","has-post-thumbnail","category-cesko","tag-australie","tag-ceska-republika","tag-cesko","tag-cs-energy","tag-czech-republic","tag-czechia","tag-elektrarna","tag-pavel-tykac","tag-queensland","tag-seviel-establishment","tag-tezba","tag-vybuch","tag-zaloba"],"share_on_mastodon":{"url":"https:\/\/pubeurope.com\/@cz\/116796079966301109","error":""},"_links":{"self":[{"href":"https:\/\/www.europesays.com\/cz\/wp-json\/wp\/v2\/posts\/126455","targetHints":{"allow":["GET"]}}],"collection":[{"href":"https:\/\/www.europesays.com\/cz\/wp-json\/wp\/v2\/posts"}],"about":[{"href":"https:\/\/www.europesays.com\/cz\/wp-json\/wp\/v2\/types\/post"}],"author":[{"embeddable":true,"href":"https:\/\/www.europesays.com\/cz\/wp-json\/wp\/v2\/users\/2"}],"replies":[{"embeddable":true,"href":"https:\/\/www.europesays.com\/cz\/wp-json\/wp\/v2\/comments?post=126455"}],"version-history":[{"count":0,"href":"https:\/\/www.europesays.com\/cz\/wp-json\/wp\/v2\/posts\/126455\/revisions"}],"wp:featuredmedia":[{"embeddable":true,"href":"https:\/\/www.europesays.com\/cz\/wp-json\/wp\/v2\/media\/126456"}],"wp:attachment":[{"href":"https:\/\/www.europesays.com\/cz\/wp-json\/wp\/v2\/media?parent=126455"}],"wp:term":[{"taxonomy":"category","embeddable":true,"href":"https:\/\/www.europesays.com\/cz\/wp-json\/wp\/v2\/categories?post=126455"},{"taxonomy":"post_tag","embeddable":true,"href":"https:\/\/www.europesays.com\/cz\/wp-json\/wp\/v2\/tags?post=126455"}],"curies":[{"name":"wp","href":"https:\/\/api.w.org\/{rel}","templated":true}]}}