{"id":126678,"date":"2026-06-23T06:42:12","date_gmt":"2026-06-23T06:42:12","guid":{"rendered":"https:\/\/www.europesays.com\/cz\/126678\/"},"modified":"2026-06-23T06:42:12","modified_gmt":"2026-06-23T06:42:12","slug":"vip-kteri-uci-sve-deti-doma-angelina-jolie-i-jennifer-lopez","status":"publish","type":"post","link":"https:\/\/www.europesays.com\/cz\/126678\/","title":{"rendered":"VIP, kte\u0159\u00ed u\u010d\u00ed sv\u00e9 d\u011bti doma: Angelina Jolie i Jennifer Lopez"},"content":{"rendered":"<p class=\"b_br\">Pt\u00e1t se, do jak\u00e9 \u0161koly p\u016fjde va\u0161e d\u00edt\u011b, bylo je\u0161t\u011b ned\u00e1vno naprosto bezp\u0159edm\u011btn\u00e9. V\u011bt\u0161ina d\u011bt\u00ed \u0161la zkr\u00e1tka do \u0161koly sp\u00e1dov\u00e9 a\u00a0hotovo. Dnes je situace velmi odli\u0161n\u00e1 a\u00a0rodi\u010de maj\u00ed v\u00fdrazn\u011b \u0161ir\u0161\u00ed mo\u017enosti: krom\u011b toho, \u017ee mohou volit r\u016fzn\u00e9 typy \u0161kol od alternativn\u00edch a\u017e po zcela klasick\u00e9, mohou se rozhodnout pro individu\u00e1ln\u00ed p\u0159\u00edstup a\u00a0zvolit dom\u00e1c\u00ed vzd\u011bl\u00e1v\u00e1n\u00ed.  <\/p>\n<p class=\"b_br\">Kte\u0159\u00ed slavn\u00ed t\u00e9to mo\u017enosti vyu\u017eili a\u00a0u\u010dili sv\u00e9 d\u011bti doma?<\/p>\n<p>Angelina Jolie<\/p>\n<p class=\"b_br\">Here\u010dka <a data-dot=\"atm-link\" target=\"_blank\" href=\"https:\/\/www.prozeny.cz\/tag\/angelina-jolie-11143\" class=\"b_g\" rel=\"nofollow noopener\">Angelina Jolie<\/a> se rozhodla pro dom\u00e1c\u00ed vzd\u011bl\u00e1v\u00e1n\u00ed sv\u00fdch \u0161esti d\u011bt\u00ed a\u00a0jako d\u016fvod uv\u00e1d\u00ed mimo jin\u00e9 usp\u011bchan\u00fd \u017eivotn\u00ed styl. <a data-dot=\"atm-link\" target=\"_blank\" href=\"https:\/\/www.prozeny.cz\/clanek\/zdravi-a-zivotni-styl-zaujalo-nas-rozvody-ktere-sokovaly-svet-brangelina-banderas-a-griffith-i-klum-a-seal-a-takova-to-byla-laska-89052\" class=\"b_g\" rel=\"nofollow noopener\">Po rozvodu s\u00a0Bradem Pittem<\/a> cht\u011bla pro sebe a\u00a0sv\u00e9 d\u011bti klid, ale pracovn\u00ed povinnosti se neptaj\u00ed. A\u00a0ona cestuje po cel\u00e9m sv\u011bt\u011b nejen jako here\u010dka, ale i\u00a0jako filantropka na humanit\u00e1rn\u00ed mise. Nav\u00edc pr\u00fd klasick\u00fd vzd\u011bl\u00e1vac\u00ed syst\u00e9m j\u00ed a\u00a0jej\u00edm potomk\u016fm nevyhovuje\u2026<\/p>\n<p class=\"b_br\">V <a data-dot=\"atm-link\" target=\"_blank\" rel=\"noopener nofollow\" href=\"https:\/\/www.independent.co.uk\/news\/education\/education-news\/schools-are-so-bad-my-children-stay-at-home-says-jolie-2292492.html\" class=\"b_g\">rozhovoru<\/a> vysv\u011btlila, \u017ee by rad\u011bji, aby se d\u011bti u\u010dily hr\u00e1t na kytaru nebo chodily do muzea.\u00a0Nav\u00edc jsou mezin\u00e1rodn\u00ed rodina, tak\u017ee odm\u00edt\u00e1 unifikovan\u00fd syst\u00e9m\u00a0\u2013 ka\u017ed\u00e9mu vyhovuje n\u011bco jin\u00e9ho. Chce, aby se d\u011bti u\u010dily o\u00a0nejr\u016fzn\u011bj\u0161\u00edch kultur\u00e1ch a\u00a0studovaly r\u016fzn\u00e9 ciz\u00ed jazyky. Nen\u00ed to ov\u0161em tak, \u017ee by se d\u011btem v\u011bnovala jen ona, najala soukrom\u00e9 u\u010ditele.<\/p>\n<p>Jennifer Lopez<\/p>\n<p class=\"b_br\">Popul\u00e1rn\u00ed zp\u011bva\u010dka je maminkou dnes osmn\u00e1ctilet\u00fdch dvoj\u010dat, jejich\u017e otcem je jej\u00ed b\u00fdval\u00fd mu\u017e Marc Anthony. Kdy\u017e byly men\u0161\u00ed, zvolila pro n\u011b syst\u00e9m dom\u00e1c\u00edho vzd\u011bl\u00e1v\u00e1n\u00ed. V\u00a0roce 2016\u00a0\u0159ekla <a data-dot=\"atm-link\" target=\"_blank\" href=\"https:\/\/www.prozeny.cz\/tag\/jennifer-lopez-15280\" class=\"b_g\" rel=\"nofollow noopener\">Jennifer Lopez<\/a> televizi Fox 5, \u017ee a\u010dkoliv za sv\u00e9 rozhodnut\u00ed sklidila kritiku, necht\u011bla b\u00fdt od sv\u00fdch d\u011bt\u00ed odd\u011blena po dlouh\u00e9 t\u00fddny \u010di m\u011bs\u00edce, kdy jela nap\u0159\u00edklad sv\u011btov\u00e9 turn\u00e9. \u201eNejd\u016fle\u017eit\u011bj\u0161\u00ed je, aby byly se svou matkou a\u00a0nec\u00edtily se opu\u0161t\u011bn\u00e9.\u201c<\/p>\n<p class=\"b_br\">V dob\u011b covidov\u00e9 pandemie se pak s\u00a0d\u011btmi u\u010dila stejn\u011b jako v\u011bt\u0161ina rodi\u010d\u016f doma a\u00a0v show Ellen DeGeneres si ze sebe d\u011blala legraci, \u017ee rozhodn\u011b nen\u00ed u\u010ditelka a\u00a0zejm\u00e9na matematika j\u00ed d\u011blala velk\u00e9 probl\u00e9my. \u010casto pr\u00fd nerozum\u011bla ani zad\u00e1n\u00ed.<\/p>\n<p><img fetchpriority=\"high\" height=\"726\"   width=\"1024\" src=\"https:\/\/www.europesays.com\/cz\/wp-content\/uploads\/2026\/06\/angelina-jolie-gisele-bundchen-mayim-bialik-jennifer-lopez.jpeg\" loading=\"eager\" decoding=\"sync\" class=\"b_u b_s\"\/>Foto: Gettyimages.comMayim Bialik<\/p>\n<p class=\"b_br\">Vzd\u011bl\u00e1n\u00ed je pro here\u010dku, kter\u00e1 ztv\u00e1rnila Amy Farrah Fowler v\u00a0seri\u00e1lu Teorie velk\u00e9ho t\u0159esku, prioritou. <a data-dot=\"atm-link\" target=\"_blank\" rel=\"noopener nofollow\" href=\"https:\/\/www.novinky.cz\/clanek\/lifestyle-sex-vztahy-ve-ctyriceti-ani-po-rozvodu-nerezignujte-radi-amy-ze-serialu-teorie-velkeho-tresku-40546641\" class=\"b_g\">Mayim Bialik<\/a> m\u00e1 doktor\u00e1t z\u00a0neurov\u011bdy a\u00a0bylo pro ni d\u016fle\u017eit\u00e9, aby i\u00a0jej\u00ed dva synov\u00e9 m\u011bli mo\u017enost propadnout studiu a\u00a0zamilovat si to.<\/p>\n<p class=\"b_br\">Ne, nemysl\u00ed si, \u017ee jsou jej\u00ed d\u011bti p\u0159\u00edli\u0161 dobr\u00e9 pro klasick\u00e9 \u0161koly, jak vysv\u011btlila v\u00a0eseji <a data-dot=\"atm-link\" target=\"_blank\" rel=\"noopener nofollow\" href=\"https:\/\/groknation.com\/relating\/its-not-that-theyre-too-cool-for-school-why-my-kids-were-homeschooled\/\" class=\"b_g\">na blogu Grok Nation<\/a>. A\u00a0p\u0159idala d\u016fvody, co ji na dom\u00e1c\u00edm vzd\u011bl\u00e1v\u00e1n\u00ed bav\u00ed: v\u00edte p\u0159esn\u011b, co se d\u011bti u\u010d\u00ed i\u00a0jak, m\u016f\u017eete zvolit styl v\u00fduky, kter\u00fd v\u00e1m a\u00a0va\u0161im d\u011btem vyhovuje a\u00a0p\u0159izp\u016fsobit si to rodinn\u00e9mu programu. Nav\u00edc nejde jen o\u00a0to sed\u011bt nad u\u010debnicemi, ale v\u00a0podstat\u011b m\u016f\u017eete jako n\u00e1stroj k\u00a0u\u010den\u00ed vyu\u017e\u00edt cel\u00fd sv\u011bt. Jej\u00ed synov\u00e9 se u\u010dili doma, ale nav\u0161t\u011bvovali i\u00a0r\u016fzn\u00e9 kurzy, herny, d\u00edlny nebo exkurze, tak\u017ee rozhodn\u011b nep\u0159i\u0161li o\u00a0kontakt s\u00a0vrstevn\u00edky. A\u00a0here\u010dka ocenila, \u017ee a\u010d jsou s\u00a0otcem d\u011bt\u00ed rozveden\u00ed, byl velmi zapojen\u00fd rodi\u010d a\u00a0spole\u010dn\u011b vyb\u00edrali i\u00a0u\u010ditele, kte\u0159\u00ed se d\u011btem budou v\u011bnovat.<\/p>\n<p>Gisele B\u00fcndchen<\/p>\n<p class=\"b_br\">I sv\u011btov\u00e1 topmodelka otev\u0159en\u011b mluv\u00ed o\u00a0tom, pro\u010d sv\u00e9 d\u011bti u\u010dila doma. B\u011bhem pandemie se rodina <a data-dot=\"atm-link\" target=\"_blank\" href=\"https:\/\/www.prozeny.cz\/clanek\/zdravi-a-zivotni-styl-zaujalo-nas-deti-modelek-rostou-do-krasy-nektere-si-zvolily-stejnou-cestu-a-pokracuji-v-jejich-slepejich-98757\" class=\"b_g\" rel=\"nofollow noopener\">Gisele B\u00fcndchen<\/a> p\u0159est\u011bhovala do Tampy Bay, kde m\u011bl jej\u00ed tehdej\u0161\u00ed man\u017eel Tom Brady anga\u017em\u00e1 jako rozehr\u00e1va\u010d v\u00a0NFL. A\u00a0ona se tehdy ob\u00e1vala, \u017ee by to pro d\u011bti bylo p\u0159\u00edli\u0161 mnoho zm\u011bn najednou, tak\u017ee se rozhodli, \u017ee bude lep\u0161\u00ed u\u010dit je doma. Ona sama nedokon\u010dila st\u0159edn\u00ed \u0161kolu, tak to pro ni byla celkem v\u00fdzva, jak \u0159ekla <a data-dot=\"atm-link\" target=\"_blank\" rel=\"noopener nofollow\" href=\"https:\/\/people.com\/gisele-bundchen-homeschooled-kids-for-3-years-because-of-so-much-change-exclusive-7971864\" class=\"b_g\">pro magaz\u00edn People<\/a>.<\/p>\n<p class=\"b_br\">Nakonec na\u0161li skv\u011bl\u00e9ho u\u010ditele, kter\u00fd se d\u011btem v\u011bnoval. A\u00a0ona si pochvaluje i\u00a0to, jak pozitivn\u00ed vliv m\u011blo spole\u010dn\u00e9 \u201edom\u0161kol\u00e1ctv\u00ed\u201c na sourozeneck\u00fd vztah jej\u00edch d\u011bt\u00ed. Nakonec se na Florid\u011b usadili a\u00a0d\u011bti za\u010daly chodit do \u0161koly. <\/p>\n","protected":false},"excerpt":{"rendered":"Pt\u00e1t se, do jak\u00e9 \u0161koly p\u016fjde va\u0161e d\u00edt\u011b, bylo je\u0161t\u011b ned\u00e1vno naprosto bezp\u0159edm\u011btn\u00e9. V\u011bt\u0161ina d\u011bt\u00ed \u0161la zkr\u00e1tka do&hellip;\n","protected":false},"author":2,"featured_media":126679,"comment_status":"","ping_status":"","sticky":false,"template":"","format":"standard","meta":{"footnotes":"","_share_on_mastodon":"0"},"categories":[14],"tags":[2162,34889,79,34890,19337,33870,3648,24796,80],"class_list":["post-126678","post","type-post","status-publish","format-standard","has-post-thumbnail","category-zabava","tag-angelina-jolie","tag-domaci-vzdelavani","tag-entertainment","tag-gisele-bundchen","tag-jennifer-lopez","tag-mayim-bialik","tag-slavne-pary","tag-slavni","tag-zabava"],"share_on_mastodon":{"url":"https:\/\/pubeurope.com\/@cz\/116798065673741055","error":""},"_links":{"self":[{"href":"https:\/\/www.europesays.com\/cz\/wp-json\/wp\/v2\/posts\/126678","targetHints":{"allow":["GET"]}}],"collection":[{"href":"https:\/\/www.europesays.com\/cz\/wp-json\/wp\/v2\/posts"}],"about":[{"href":"https:\/\/www.europesays.com\/cz\/wp-json\/wp\/v2\/types\/post"}],"author":[{"embeddable":true,"href":"https:\/\/www.europesays.com\/cz\/wp-json\/wp\/v2\/users\/2"}],"replies":[{"embeddable":true,"href":"https:\/\/www.europesays.com\/cz\/wp-json\/wp\/v2\/comments?post=126678"}],"version-history":[{"count":0,"href":"https:\/\/www.europesays.com\/cz\/wp-json\/wp\/v2\/posts\/126678\/revisions"}],"wp:featuredmedia":[{"embeddable":true,"href":"https:\/\/www.europesays.com\/cz\/wp-json\/wp\/v2\/media\/126679"}],"wp:attachment":[{"href":"https:\/\/www.europesays.com\/cz\/wp-json\/wp\/v2\/media?parent=126678"}],"wp:term":[{"taxonomy":"category","embeddable":true,"href":"https:\/\/www.europesays.com\/cz\/wp-json\/wp\/v2\/categories?post=126678"},{"taxonomy":"post_tag","embeddable":true,"href":"https:\/\/www.europesays.com\/cz\/wp-json\/wp\/v2\/tags?post=126678"}],"curies":[{"name":"wp","href":"https:\/\/api.w.org\/{rel}","templated":true}]}}