{"id":126774,"date":"2026-06-23T08:18:13","date_gmt":"2026-06-23T08:18:13","guid":{"rendered":"https:\/\/www.europesays.com\/cz\/126774\/"},"modified":"2026-06-23T08:18:13","modified_gmt":"2026-06-23T08:18:13","slug":"trumpova-rodina-se-nachazi-v-kapsach-arabu-josef-masin-z-kalifornie","status":"publish","type":"post","link":"https:\/\/www.europesays.com\/cz\/126774\/","title":{"rendered":"Trumpova rodina se nach\u00e1z\u00ed v kaps\u00e1ch Arab\u016f. Josef Ma\u0161\u00edn z Kalifornie"},"content":{"rendered":"<p>&#13;<br \/>\n\tCo si mysl\u00edte o v\u00fdvoji v\u00e1lky v \u00cdr\u00e1nu?<\/p>\n<p>&#13;<br \/>\n\tProzat\u00edm \u00cdr\u00e1n vyhr\u00e1v\u00e1. Izrael je ve stejn\u00e9 situaci jako bylo \u010ceskoslovensko v roce 1938 a\u017e 1939. Je zrazen v\u0161emi. Trump nedodr\u017eel svoje sliby, kter\u00e9 dal Izraeli a Izrael m\u00e1 pr\u00e1vo se br\u00e1nit. Izrael m\u00e1 \u0161t\u011bst\u00ed, \u017ee m\u00e1 ve vl\u00e1d\u011b n\u011bkoho jako je Benjamin Netanjahu, kter\u00fd chyb\u011bl \u010ceskoslovensku v roce 1938. Trumpova rodina se nach\u00e1z\u00ed v kaps\u00e1ch Arab\u016f.<\/p>\n<p>&#13;<br \/>\n\tZa vyjednava\u010de m\u00e1 muslimsk\u00e9 zem\u011b, tedy P\u00e1kist\u00e1n, Katar, Sa\u00fadskou Ar\u00e1bii, Spojen\u00e9 arabsk\u00e9 emir\u00e1ty. \u010cty\u0159hv\u011bzdi\u010dkov\u00fd gener\u00e1l Ken Keen mluvil o tom, \u017ee situace u\u017e je pro Izrael neudr\u017eiteln\u00e1. S\u00e1m se byl pod\u00edvat na sever Izraele, odkud civilisti museli b\u00fdt evakuov\u00e1ni, proto\u017ee je pod palbou Hizball\u00e1hu podporovan\u00fdm \u00cdr\u00e1nem. Na Izrael bylo jenom v posledn\u00edch sedmadvaceti letech vyp\u00e1leno 55 tis\u00edc raket a bylo uskute\u010dn\u011bno 60 tis\u00edc vra\u017eedn\u00fdch \u00fatok\u016f ze strany Hizball\u00e1hu, Fatahu a Ham\u00e1su. Jeden t\u0159eba 7. \u0159\u00edjna 2023.<\/p>\n<p>&#13;<br \/>\n\t<img decoding=\"async\" alt=\"\" data-orig-style=\"width: 632px; height: 307px;\" src=\"https:\/\/www.europesays.com\/cz\/wp-content\/uploads\/2026\/06\/1782202692_282_image.ashx.jpeg\" style=\"\"\/><\/p>\n<p>&#13;<\/p>\n<p>    Anketa<\/p>\n<p>Kdyby \u010cesk\u00e1 televize dnes p\u0159estala existovat, byla by to \u0161koda?<\/p>\n<p>hlasovalo: 3924 lid\u00ed<\/p>\n<\/p>\n<p>&#13;<br \/>\n\tKatar byl sedmadvacet let domovem pro veden\u00ed Ham\u00e1su. Kdo by si to nechal l\u00edbit? P\u0159esto Izrael dok\u00e1zal \u00fasp\u011b\u0161n\u011b fungovat a funguje dodnes. Vyzbrojov\u00e1n\u00ed Hizball\u00e1hu a Ham\u00e1su bylo financov\u00e1no Evropskou uni\u00ed a nep\u0159\u00edmo Amerikou za Baracka Obamy a Joe Bidena. B\u011bhem dvou a p\u016fl m\u011bs\u00edce p\u0159\u00edm\u011b\u0159\u00ed vyst\u0159\u00edlel \u00cdr\u00e1n tis\u00edce raket a poslal drony na severn\u00ed Izrael. P\u0159ed n\u011bkolika dny \u00cdr\u00e1n dokonce skoro potopil americkou lo\u010f, co\u017e Donald Trump pova\u017euje za p\u0159ijateln\u00e9 a neporu\u0161en\u00ed p\u0159\u00edm\u011b\u0159\u00ed. \u00cdr\u00e1n zav\u0159el Hormuzsk\u00fd pr\u016fliv a po\u017eaduje, aby se Izrael st\u00e1hl z Libanonu a nesm\u00ed se br\u00e1nit. A \u00cdr\u00e1n mus\u00ed dostat 12 miliard dolar\u016f ne\u017e v\u016fbec otev\u0159ou Hormuzsk\u00fd pr\u016fliv. P\u0159istoupili na podm\u00ednky, kter\u00e9 vyjednal Jared Kuschner a Steve Witkoff.<\/p>\n<p>&#13;<br \/>\n\tVy tedy pova\u017eujete Witkoffa s Kuschnerem za neschopn\u00e9 vyjednava\u010de?<\/p>\n<p>&#13;<br \/>\n\tNaprosto neschopn\u00e9 vyjednava\u010de, kte\u0159\u00ed sleduj\u00ed jen sv\u00e9 vlastn\u00ed z\u00e1jmy. Oba jsou v kaps\u00e1ch Arab\u016f. Kuschner dostal 2,5 miliardy od Sa\u00fadsk\u00e9ho st\u00e1tn\u00edho investi\u010dn\u00edho fondu a bylo mu nab\u00eddnuto Katarem 25 miliard dolar\u016f na jeho pl\u00e1novanou investici po boku filmov\u00e9ho producenta Davida Ellisona p\u0159i n\u00e1kupu \u010d\u00e1sti Warner Bros. Discovery.<\/p>\n<p>&#13;<br \/>\n\t<img decoding=\"async\" alt=\"\" data-orig-style=\"width: 632px; height: 307px;\" src=\"https:\/\/www.europesays.com\/cz\/wp-content\/uploads\/2026\/06\/1782202692_309_image.ashx.jpeg\" style=\"\"\/><\/p>\n<p>&#13;<br \/>\n\tKuschner\u016fv otec Charles, jeho\u017e rodina poch\u00e1z\u00ed z B\u011bloruska a Litvy, byl celo\u017eivotn\u00edm mecen\u00e1\u0161em demokratick\u00e9 strany. Poch\u00e1z\u00ed z \u017eidovsk\u00e9 rodiny. P\u011btaosmdes\u00e1t procent \u017did\u016f v Americe podporuje demokratickou stranu proti z\u00e1jm\u016fm Izraele. Dva roky sed\u011bl ve v\u011bzen\u00ed za feder\u00e1ln\u00ed zlo\u010diny a v roce 2020 byl amnestov\u00e1n Trumpem. Dnes je velvyslancem ve Francii. Jeho p\u0159\u00edtomnost p\u0159i oslav\u00e1ch dvaaosmdes\u00e1t\u00e9ho v\u00fdro\u010d\u00ed vylod\u011bn\u00ed v Normandii byla ur\u00e1\u017ekou 9 389 voj\u00e1k\u016f, kte\u0159\u00ed jsou tam pochov\u00e1ni. Otec man\u017eela nejmlad\u0161\u00ed Trumpovy dcery, provozovatel heren v Nig\u00e9rii libanonsk\u00e9ho p\u016fvodu, byl jmenov\u00e1n poradcem pro St\u0159edn\u00ed v\u00fdchod a Afriku.<\/p>\n<p>&#13;<br \/>\n\tTak\u017ee m\u011bn\u00edte sv\u016fj n\u00e1zor na Trumpa?<\/p>\n<p>&#13;<br \/>\n\tNe. Jeho prvn\u00ed prezidentstv\u00ed bylo velice \u00fasp\u011b\u0161n\u00e9 p\u0159es odpor protivn\u00edk\u016f. Druh\u00e9 prezidentstv\u00ed za\u010dal dob\u0159e spole\u010dn\u011b s Elonem Muskem. Trump si zaslou\u017e\u00ed kredit za ty prvn\u00ed t\u00fddny ve funkci, kdy mu republik\u00e1ni podkop\u00e1vali nohy, jen\u017ee pak naopak Trump podkopal nohy Muskovi. D\u011bl\u00e1 v\u011bci, kter\u00e9 jsou prosp\u011b\u0161n\u00e9 pro Ameriku, nap\u0159\u00edklad \u201eSave America\u201c, kde se jedn\u00e1 o ud\u00edlen\u00ed ob\u010danstv\u00ed.<\/p>\n<p>&#13;<br \/>\n\t<img decoding=\"async\" alt=\"\" data-orig-style=\"width: 632px; height: 307px;\" src=\"https:\/\/www.europesays.com\/cz\/wp-content\/uploads\/2026\/06\/1782202693_646_image.ashx.jpeg\" style=\"\"\/><\/p>\n<p>&#13;<\/p>\n<p>    Anketa<\/p>\n<p>Prosp\u011blo prezidentstv\u00ed Donalda Trumpa sv\u011btu?<\/p>\n<p>hlasovalo: 4712 lid\u00ed<\/p>\n<\/p>\n<p>&#13;<br \/>\n\tPod\u00edvejme se na Mehmeta \u00d6z, Melanii Trumpovou a jej\u00edho syna Barrona Trumpa. S Izraelem te\u010f Trump zach\u00e1z\u00ed tvrd\u011bji, ne\u017e by b\u00fdval m\u011bl zach\u00e1zet s Ukrajinou. A\u010dkoli v obou konfliktech jsou nesrovnateln\u00e9 probl\u00e9my. Evropsk\u00e1 unie by nikdy nep\u0159ipustila, aby byl m\u00edr vyjedn\u00e1n mezi Amerikou a Ruskem bez Ukrajiny, kter\u00e1 nen\u00ed a nikdy nebyla demokraci\u00ed. Kde\u017eto v p\u0159\u00edpad\u011b demokratick\u00e9ho Izraele je jedn\u00e1n\u00ed mezi \u00cdr\u00e1nem a z\u00e1padn\u00edm sv\u011btem bez Izraele. Volodymyru Zelensk\u00e9mu je d\u00e1no slovo, kde\u017eto Netanjahuovi ne, a\u010dkoli Izrael je jedinou demokraci\u00ed na St\u0159edn\u00edm v\u00fdchod\u011b.<\/p>\n<p>&#13;<br \/>\n\tA co v\u00e1s \u0161tve? <\/p>\n<p>&#13;<br \/>\n\tV\u00e1lku na Ukrajin\u011b m\u011bl a mohl skon\u010dit kr\u00e1tce po sv\u00e9m zvolen\u00ed. \u00cdr\u00e1n by se choval jinak. Choval-li by se Trump tak, jak b\u011bhem kampan\u011b sliboval, \u017ee se bude chovat, kdy\u017e bude zvolen. Jeho soupe\u0159i neberou jeho \u0159e\u010di v\u00e1\u017en\u011b. Jeho jedn\u00e1n\u00ed na Ukrajin\u011b povzbudilo \u00cdr\u00e1n k jeho dne\u0161n\u00edmu chov\u00e1n\u00ed. Trump, aby podpo\u0159il sv\u00e9 \u00fasil\u00ed o Nobelovu cenu za m\u00edr, p\u0159inutil Izrael ukon\u010dit dvan\u00e1ctidenn\u00ed v\u00e1lku, kdy sto dvaceti izraelsk\u00fdm letadl\u016fm nach\u00e1zej\u00edc\u00edm se ve vzduchu a p\u0159ipraven\u00fdm k pokra\u010dov\u00e1n\u00ed \u00fatoku na \u00cdr\u00e1n bylo p\u0159ik\u00e1z\u00e1no se vr\u00e1tit. Dne\u0161n\u00ed situace je v\u00fdsledkem ned\u016fsledn\u00fdch rozhodnut\u00ed.<\/p>\n<p>&#13;<br \/>\n\t<img decoding=\"async\" alt=\"\" data-orig-style=\"width: 632px; height: 307px;\" src=\"https:\/\/www.europesays.com\/cz\/wp-content\/uploads\/2026\/06\/1782202693_67_image.ashx.jpeg\" style=\"\"\/><\/p>\n<p>&#13;<br \/>\n\tIzrael dnes cel\u00fd sv\u011bt \u201eh\u00e1z\u00ed pod autobus\u201c. Cht\u011bj\u00ed ho nechat padnout, pon\u011bvad\u017e jejich slovy je to zemi\u010dka, kter\u00e1 m\u00e1 jen dev\u011bt milion\u016f obyvatel, za kter\u00e9 nestoj\u00ed ob\u011btovat prosperitu sv\u011bta. Na Hormuzsk\u00e9m pr\u016flivu, St\u0159edn\u00edm v\u00fdchod\u011b a na z\u00e1sobov\u00e1n\u00ed ropy od Arab\u016f z\u00e1vis\u00ed ekonomika cel\u00e9ho sv\u011bta a cel\u00fd sv\u011bt si nem\u016f\u017ee dovolit ekonomickou recesi.<\/p>\n<p>&#13;<br \/>\n\tPodobn\u011b jako v Z\u00e1toce svin\u00ed (Bay of Pigs), kdy John Fitzgeralde Kennedy st\u00e1l p\u0159ed rozhodnut\u00edm, zda podporovat 2000 Kub\u00e1nc\u016f tehdy bojuj\u00edc\u00edch proti Fidelu Castrovi. Jeho bratr Robert mu \u0159ekl: \u201eVyser se na n\u011b, jsou to jenom Kub\u00e1nci.\u201c Izrael je zem\u011b, kter\u00e1 m\u016f\u017ee b\u00fdt vd\u011b\u010dn\u00e1, \u017ee m\u00e1 za sv\u00e9ho v\u016fdce Netanjahua, kter\u00e9ho postr\u00e1dala \u010ceskoslovensk\u00e1 republika v roce 1938.<\/p>\n<p>&#13;<\/p>\n<p>    Psali jsme:<\/p>\n<p>&#13;<br \/>\n\t<br \/>&#13;<br \/>\n\t\u00a0<\/p>\n<p>\u00a0<\/p>\n","protected":false},"excerpt":{"rendered":"&#13; Co si mysl\u00edte o v\u00fdvoji v\u00e1lky v \u00cdr\u00e1nu? &#13; Prozat\u00edm \u00cdr\u00e1n vyhr\u00e1v\u00e1. Izrael je ve stejn\u00e9 situaci&hellip;\n","protected":false},"author":2,"featured_media":126775,"comment_status":"","ping_status":"","sticky":false,"template":"","format":"standard","meta":{"footnotes":"","_share_on_mastodon":"0"},"categories":[11],"tags":[808,13662,54,854,110,645,53,52],"class_list":["post-126774","post","type-post","status-publish","format-standard","has-post-thumbnail","category-svet","tag-iran","tag-masin","tag-svet","tag-trump","tag-ukrajina","tag-valka","tag-world","tag-world-news"],"share_on_mastodon":{"url":"https:\/\/pubeurope.com\/@cz\/116798443175510326","error":""},"_links":{"self":[{"href":"https:\/\/www.europesays.com\/cz\/wp-json\/wp\/v2\/posts\/126774","targetHints":{"allow":["GET"]}}],"collection":[{"href":"https:\/\/www.europesays.com\/cz\/wp-json\/wp\/v2\/posts"}],"about":[{"href":"https:\/\/www.europesays.com\/cz\/wp-json\/wp\/v2\/types\/post"}],"author":[{"embeddable":true,"href":"https:\/\/www.europesays.com\/cz\/wp-json\/wp\/v2\/users\/2"}],"replies":[{"embeddable":true,"href":"https:\/\/www.europesays.com\/cz\/wp-json\/wp\/v2\/comments?post=126774"}],"version-history":[{"count":0,"href":"https:\/\/www.europesays.com\/cz\/wp-json\/wp\/v2\/posts\/126774\/revisions"}],"wp:featuredmedia":[{"embeddable":true,"href":"https:\/\/www.europesays.com\/cz\/wp-json\/wp\/v2\/media\/126775"}],"wp:attachment":[{"href":"https:\/\/www.europesays.com\/cz\/wp-json\/wp\/v2\/media?parent=126774"}],"wp:term":[{"taxonomy":"category","embeddable":true,"href":"https:\/\/www.europesays.com\/cz\/wp-json\/wp\/v2\/categories?post=126774"},{"taxonomy":"post_tag","embeddable":true,"href":"https:\/\/www.europesays.com\/cz\/wp-json\/wp\/v2\/tags?post=126774"}],"curies":[{"name":"wp","href":"https:\/\/api.w.org\/{rel}","templated":true}]}}