{"id":129032,"date":"2026-06-25T08:13:17","date_gmt":"2026-06-25T08:13:17","guid":{"rendered":"https:\/\/www.europesays.com\/cz\/129032\/"},"modified":"2026-06-25T08:13:17","modified_gmt":"2026-06-25T08:13:17","slug":"action-zlevnil-skvelou-vec-do-domacnosti-stoji-jen-119-kc-cesi-si-ji-dost-chvali","status":"publish","type":"post","link":"https:\/\/www.europesays.com\/cz\/129032\/","title":{"rendered":"Action zlevnil skv\u011blou v\u011bc do dom\u00e1cnosti. Stoj\u00ed jen 119 K\u010d, \u010ce\u0161i si ji dost chv\u00e1l\u00ed"},"content":{"rendered":"<p>Chytr\u00e1 z\u00e1suvka z Actionu stoj\u00ed jen 119 K\u010d. Nab\u00edz\u00ed ovl\u00e1d\u00e1n\u00ed p\u0159es mobil, statistiky i \u010dasova\u010de.<\/p>\n<p>Pomocn\u00edk do ka\u017ed\u00e9 dom\u00e1cnosti<\/p>\n<p>Chytr\u00e1 dom\u00e1cnost u\u017e d\u00e1vno nen\u00ed v\u00fdsadou technologick\u00fdch nad\u0161enc\u016f. Mezi nejobl\u00edben\u011bj\u0161\u00ed za\u0159\u00edzen\u00ed pat\u0159\u00ed chytr\u00e9 z\u00e1suvky, kter\u00e9 umo\u017e\u0148uj\u00ed na d\u00e1lku ovl\u00e1dat p\u0159ipojen\u00e9 spot\u0159ebi\u010de, sledovat jejich provoz a zvy\u0161ovat pohodl\u00ed v ka\u017edodenn\u00edm \u017eivot\u011b.<\/p>\n<p>Pr\u00e1v\u011b takov\u00fd produkt nyn\u00ed za\u0159adil do nab\u00eddky tak\u00e9 <a href=\"https:\/\/mobilizujeme.cz\/clanky\/action-rozsiril-sortiment-o-usb-flash-disk-da-se-pripojit-i-k-mobilu-stoji-jen-219-kc\" rel=\"nofollow noopener\" target=\"_blank\">Action<\/a>. Nov\u00e1 chytr\u00e1 z\u00e1suvka LSC Smart Connect zaujme nejen funkcemi, ale p\u0159edev\u0161\u00edm velmi n\u00edzkou cenou. D\u00edky tomu pat\u0159\u00ed mezi nejdostupn\u011bj\u0161\u00ed vstupenky do sv\u011bta chytr\u00e9 dom\u00e1cnosti.<\/p>\n<p>Z\u00e1suvka je ur\u010dena pro \u010desk\u00e9 dom\u00e1cnosti a zvl\u00e1dne z\u00e1t\u011b\u017e a\u017e 3 680 W. Bez probl\u00e9m\u016f si tak porad\u00ed i s energeticky n\u00e1ro\u010dn\u011bj\u0161\u00edmi spot\u0159ebi\u010di, jako jsou pra\u010dky, su\u0161i\u010dky nebo lednice. Jak\u00e9 dal\u0161\u00ed funkce nab\u00edz\u00ed a pro\u010d si z\u00edsk\u00e1v\u00e1 pozornost z\u00e1kazn\u00edk\u016f?<\/p>\n<p><img alt=\"Chytr\u00e1 z\u00e1suvka LSC Smart Connect | Zdroj: Action\" loading=\"lazy\" width=\"1200\" height=\"675\" decoding=\"async\" data-nimg=\"1\" class=\"h-auto w-full scale-100 cursor-pointer rounded-lg transition-transform duration-300 hover:scale-[1.01]\" style=\"color:transparent\"   src=\"https:\/\/www.europesays.com\/cz\/wp-content\/uploads\/2026\/06\/1782375197_41_image.jpeg\"\/>Chytr\u00e1 z\u00e1suvka LSC Smart Connect | Zdroj: Action<br \/>\nOvl\u00e1d\u00e1n\u00ed p\u0159es mobil i hlasem<\/p>\n<p>Chytr\u00e1 z\u00e1suvka LSC Smart Connect pot\u011b\u0161\u00ed ji\u017e sv\u00fdmi kompaktn\u00edmi rozm\u011bry \u010din\u00edc\u00ed 55 \u00d7 78 mm a praktick\u00fdm fyzick\u00fdm tla\u010d\u00edtkem na horn\u00ed stran\u011b pro snadn\u00e9 zapnut\u00ed \/ vypnut\u00ed. Samotnou z\u00e1suvku lze samoz\u0159ejm\u011b p\u0159ipojit k 2,4 GHz Wi-Fi s\u00edti, \u010d\u00edm\u017e se odemkne jej\u00ed pln\u00fd potenci\u00e1l.<\/p>\n<p>Povedenou chytrou z\u00e1suvku snadno propoj\u00edte s aplikac\u00ed LSC Smart Connect, kter\u00e1 je dostupn\u00e1 pro Android i iOS. Zde si jednodu\u0161e nastav\u00edte nap\u0159\u00edklad \u010dasova\u010d vypnut\u00ed nebo ji lze ovl\u00e1dat i na d\u00e1lku. Aplikace nab\u00edz\u00ed i podrobn\u00e9 statistiky o spot\u0159eb\u011b p\u0159ipojen\u00e9ho za\u0159\u00edzen\u00ed.<\/p>\n<p>Krom\u011b ovl\u00e1d\u00e1n\u00ed smartphonem z\u00e1suvka podporuje i to hlasov\u00e9, a to skrze Google Asistant nebo Amazon Alexa. Pot\u011b\u0161\u00ed i podpora platformy Tuya, kde si z\u00e1suvku jednodu\u0161e p\u0159id\u00e1te k \u00fa\u010dtu a v\u0161echna va\u0161e chytr\u00e1 za\u0159\u00edzen\u00ed budete m\u00edt takzvan\u011b pod jednou st\u0159echou.<\/p>\n<p>Cena a dostupnost<\/p>\n<p>Pakli\u017ee v\u00e1s \u0161ikovn\u00e1 chytr\u00e1 z\u00e1suvka LSC Smart Connect zaujala, m\u00e1te nyn\u00ed jedine\u010dnou mo\u017enost ke koupi za zv\u00fdhodn\u011bnou cenu. Pr\u00e1v\u011b te\u010f ji toti\u017e Action za\u0159adil do t\u00fddenn\u00ed akce od 24. do 30. \u010dervna, kdy z\u00e1suvku koup\u00edte jen za <a href=\"https:\/\/www.action.com\/cs-cz\/p\/3202088\/chytra-zastrcka-se-sledovanim-energie-lsc-smart-connect\/\" target=\"_blank\" rel=\"noopener nofollow\">119,90 K\u010d<\/a>.<\/p>\n<p>Chcete se jako prvn\u00ed dozv\u011bd\u011bt o podobn\u00fdch slevov\u00fdch akc\u00edch a novink\u00e1ch z technologick\u00e9ho sv\u011bta? Sledujte kan\u00e1l\u00a0<a href=\"https:\/\/whatsapp.com\/channel\/0029VbCUJ6N2f3ECWdmgf306\" target=\"_blank\" rel=\"noopener nofollow\">Mobilizujeme.cz na WhatsAppu<\/a>\u00a0a u\u017e v\u00e1m nic neute\u010de!<\/p>\n<p>Zdroj: autorsk\u00fd text \/ Mobilizujeme.cz<\/p>\n","protected":false},"excerpt":{"rendered":"Chytr\u00e1 z\u00e1suvka z Actionu stoj\u00ed jen 119 K\u010d. Nab\u00edz\u00ed ovl\u00e1d\u00e1n\u00ed p\u0159es mobil, statistiky i \u010dasova\u010de. Pomocn\u00edk do ka\u017ed\u00e9&hellip;\n","protected":false},"author":2,"featured_media":129033,"comment_status":"","ping_status":"","sticky":false,"template":"","format":"standard","meta":{"footnotes":"","_share_on_mastodon":"0"},"categories":[13],"tags":[9384,31855,35306,74,73,78,75,77,76],"class_list":["post-129032","post","type-post","status-publish","format-standard","has-post-thumbnail","category-veda-a-technika","tag-action","tag-chytra-domacnost","tag-chytra-zasuvka","tag-science","tag-science-technology","tag-technika","tag-technology","tag-veda","tag-veda-a-technika"],"share_on_mastodon":{"url":"https:\/\/pubeurope.com\/@cz\/116809747861060689","error":""},"_links":{"self":[{"href":"https:\/\/www.europesays.com\/cz\/wp-json\/wp\/v2\/posts\/129032","targetHints":{"allow":["GET"]}}],"collection":[{"href":"https:\/\/www.europesays.com\/cz\/wp-json\/wp\/v2\/posts"}],"about":[{"href":"https:\/\/www.europesays.com\/cz\/wp-json\/wp\/v2\/types\/post"}],"author":[{"embeddable":true,"href":"https:\/\/www.europesays.com\/cz\/wp-json\/wp\/v2\/users\/2"}],"replies":[{"embeddable":true,"href":"https:\/\/www.europesays.com\/cz\/wp-json\/wp\/v2\/comments?post=129032"}],"version-history":[{"count":0,"href":"https:\/\/www.europesays.com\/cz\/wp-json\/wp\/v2\/posts\/129032\/revisions"}],"wp:featuredmedia":[{"embeddable":true,"href":"https:\/\/www.europesays.com\/cz\/wp-json\/wp\/v2\/media\/129033"}],"wp:attachment":[{"href":"https:\/\/www.europesays.com\/cz\/wp-json\/wp\/v2\/media?parent=129032"}],"wp:term":[{"taxonomy":"category","embeddable":true,"href":"https:\/\/www.europesays.com\/cz\/wp-json\/wp\/v2\/categories?post=129032"},{"taxonomy":"post_tag","embeddable":true,"href":"https:\/\/www.europesays.com\/cz\/wp-json\/wp\/v2\/tags?post=129032"}],"curies":[{"name":"wp","href":"https:\/\/api.w.org\/{rel}","templated":true}]}}