{"id":129061,"date":"2026-06-25T08:39:11","date_gmt":"2026-06-25T08:39:11","guid":{"rendered":"https:\/\/www.europesays.com\/cz\/129061\/"},"modified":"2026-06-25T08:39:11","modified_gmt":"2026-06-25T08:39:11","slug":"mega-odhaleni-u-rolins-a-nedveda-termin-svatby","status":"publish","type":"post","link":"https:\/\/www.europesays.com\/cz\/129061\/","title":{"rendered":"Mega odhalen\u00ed u Rolins a Nedv\u011bda: Term\u00edn svatby"},"content":{"rendered":"<p>Jen p\u00e1r t\u00fddn\u016f nazp\u011bt se slovensk\u00e1 p\u011bnice sv\u011b\u0159ila, \u017ee pl\u00e1nuje dlouhou pauzu od vystupov\u00e1n\u00ed. Zat\u00edm se chce st\u00e1hnout minim\u00e1ln\u011b na rok, ale m\u016f\u017ee se st\u00e1t, \u017ee to bude i o n\u011bco d\u00e9le.<\/p>\n<p>    <a href=\"https:\/\/www.ahaonline.cz\/clanek\/zhave-drby\/235151\/nedved-si-muze-nechat-zajit-chut-tohle-mu-dara-nedopreje.html\" rel=\"nofollow noopener\" target=\"_blank\"><\/p>\n<p>        <img decoding=\"async\" src=\"https:\/\/www.europesays.com\/cz\/wp-content\/uploads\/2026\/06\/9884452-crop.jpg\" alt=\"Nedv\u011bd si m\u016f\u017ee nechat zaj\u00edt chu\u0165! Tohle mu Dara nedop\u0159eje\" title=\"Nedv\u011bd si m\u016f\u017ee nechat zaj\u00edt chu\u0165! Tohle mu Dara nedop\u0159eje\" height=\"140\" width=\"220\" class=\"lazyload \" loading=\"lazy\" \/><\/p>\n<p>    <\/a><\/p>\n<p>\u00a0\u201eM\u00e1m tolik v\u011bc\u00ed, kter\u00e9 nyn\u00ed nest\u00edh\u00e1m. M\u00e1m pln\u00fd seznam toho, co chci d\u011blat, chci cestovat, \u010d\u00edst. U\u017e se moc t\u011b\u0161\u00edm,\u201c l\u00ed\u010dila Dara v rozhovoru pro port\u00e1l Topky.cz. s t\u00edm, \u017ee jej\u00ed hlavn\u00ed prioritou je pochopiteln\u011b \u010das str\u00e1ven\u00fd s dcerou a partnerem. Kone\u010dn\u011b tak dojde i na dlouho o\u010dek\u00e1vanou veselku.<\/p>\n<p>\u201eTak\u00e9 to je v pl\u00e1nu,\u201c sv\u011b\u0159ila se dosud neprovdan\u00e1 zp\u011bva\u010dka, je\u017e se n\u00e1dhern\u00e9ho prst\u00fdnku od partnera do\u010dkala, kdy\u017e v italsk\u00e9m Livignu slavili p\u0159\u00edchod roku 2025. Na ot\u00e1zku, zda u\u017e maj\u00ed term\u00edn svatby, odpov\u011bd\u011bla: \u201eSamoz\u0159ejm\u011b!\u201c<\/p>\n<p>    <a href=\"https:\/\/www.ahaonline.cz\/clanek\/zhave-drby\/234616\/nedved-beha-s-narodakem-mezi-mrakodrapy-a-dara-hlasi-jsem-tu-taky.html\" rel=\"nofollow noopener\" target=\"_blank\"><\/p>\n<p>        <img decoding=\"async\" src=\"https:\/\/www.europesays.com\/cz\/wp-content\/uploads\/2026\/06\/1782376751_726_8753287.jpg\" alt=\"Nedv\u011bd b\u011bh\u00e1 s n\u00e1ro\u010f\u00e1kem mezi mrakodrapy a Dara hl\u00e1s\u00ed: Jsem tu taky!\" title=\"Nedv\u011bd b\u011bh\u00e1 s n\u00e1ro\u010f\u00e1kem mezi mrakodrapy a Dara hl\u00e1s\u00ed: Jsem tu taky!\" height=\"140\" width=\"220\" class=\"lazyload \" loading=\"lazy\" \/><\/p>\n<p>    <\/a><\/p>\n","protected":false},"excerpt":{"rendered":"Jen p\u00e1r t\u00fddn\u016f nazp\u011bt se slovensk\u00e1 p\u011bnice sv\u011b\u0159ila, \u017ee pl\u00e1nuje dlouhou pauzu od vystupov\u00e1n\u00ed. Zat\u00edm se chce st\u00e1hnout&hellip;\n","protected":false},"author":2,"featured_media":129062,"comment_status":"","ping_status":"","sticky":false,"template":"","format":"standard","meta":{"footnotes":"","_share_on_mastodon":"0"},"categories":[14],"tags":[2238,79,35309,974,1776,80,163],"class_list":["post-129061","post","type-post","status-publish","format-standard","has-post-thumbnail","category-zabava","tag-dara-rolins","tag-entertainment","tag-livigno","tag-pavel-nedved","tag-svatba","tag-zabava","tag-zhave-drby"],"share_on_mastodon":{"url":"https:\/\/pubeurope.com\/@cz\/116809850172697495","error":""},"_links":{"self":[{"href":"https:\/\/www.europesays.com\/cz\/wp-json\/wp\/v2\/posts\/129061","targetHints":{"allow":["GET"]}}],"collection":[{"href":"https:\/\/www.europesays.com\/cz\/wp-json\/wp\/v2\/posts"}],"about":[{"href":"https:\/\/www.europesays.com\/cz\/wp-json\/wp\/v2\/types\/post"}],"author":[{"embeddable":true,"href":"https:\/\/www.europesays.com\/cz\/wp-json\/wp\/v2\/users\/2"}],"replies":[{"embeddable":true,"href":"https:\/\/www.europesays.com\/cz\/wp-json\/wp\/v2\/comments?post=129061"}],"version-history":[{"count":0,"href":"https:\/\/www.europesays.com\/cz\/wp-json\/wp\/v2\/posts\/129061\/revisions"}],"wp:featuredmedia":[{"embeddable":true,"href":"https:\/\/www.europesays.com\/cz\/wp-json\/wp\/v2\/media\/129062"}],"wp:attachment":[{"href":"https:\/\/www.europesays.com\/cz\/wp-json\/wp\/v2\/media?parent=129061"}],"wp:term":[{"taxonomy":"category","embeddable":true,"href":"https:\/\/www.europesays.com\/cz\/wp-json\/wp\/v2\/categories?post=129061"},{"taxonomy":"post_tag","embeddable":true,"href":"https:\/\/www.europesays.com\/cz\/wp-json\/wp\/v2\/tags?post=129061"}],"curies":[{"name":"wp","href":"https:\/\/api.w.org\/{rel}","templated":true}]}}