{"id":129390,"date":"2026-06-25T14:41:25","date_gmt":"2026-06-25T14:41:25","guid":{"rendered":"https:\/\/www.europesays.com\/cz\/129390\/"},"modified":"2026-06-25T14:41:25","modified_gmt":"2026-06-25T14:41:25","slug":"vydejni-boxy-resi-snemovna-ppl-a-zasilkovna-varuji-pred-horsi-dostupnosti","status":"publish","type":"post","link":"https:\/\/www.europesays.com\/cz\/129390\/","title":{"rendered":"V\u00fddejn\u00ed boxy \u0159e\u0161\u00ed sn\u011bmovna. PPL a Z\u00e1silkovna varuj\u00ed p\u0159ed hor\u0161\u00ed dostupnost\u00ed"},"content":{"rendered":"<p>V\u00fddejn\u00ed boxy se b\u011bhem n\u011bkolika let staly b\u011b\u017enou sou\u010d\u00e1st\u00ed \u010desk\u00fdch m\u011bst i obc\u00ed. Denn\u011b p\u0159es n\u011b projde v\u00edce ne\u017e 700 tis\u00edc z\u00e1silek a podle Asociace pro elektronickou komerci (APEK) jde o nejvyu\u017e\u00edvan\u011bj\u0161\u00ed zp\u016fsob doru\u010dov\u00e1n\u00ed z e-shop\u016f. Jejich dal\u0161\u00ed rozvoj nyn\u00ed m\u016f\u017ee ovlivnit novela stavebn\u00edho z\u00e1kona, kterou projedn\u00e1v\u00e1 Poslaneck\u00e1 sn\u011bmovna.\u00a0<\/p>\n<p>P\u016fvodn\u00ed n\u00e1vrh po\u010d\u00edt\u00e1 s t\u00edm, \u017ee by se v\u00fddejn\u00ed boxy za\u0159adily mezi drobn\u00e9 stavby. Debata p\u0159ich\u00e1z\u00ed v dob\u011b, kdy s\u00ed\u0165 box\u016f d\u00e1l rychle roste. Podle <a href=\"https:\/\/www.e15.cz\/clanek\/byznys\/obchod-a-sluzby\/cinsky-e-shop-temu-celi-kontrole-coi-overi-jestli-porusuje-ceske-zakony-1414320\" rel=\"nofollow noopener\" target=\"_blank\">APEK<\/a>\u00a0jich bylo loni v \u010cesku zhruba 15 tis\u00edc, p\u0159esto t\u00e9m\u011b\u0159 t\u0159etina obc\u00ed do p\u011bti tis\u00edc obyvatel vlastn\u00ed box st\u00e1le nem\u00e1.\u00a0<\/p>\n<p>Ve druh\u00e9m \u010dten\u00ed ale poslanci Barbora R\u00e1zga, Patrik Nacher (oba ANO) a Ji\u0159\u00ed Havr\u00e1nek (ODS) p\u0159edlo\u017eili pozm\u011b\u0148ovac\u00ed n\u00e1vrh, kter\u00fd zachov\u00e1v\u00e1 sou\u010dasn\u00fd stav, kdy boxy regulovan\u00e9 nejsou. <a href=\"https:\/\/www.e15.cz\/byznys\/reality-a-stavebnictvi\/stavebni-zakon-miri-do-finale-poslanci-k-nemu-poslali-pres-stovku-zmen-1433515\" rel=\"nofollow noopener\" target=\"_blank\">Novela<\/a>\u00a0nyn\u00ed pokra\u010duje legislativn\u00edm procesem. Poslanci tak nakonec rozhodnou o tom, zda budou boxy v\u00edce regulovan\u00e9, \u010di nikoli.\u00a0<\/p>\n<p>Pln\u011bj\u0161\u00ed boxy, del\u0161\u00ed \u010dek\u00e1n\u00ed<\/p>\n<p>Zm\u011bna by mohla zpomalit roz\u0161i\u0159ov\u00e1n\u00ed s\u00edt\u011b i zv\u00fd\u0161it n\u00e1klady. \u201eZa\u0159azen\u00ed v\u00fddejn\u00edch box\u016f pod stavebn\u00ed z\u00e1kon by vedlo ke zpomalen\u00ed jejich dal\u0161\u00edho roz\u0161i\u0159ov\u00e1n\u00ed, vy\u0161\u0161\u00ed administrativn\u00ed n\u00e1ro\u010dnosti i vy\u0161\u0161\u00edm n\u00e1klad\u016fm na instalaci. Z\u00e1rove\u0148 by omezilo na\u0161i schopnost reagovat na pot\u0159eby z\u00e1kazn\u00edk\u016f a rozv\u00edjet s\u00ed\u0165 tam, kde je o ni skute\u010dn\u00fd z\u00e1jem,\u201c \u0159\u00edk\u00e1 Michaela T\u016fmov\u00e1, tiskov\u00e1 mluv\u010d\u00ed <a href=\"https:\/\/www.e15.cz\/byznys\/doprava-a-logistika\/ppl-zavadi-odesilani-balicku-pres-alzaboxy-1430952\" rel=\"nofollow noopener\" target=\"_blank\">PPL<\/a>.\u00a0Podle n\u00ed by d\u016fsledky poc\u00edtili p\u0159edev\u0161\u00edm z\u00e1kazn\u00edci. \u201eJak\u00e9koli zpomalen\u00ed instalac\u00ed by mohlo znamenat ni\u017e\u0161\u00ed komfort, del\u0161\u00ed doch\u00e1zkov\u00e9 vzd\u00e1lenosti i vy\u0161\u0161\u00ed cenu slu\u017eby,\u201c dod\u00e1v\u00e1.\u00a0<\/p>\n<p>Podobn\u00fd n\u00e1zor zast\u00e1v\u00e1 i <a href=\"https:\/\/www.e15.cz\/domaci\/zasilkovna-celi-stiznostem-na-dorucovani-reaguje-zkracenim-ulozni-doby-a-novou-funkci-v-aplikaci-1428659\" rel=\"nofollow noopener\" target=\"_blank\">Z\u00e1silkovna<\/a>.\u00a0\u201eDal\u0161\u00ed administrativn\u00ed z\u00e1t\u011b\u017e by mohla v\u00e9st k tomu, \u017ee boxy nebude mo\u017en\u00e9 umis\u0165ovat tam, kde jsou re\u00e1ln\u011b pot\u0159eba. V\u00fdsledkem by byly pln\u011bj\u0161\u00ed boxy, del\u0161\u00ed \u010dek\u00e1n\u00ed a hor\u0161\u00ed slu\u017eba pro lidi,\u201c uvedl \u0161\u00e9f komunikace spole\u010dnosti Ond\u0159ej Lu\u0161tinec s t\u00edm, \u017ee povolov\u00e1n\u00ed box\u016f by mohlo zahltit stavebn\u00ed \u00fa\u0159ady.\u00a0<\/p>\n<p>Podle n\u011bj sou\u010dasn\u00e1 pravidla spole\u010dn\u011b s kodexem APEK pro umis\u0165ov\u00e1n\u00ed v\u00fddejn\u00edch box\u016f posta\u010duj\u00ed a dal\u0161\u00ed plo\u0161n\u00e1 regulace nen\u00ed nutn\u00e1. Sou\u010d\u00e1st\u00ed samoregulace je podle Lu\u0161tince i pravideln\u00e1 komunikace s obcemi nebo sd\u00edlen\u00ed box\u016f r\u016fzn\u00fdmi poskytovateli tak, aby se zbyte\u010dn\u011b nemusely stav\u011bt nov\u00e9. \u201eZa nejvhodn\u011bj\u0161\u00ed cestu proto pova\u017eujeme kombinaci samoregulace trhu a p\u0159\u00edm\u00e9 komunikace s obcemi. To je podle n\u00e1s prakti\u010dt\u011bj\u0161\u00ed, rychlej\u0161\u00ed a pro ve\u0159ejn\u00fd prostor citliv\u011bj\u0161\u00ed \u0159e\u0161en\u00ed ne\u017e plo\u0161n\u00e9 za\u0159azen\u00ed v\u0161ech v\u00fddejn\u00edch box\u016f do stavebn\u00edho z\u00e1kona,\u201c dopl\u0148uje Lu\u0161tinec.\u00a0<\/p>\n<p>Z\u00e1silkovna z\u00e1rove\u0148 d\u00e1l roz\u0161i\u0159uje mo\u017enosti vyu\u017eit\u00ed sv\u00e9 s\u00edt\u011b. Od 1. \u010dervence umo\u017en\u00ed v\u0161em \u010desk\u00fdm e-shop\u016fm pod\u00e1vat z\u00e1silky p\u0159\u00edmo do v\u00edce ne\u017e 6 500 Z-BOX\u016f, kter\u00e9 disponuj\u00ed v\u00edce ne\u017e 600 tis\u00edci schr\u00e1nkami. Firma tak\u00e9 zav\u00e1d\u00ed trval\u00e9 sobotn\u00ed doru\u010dov\u00e1n\u00ed v Praze, Brn\u011b a Ostrav\u011b. Ke konci tohoto roku pak pl\u00e1nuje slu\u017ebu roz\u0161\u00ed\u0159it na cel\u00e9 \u010cesko.\u00a0<\/p>\n<p>FLOW:\u00a0Bal\u00edkov\u00fd byznys \u010dek\u00e1 zlom. \u0160\u00e9f GLS a vystudovan\u00fd dramatik prozradil, co p\u0159ijde po \u00e9\u0159e v\u00fddejn\u00edch box\u016f.\u00a0<\/p>\n<p><img decoding=\"async\" src=\"https:\/\/www.europesays.com\/cz\/wp-content\/uploads\/2026\/06\/1782398484_789_retina.jpg\" alt=\"Video placeholder\" class=\"gvjp-video-placeholder\"\/><\/p>\n<p>\n\t\t\t\tFLOW: Bal\u00edkov\u00fd byznys \u010dek\u00e1 zlom. \u0160\u00e9f GLS a vystudovan\u00fd dramatik prozradil, co p\u0159ijde po \u00e9\u0159e v\u00fddejn\u00edch box\u016f \u2022 e15\n\t\t\t<\/p>\n<p>Jasn\u011bj\u0161\u00ed pravidla pro ve\u0159ejn\u00fd prostor<\/p>\n<p>Naopak Veronika R\u00fat z iniciativy Na\u0161e kultivovan\u00e1 m\u011bsta, kter\u00e1 p\u0159ipravila strategii pro umis\u0165ov\u00e1n\u00ed v\u00fddejn\u00edch box\u016f, je p\u0159esv\u011bd\u010den\u00e1, \u017ee dobrovoln\u00e1 pravidla provozovatel\u016f sama o sob\u011b nesta\u010d\u00ed. \u201eSamoregulace m\u016f\u017ee b\u00fdt jako dopln\u011bk u\u017eite\u010dn\u00e1. Nikdy ale nem\u016f\u017ee nahradit pravidla, kter\u00e1 nastavuje m\u011bsto pro sv\u00e9 vlastn\u00ed \u00fazem\u00ed,\u201c uv\u00e1d\u00ed.\u00a0<\/p>\n<p>Podle n\u00ed m\u011bsta \u0159e\u0161\u00ed mnohem \u0161ir\u0161\u00ed souvislosti ne\u017e samotn\u00ed provozovatel\u00e9. \u201e<a href=\"https:\/\/www.e15.cz\/byznys\/doprava-a-logistika\/e15.cz\/byznys\/obchod-a-sluzby\/nejdrive-alza-ted-skoda-auto-republiku-pokryje-vlastnimi-vydejnimi-boxy-1430119\" rel=\"nofollow noopener\" target=\"_blank\">V\u00fddejn\u00ed box<\/a>\u00a0m\u016f\u017ee p\u0159ek\u00e1\u017eet technick\u00fdm s\u00edt\u00edm, doprav\u011b, chodc\u016fm nebo z\u00e1sobov\u00e1n\u00ed. P\u0159itom pr\u00e1v\u011b tyto v\u011bci rozhoduj\u00ed o tom, jestli m\u011bsto funguje, nebo ne,\u201c dod\u00e1v\u00e1.\u00a0<\/p>\n<p>R\u00fat upozor\u0148uje, \u017ee probl\u00e9my se \u010dasto projev\u00ed a\u017e po instalaci. Zmi\u0148uje nap\u0159\u00edklad kolize s in\u017een\u00fdrsk\u00fdmi s\u00edt\u011bmi, komplikace p\u0159i oprav\u00e1ch infrastruktury nebo nevhodn\u011b zvolen\u00e9 lokality. \u201eN\u011bkter\u00e9 boxy p\u0159\u00edmo vyb\u00edzej\u00ed k naj\u00ed\u017ed\u011bn\u00ed na chodn\u00edk, blokov\u00e1n\u00ed p\u011b\u0161\u00edch tras nebo ni\u010den\u00ed zelen\u011b. N\u00e1klady pak nese m\u011bsto,\u201c \u0159\u00edk\u00e1.\u00a0<\/p>\n<p>Z\u00e1rove\u0148 odm\u00edt\u00e1 obavy, \u017ee jasn\u011bj\u0161\u00ed pravidla rozvoj v\u00fddejn\u00edch box\u016f zastav\u00ed. \u201ePravidla nejsou brzdou modernizace. Jde jen o to m\u00edt dan\u00e9 hrac\u00ed pole, kter\u00e9 bude p\u0159edv\u00eddateln\u00e9 pro m\u011bsta i firmy,\u201c dod\u00e1v\u00e1.\u00a0<\/p>\n<p><a class=\"article-card__image\" data-ac-image=\"\" href=\"https:\/\/www.e15.cz\/byznys\/obchod-a-sluzby\/daniel-to-zna-z-ceska-s-vydejnimi-boxy-se-u-vas-inspirujeme-rika-kretinskeho-manazer-v-royal-mail-1431173\" title=\"Daniel to zn\u00e1 z \u010ceska, s v\u00fddejn\u00edmi boxy se u v\u00e1s inspirujeme, \u0159\u00edk\u00e1 K\u0159et\u00ednsk\u00e9ho mana\u017eer v Royal Mail\" rel=\"nofollow noopener\" target=\"_blank\"><img decoding=\"async\" alt=\"Daniel to zn\u00e1 z \u010ceska, s v\u00fddejn\u00edmi boxy se u v\u00e1s inspirujeme, \u0159\u00edk\u00e1 K\u0159et\u00ednsk\u00e9ho mana\u017eer v Royal Mail\" title=\"Daniel to zn\u00e1 z \u010ceska, s v\u00fddejn\u00edmi boxy se u v\u00e1s inspirujeme, \u0159\u00edk\u00e1 K\u0159et\u00ednsk\u00e9ho mana\u017eer v Royal Mail\" class=\"\" data-magazine=\"\" src=\"https:\/\/www.europesays.com\/cz\/wp-content\/uploads\/2026\/06\/9767140.jpg\" loading=\"lazy\" style=\"aspect-ratio: 328 \/ 184\"\/><\/a><a class=\"article-card__title-link line-limit-3\" data-ac-title=\"\" href=\"https:\/\/www.e15.cz\/byznys\/obchod-a-sluzby\/daniel-to-zna-z-ceska-s-vydejnimi-boxy-se-u-vas-inspirujeme-rika-kretinskeho-manazer-v-royal-mail-1431173\" title=\"Daniel to zn\u00e1 z \u010ceska, s v\u00fddejn\u00edmi boxy se u v\u00e1s inspirujeme, \u0159\u00edk\u00e1 K\u0159et\u00ednsk\u00e9ho mana\u017eer v Royal Mail\" rel=\"nofollow noopener\" target=\"_blank\">Daniel to zn\u00e1 z \u010ceska, s v\u00fddejn\u00edmi boxy se u v\u00e1s inspirujeme, \u0159\u00edk\u00e1 K\u0159et\u00ednsk\u00e9ho mana\u017eer v Royal Mail<\/a><\/p>\n","protected":false},"excerpt":{"rendered":"V\u00fddejn\u00ed boxy se b\u011bhem n\u011bkolika let staly b\u011b\u017enou sou\u010d\u00e1st\u00ed \u010desk\u00fdch m\u011bst i obc\u00ed. Denn\u011b p\u0159es n\u011b projde v\u00edce&hellip;\n","protected":false},"author":2,"featured_media":129391,"comment_status":"","ping_status":"","sticky":false,"template":"","format":"standard","meta":{"footnotes":"","_share_on_mastodon":"0"},"categories":[12],"tags":[35362,4266,67,68,2906,3086,2295,35363],"class_list":["post-129390","post","type-post","status-publish","format-standard","has-post-thumbnail","category-byznys","tag-asociace-pro-elektronickou-komerci","tag-box","tag-business","tag-byznys","tag-instalace","tag-poslanecka-snemovna-cr","tag-stavebni-zakon","tag-veronika-rut"],"share_on_mastodon":{"url":"https:\/\/pubeurope.com\/@cz\/116811274223723992","error":""},"_links":{"self":[{"href":"https:\/\/www.europesays.com\/cz\/wp-json\/wp\/v2\/posts\/129390","targetHints":{"allow":["GET"]}}],"collection":[{"href":"https:\/\/www.europesays.com\/cz\/wp-json\/wp\/v2\/posts"}],"about":[{"href":"https:\/\/www.europesays.com\/cz\/wp-json\/wp\/v2\/types\/post"}],"author":[{"embeddable":true,"href":"https:\/\/www.europesays.com\/cz\/wp-json\/wp\/v2\/users\/2"}],"replies":[{"embeddable":true,"href":"https:\/\/www.europesays.com\/cz\/wp-json\/wp\/v2\/comments?post=129390"}],"version-history":[{"count":0,"href":"https:\/\/www.europesays.com\/cz\/wp-json\/wp\/v2\/posts\/129390\/revisions"}],"wp:featuredmedia":[{"embeddable":true,"href":"https:\/\/www.europesays.com\/cz\/wp-json\/wp\/v2\/media\/129391"}],"wp:attachment":[{"href":"https:\/\/www.europesays.com\/cz\/wp-json\/wp\/v2\/media?parent=129390"}],"wp:term":[{"taxonomy":"category","embeddable":true,"href":"https:\/\/www.europesays.com\/cz\/wp-json\/wp\/v2\/categories?post=129390"},{"taxonomy":"post_tag","embeddable":true,"href":"https:\/\/www.europesays.com\/cz\/wp-json\/wp\/v2\/tags?post=129390"}],"curies":[{"name":"wp","href":"https:\/\/api.w.org\/{rel}","templated":true}]}}