{"id":130004,"date":"2026-06-26T08:18:14","date_gmt":"2026-06-26T08:18:14","guid":{"rendered":"https:\/\/www.europesays.com\/cz\/130004\/"},"modified":"2026-06-26T08:18:14","modified_gmt":"2026-06-26T08:18:14","slug":"ms-fotbal-vzpoura-tymu-pred-klicovym-zapasem-na-ms-hraci-nabehli-na-trenera-ten-je-ale-prekvapil","status":"publish","type":"post","link":"https:\/\/www.europesays.com\/cz\/130004\/","title":{"rendered":"MS fotbal | Vzpoura t\u00fdmu p\u0159ed kl\u00ed\u010dov\u00fdm z\u00e1pasem na MS. Hr\u00e1\u010di nab\u011bhli na tren\u00e9ra, ten je ale p\u0159ekvapil"},"content":{"rendered":"<p class=\"b_bE\">Sedmdes\u00e1tilet\u00fd kou\u010d je zn\u00e1m pro sv\u00e9 p\u0159\u00edsn\u00e9 tr\u00e9ninky a\u00a0specifick\u00e9 metody, kter\u00e9 jsou zalo\u017eeny na extr\u00e9mn\u00ed fyzick\u00e9 p\u0159ipravenosti nebo osobn\u00edm br\u00e1n\u011bn\u00ed po cel\u00e9m h\u0159i\u0161ti. Ve zm\u00edn\u011bn\u00e9m po\u0159adu se mluvilo o\u00a0tom, \u017ee \u010dty\u0159i fotbalist\u00e9 &#8211; Sergio Rochet, Manuel Ugarte, Rodrigo Bentacur a\u00a0kapit\u00e1n Federico Valverde &#8211; za\u0161li p\u0159ed duelem se \u0160pan\u011bly za Bielsou a\u00a0jasn\u011b mu vyl\u00ed\u010dili, \u017ee zp\u016fsob, jak\u00fdm se tr\u00e9nuje, je vy\u010derp\u00e1v\u00e1. Nav\u00edc n\u011bkolik hr\u00e1\u010d\u016f p\u0159icestovalo na mundial se zran\u011bn\u00edm nebo s\u00a0nahromad\u011bnou \u00fanavou po n\u00e1ro\u010dn\u00e9 sezon\u011b, tak\u017ee tvrd\u00e9 tr\u00e9ninky u\u017e nesnesou.<\/p>\n<p class=\"b_bE\">Hr\u00e1\u010di prot\u0159el\u00e9ho strat\u00e9ga upozornili na fakt, \u017ee kdy\u017e m\u011bli v\u00a0minulosti podobn\u00e9 d\u00e1vky, tak nap\u0159\u00edklad loni v\u00a0listopadu utrp\u011bli debakl 1:5\u00a0s\u00a0USA v\u00a0p\u0159\u00e1telsk\u00e9m utk\u00e1n\u00ed. Tak\u00e9 Bielsovi navrhli taktiku pro nadch\u00e1zej\u00edc\u00ed duel; \u010dekat v\u00a0bloku a\u00a0vyr\u00e1\u017eet do proti\u00fatok\u016f.<\/p>\n<p class=\"b_bE\">Je\u0161t\u011b p\u0159edt\u00edm, ne\u017e Valverde a\u00a0spol. vyrazili za kou\u010dem, \u0159ekli si mezi sebou, \u017ee pokud je Bielsa neposlechne, tak se prost\u011b seberou a\u00a0p\u016fjdou pry\u010d. Jen\u017ee reakce zku\u0161en\u00e9ho barda, jen\u017e vede Uruguay od kv\u011btna 2023, je p\u0159ekvapila.<\/p>\n<p><a data-dot=\"atm-link\" target=\"_self\" href=\"https:\/\/www.sport.cz\/clanek\/fotbal-ms-africky-tym-jen-tesne-unikl-na-ms-historicke-blamazi-jsou-v-rozpadu-nesetril-kritikou-expert-5489803\" class=\"b_V g_ij\" rel=\"nofollow noopener\"><img fetchpriority=\"high\" height=\"852\" width=\"1137\" src=\"https:\/\/www.europesays.com\/cz\/wp-content\/uploads\/2026\/06\/1782461892_513_776c.jpeg\" loading=\"eager\" decoding=\"sync\" class=\"b_B b_z\"\/><\/a><\/p>\n<p class=\"b_bE\">Bielsa okam\u017eit\u011b zavolal zbytek t\u00fdmu a\u00a0ze soukrom\u00e9 konverzace se r\u00e1zem stal ve\u0159ejn\u00fd projev. N\u011bkdej\u0161\u00ed lodivod Argentiny, Chile, Lazia, Bilbaa, Lille \u010di Leedsu m\u011bl tak\u0159ka \u010dty\u0159icetiminutov\u00fd monolog, p\u0159i kter\u00e9m rozv\u00edjel svou vizi. Hr\u00e1\u010d\u016fm p\u0159ipomn\u011bl n\u011bkolik t\u011b\u017ek\u00fdch situac\u00ed, v\u00a0nich\u017e v\u00a0minulosti byl. Nap\u0159\u00edklad, kdy\u017e na sv\u011btov\u00fd \u0161ampion\u00e1t nevzal Luise Su\u00e1reze. Tak\u00e9 zm\u00ednil, \u017ee vybudoval kari\u00e9ru Sebasti\u00e1na C\u00e1cerese a\u00a0Maxiho Ara\u00faja, je\u017e jako prvn\u00ed nominoval do n\u00e1ro\u010f\u00e1ku.<\/p>\n<p class=\"b_bE\">Co se t\u00fd\u010de taktiky, tak striktn\u011b sd\u011blil, \u017ee hr\u00e1\u010di se proti \u0160pan\u011blsku nebudou dr\u017eet v\u00a0bloku, ale budou aktivn\u011b presovat.<\/p>\n<p class=\"b_bE\">Zaj\u00edmav\u00e1 situace nastala na konci projevu. N\u011bkte\u0159\u00ed fotbalist\u00e9 u\u017e za\u010dali nab\u00fdvat dojmu, \u017ee Bielsa definitivn\u011b domluvil, a\u00a0tak cht\u011bli odej\u00edt, ale respektovan\u00fd stoper Jos\u00e9 Mar\u00eda Gim\u00e9nez je cht\u011bl zastavit se slovy: \u201eNe, neodch\u00e1zejte, tren\u00e9r je\u0161t\u011b neskon\u010dil.\u201c Jeho gesto ale nesta\u010dilo k\u00a0udr\u017een\u00ed v\u0161ech. P\u00e1r hr\u00e1\u010d\u016f opravdu ode\u0161lo, co\u017e jen demonstruje, jak\u00e1 n\u00e1lada v\u00a0t\u00fdmu je.<\/p>\n<p><a data-dot=\"atm-link\" target=\"_self\" href=\"https:\/\/www.sport.cz\/clanek\/fotbal-ms-media-tepou-nemce-za-mdly-vykon-kouc-ostre-kritiku-odmitl-prestante-s-temi-nesmysly-5489634\" class=\"b_V g_ij\" rel=\"nofollow noopener\"><img height=\"2922\" width=\"3897\" src=\"https:\/\/www.europesays.com\/cz\/wp-content\/uploads\/2026\/06\/1782461893_7_6c96.jpeg\" loading=\"eager\" decoding=\"sync\" class=\"b_B b_z\"\/><\/a><\/p>\n<p class=\"b_bE\">Proti \u0160pan\u011bl\u016fm by m\u011bl b\u00fdt u\u017e p\u0159ipraven\u00fd obr\u00e1nce Barcelony a\u00a0jedna z\u00a0opor n\u00e1rodn\u00edho mu\u017estva Ronald Ara\u00fajo, kter\u00fd odlet\u011bl na MS zran\u011bn\u00fd, ale s\u00a0p\u0159\u00edslibem, \u017ee se pr\u00e1v\u011b na t\u0159et\u00ed z\u00e1pas ve skupin\u011b objev\u00ed v\u00a0z\u00e1kladn\u00ed sestav\u011b. Na povrch se ale dostala informace, \u017ee Bielsa m\u00edsto n\u011bj d\u00e1 p\u0159ednost Guillermu Varelovi, jen\u017e odehr\u00e1l oba duely. Ara\u00fajo to t\u011b\u017ece nese, a\u00a0tak na soci\u00e1ln\u011b s\u00edt\u011b napsal jasn\u00fd vzkaz, v\u00a0n\u011bm\u017e odkazoval pr\u00e1v\u011b na Bielsu: \u201eD\u00e1-li B\u016fh, postoup\u00edme, ale u\u017e to d\u00e1l nem\u016f\u017eeme sn\u00e1\u0161et.\u201c<\/p>\n<p><a data-dot=\"atm-link\" target=\"_self\" href=\"https:\/\/www.sport.cz\/clanek\/fotbal-ms-kviz-startuje-ms-ve-fotbale-co-vite-o-nejvetsim-fotbalovem-turnaji-sveta-5475933\" class=\"b_V g_ij\" rel=\"nofollow noopener\"><img height=\"2730\" width=\"3641\" src=\"https:\/\/www.europesays.com\/cz\/wp-content\/uploads\/2026\/06\/1782461893_407_d057.jpeg\" loading=\"eager\" decoding=\"sync\" class=\"b_B b_z\"\/><\/a><\/p>\n<p class=\"b_bE\">Je jasn\u00e9, \u017ee Bielsa po MS skon\u010d\u00ed, s\u00e1m o\u00a0tom p\u0159ed m\u011bs\u00edcem mluvil na svazov\u00e9 akci v\u00a0Montevideu, tak\u017ee se Ara\u00fajo a\u00a0spol. do\u010dkaj\u00ed faktu, po kter\u00e9m volaj\u00ed.<\/p>\n<p>MS ve fotbale 2026<\/p>\n<p class=\"b_bE\">T\u0159iadvac\u00e1t\u00e9 <a data-dot=\"atm-link\" target=\"_blank\" href=\"https:\/\/www.sport.cz\/sekce\/fotbal-ms-879\" class=\"b_V\" rel=\"nofollow noopener\">mistrovstv\u00ed sv\u011bta ve fotbale<\/a> se kon\u00e1 od 11.\u00a0\u010dervna do 19.\u00a0\u010dervence 2026.\u00a0Poprv\u00e9 v\u00a0historii ho host\u00ed t\u0159i zem\u011b &#8211; USA, Kanada a\u00a0Mexiko. Titul sv\u011btov\u00fdch \u0161ampion\u016f obhajuje Argentina, po 20\u00a0letech se turnaje \u00fa\u010dastnilo tak\u00e9 \u010cesko, vypadlo ale u\u017e v\u00a0z\u00e1kladn\u00ed skupin\u011b.<\/p>\n<p><a data-dot=\"atm-link\" target=\"_self\" href=\"https:\/\/www.sport.cz\/clanek\/fotbal-ms-studio-ms-fotbal-expert-se-pustil-do-reprezentace-nemuzeme-si-dovolit-prichazet-o-hrace-jako-je-schick-5489993\" class=\"b_V g_ij\" rel=\"nofollow noopener\"><img height=\"1080\" width=\"1440\" src=\"https:\/\/www.europesays.com\/cz\/wp-content\/uploads\/2026\/06\/1782461894_292_schik-studio-ms-fotbal-grafika.png\" loading=\"eager\" decoding=\"sync\" class=\"b_B b_z\"\/><\/a><\/p>\n","protected":false},"excerpt":{"rendered":"Sedmdes\u00e1tilet\u00fd kou\u010d je zn\u00e1m pro sv\u00e9 p\u0159\u00edsn\u00e9 tr\u00e9ninky a\u00a0specifick\u00e9 metody, kter\u00e9 jsou zalo\u017eeny na extr\u00e9mn\u00ed fyzick\u00e9 p\u0159ipravenosti nebo&hellip;\n","protected":false},"author":2,"featured_media":130005,"comment_status":"","ping_status":"","sticky":false,"template":"","format":"standard","meta":{"footnotes":"","_share_on_mastodon":"0"},"categories":[15],"tags":[326,1275,950,94,93,5761],"class_list":["post-130004","post","type-post","status-publish","format-standard","has-post-thumbnail","category-sport","tag-fotbal","tag-mistrovstvi-sveta-ve-fotbale","tag-spanelsko","tag-sport","tag-sports","tag-uruguay"],"share_on_mastodon":{"url":"https:\/\/pubeurope.com\/@cz\/116815430162893855","error":""},"_links":{"self":[{"href":"https:\/\/www.europesays.com\/cz\/wp-json\/wp\/v2\/posts\/130004","targetHints":{"allow":["GET"]}}],"collection":[{"href":"https:\/\/www.europesays.com\/cz\/wp-json\/wp\/v2\/posts"}],"about":[{"href":"https:\/\/www.europesays.com\/cz\/wp-json\/wp\/v2\/types\/post"}],"author":[{"embeddable":true,"href":"https:\/\/www.europesays.com\/cz\/wp-json\/wp\/v2\/users\/2"}],"replies":[{"embeddable":true,"href":"https:\/\/www.europesays.com\/cz\/wp-json\/wp\/v2\/comments?post=130004"}],"version-history":[{"count":0,"href":"https:\/\/www.europesays.com\/cz\/wp-json\/wp\/v2\/posts\/130004\/revisions"}],"wp:featuredmedia":[{"embeddable":true,"href":"https:\/\/www.europesays.com\/cz\/wp-json\/wp\/v2\/media\/130005"}],"wp:attachment":[{"href":"https:\/\/www.europesays.com\/cz\/wp-json\/wp\/v2\/media?parent=130004"}],"wp:term":[{"taxonomy":"category","embeddable":true,"href":"https:\/\/www.europesays.com\/cz\/wp-json\/wp\/v2\/categories?post=130004"},{"taxonomy":"post_tag","embeddable":true,"href":"https:\/\/www.europesays.com\/cz\/wp-json\/wp\/v2\/tags?post=130004"}],"curies":[{"name":"wp","href":"https:\/\/api.w.org\/{rel}","templated":true}]}}