{"id":130375,"date":"2026-06-26T13:41:11","date_gmt":"2026-06-26T13:41:11","guid":{"rendered":"https:\/\/www.europesays.com\/cz\/130375\/"},"modified":"2026-06-26T13:41:11","modified_gmt":"2026-06-26T13:41:11","slug":"plzen-spusti-trolejbusovou-retro-linku-jizda-bude-stat-stokrat-vic-nez-za-husaka","status":"publish","type":"post","link":"https:\/\/www.europesays.com\/cz\/130375\/","title":{"rendered":"Plze\u0148 spust\u00ed trolejbusovou retro linku. J\u00edzda bude st\u00e1t stokr\u00e1t v\u00edc ne\u017e za Hus\u00e1ka"},"content":{"rendered":"<p class=\"c_bz\">\u201eBudou na ni nasazov\u00e1ny historick\u00e9 trolejbusy typu 14Tr, 15Tr a\u00a021Tr,\u201c sd\u011blil Ren\u00e9 V\u00e1vro, tiskov\u00fd mluv\u010d\u00ed Plze\u0148sk\u00fdch m\u011bstsk\u00fdch dopravn\u00edch podnik\u016f. Linka propoj\u00ed Prazdroj, hlavn\u00ed n\u00e1dra\u017e\u00ed, Depo2015\u00a0a\u00a0Techmanii se stanic\u00ed Malv\u00edny.<\/p>\n<p class=\"c_bz\">Trolejbus \u0160koda 15Tr je unik\u00e1t, nejstar\u0161\u00ed zachovan\u00fd stroj t\u00e9to \u0159ady, prototyp, kter\u00fd sjel z\u00a0linky z\u00e1vodu v\u00a0Ostrov\u011b v\u00a0roce 1987. \u201eV b\u011b\u017en\u00e9m provozu jezdil a\u017e do prosince roku 2000, kdy byl odstaven,\u201c sd\u011blil V\u00e1vro. V\u016fz se m\u011bl st\u00e1t expon\u00e1tem muzea \u0160koda, po zru\u0161en\u00ed t\u00e9to instituce p\u00e1r let ch\u00e1tral. \u201eV roce 2014\u00a0zapo\u010dala jeho rozs\u00e1hl\u00e1 renovace, kter\u00e1 skon\u010dila na ja\u0159e 2015,\u201c p\u0159ipomn\u011bl V\u00e1vro.<\/p>\n<p><img fetchpriority=\"high\" height=\"534\"   width=\"800\" src=\"https:\/\/www.europesays.com\/cz\/wp-content\/uploads\/2026\/06\/pmdp-trolejbusy-historicka-linka-plzen.jpeg\" loading=\"eager\" decoding=\"sync\" class=\"c_t c_r\"\/>Foto: PMDP<\/p>\n<p class=\"c_bz\">Nejmlad\u0161\u00ed z\u00a0nasazen\u00fdch historick\u00fdch trolejbus\u016f je zelen\u00fd v\u016fz \u0160koda 21Tr<\/p>\n<p class=\"c_bz\">Trolejbus \u0160koda 14Tr vyjel do plze\u0148sk\u00fdch ulic p\u0159esn\u011b deset dn\u00ed po sametov\u00e9 revoluci, tedy 27.\u00a0listopadu 1989.\u00a0Reprezentuje ale \u0159adu vyr\u00e1b\u011bnou u\u017e od po\u010d\u00e1tku osmdes\u00e1t\u00fdch let. V\u00ednovo-kr\u00e9movo-\u010derven\u00e9 barevn\u00e9 proveden\u00ed obou t\u011bchto voz\u016f je standardn\u00ed pro danou dobu. Posledn\u00ed z\u00a0nasazen\u00e9 trojice &#8211; v\u016fz 21Tr &#8211; je zelen\u00fd. Plze\u0148 jej koupila a\u017e v\u00a0roce 2004, z\u00e1hy pot\u00e9 v\u00fdroba trolejbus\u016f v\u00a0Ostrov\u011b skon\u010dila.<\/p>\n<p class=\"c_bz\">J\u00edzdn\u00e9 nebude st\u00e1t korunu, jako kdysi za Hus\u00e1ka, ale stovku. \u201eJ\u00edzdenka v\u0161ak pro dan\u00fd den plat\u00ed na libovoln\u00fd po\u010det j\u00edzd, d\u011bti do t\u0159\u00ed let maj\u00ed p\u0159epravu zdarma,\u201c uvedl Miroslav Mach\u00e1\u0148, dopravn\u011b provozn\u00ed \u0159editel PMDP.<\/p>\n<p><a data-dot=\"atm-link\" target=\"_self\" href=\"https:\/\/www.novinky.cz\/clanek\/cestovani-pivovarsti-bednari-z-plzne-budou-mit-radost-pod-ruce-jim-budou-koukat-turiste-40583871\" class=\"c_N\" rel=\"nofollow noopener\"><img height=\"943\" width=\"1678\" src=\"https:\/\/www.europesays.com\/cz\/wp-content\/uploads\/2026\/06\/bednari-plzen-prazdroj-prohlidky.jpeg\" loading=\"eager\" decoding=\"sync\" class=\"c_t c_r\"\/><\/a><\/p>\n","protected":false},"excerpt":{"rendered":"\u201eBudou na ni nasazov\u00e1ny historick\u00e9 trolejbusy typu 14Tr, 15Tr a\u00a021Tr,\u201c sd\u011blil Ren\u00e9 V\u00e1vro, tiskov\u00fd mluv\u010d\u00ed Plze\u0148sk\u00fdch m\u011bstsk\u00fdch dopravn\u00edch&hellip;\n","protected":false},"author":2,"featured_media":130376,"comment_status":"","ping_status":"","sticky":false,"template":"","format":"standard","meta":{"footnotes":"","_share_on_mastodon":"0"},"categories":[7],"tags":[43,42,41,40,30120,4058,1863,6465],"class_list":["post-130375","post","type-post","status-publish","format-standard","has-post-thumbnail","category-cesko","tag-ceska-republika","tag-cesko","tag-czech-republic","tag-czechia","tag-historicka-vozidla","tag-mestska-hromadna-doprava-mhd","tag-plzen","tag-trolejbus"],"share_on_mastodon":{"url":"https:\/\/pubeurope.com\/@cz\/116816700070372010","error":""},"_links":{"self":[{"href":"https:\/\/www.europesays.com\/cz\/wp-json\/wp\/v2\/posts\/130375","targetHints":{"allow":["GET"]}}],"collection":[{"href":"https:\/\/www.europesays.com\/cz\/wp-json\/wp\/v2\/posts"}],"about":[{"href":"https:\/\/www.europesays.com\/cz\/wp-json\/wp\/v2\/types\/post"}],"author":[{"embeddable":true,"href":"https:\/\/www.europesays.com\/cz\/wp-json\/wp\/v2\/users\/2"}],"replies":[{"embeddable":true,"href":"https:\/\/www.europesays.com\/cz\/wp-json\/wp\/v2\/comments?post=130375"}],"version-history":[{"count":0,"href":"https:\/\/www.europesays.com\/cz\/wp-json\/wp\/v2\/posts\/130375\/revisions"}],"wp:featuredmedia":[{"embeddable":true,"href":"https:\/\/www.europesays.com\/cz\/wp-json\/wp\/v2\/media\/130376"}],"wp:attachment":[{"href":"https:\/\/www.europesays.com\/cz\/wp-json\/wp\/v2\/media?parent=130375"}],"wp:term":[{"taxonomy":"category","embeddable":true,"href":"https:\/\/www.europesays.com\/cz\/wp-json\/wp\/v2\/categories?post=130375"},{"taxonomy":"post_tag","embeddable":true,"href":"https:\/\/www.europesays.com\/cz\/wp-json\/wp\/v2\/tags?post=130375"}],"curies":[{"name":"wp","href":"https:\/\/api.w.org\/{rel}","templated":true}]}}