{"id":130514,"date":"2026-06-26T16:05:11","date_gmt":"2026-06-26T16:05:11","guid":{"rendered":"https:\/\/www.europesays.com\/cz\/130514\/"},"modified":"2026-06-26T16:05:11","modified_gmt":"2026-06-26T16:05:11","slug":"rozkol-v-kabine-uruguaysti-hraci-se-bouri-proti-trenerovi-tesne-pred-klicovou-bitvou-idnes-cz","status":"publish","type":"post","link":"https:\/\/www.europesays.com\/cz\/130514\/","title":{"rendered":"Rozkol v kabin\u011b. Uruguay\u0161t\u00ed hr\u00e1\u010di se bou\u0159\u00ed proti tren\u00e9rovi, t\u011bsn\u011b p\u0159ed kl\u00ed\u010dovou bitvou &#8211; iDNES.cz"},"content":{"rendered":"<p><a href=\"https:\/\/news.google.com\/rss\/articles\/CBMi4gFBVV95cUxQbmFXUFlpZHp0RlBTMjlqbVN1YnUxVGh5WDF6SW9DNHVsMHNyTkQzZmNFaDJON25JdzZieHlvY0lMVnBOZ2lRdW8taUxuTnNNWDNfbHdiSm9xMWpRdjctRlJfWWs2a21OTnBlZVZQTG0xdjNQbm5WTXlFOVo3UWQ0UnhHeEJvVnJmRlI3ZlQzd21hT0tIWlBDTVZ5Qm9qT3ZmbS1rOURmQTU1SzdwMGRvLU94d0FfenFucnZTa3c4elE4WmxObXdUNXJjaE5LNk5jUDBJNWQ5MWJVclY1LUFRc0RR?oc=5\" target=\"_blank\" rel=\"nofollow noopener\">Rozkol v kabin\u011b. Uruguay\u0161t\u00ed hr\u00e1\u010di se bou\u0159\u00ed proti tren\u00e9rovi, t\u011bsn\u011b p\u0159ed kl\u00ed\u010dovou bitvou<\/a>&nbsp;&nbsp;iDNES.cz<a href=\"https:\/\/news.google.com\/rss\/articles\/CBMizAFBVV95cUxOMFk5TUhhTDhfZDZhbVUtVjNOUTBySC05RFQxTjl2NU1Hajkwd3NlTy1aUmVPR2RKbG8wcDBKaG1ZbHd0Q19lWXl0Y2stV3lsT05WbmhzYVN0bnhNSGVia0E2VmpzRjN6eEpwTGtpYndZRDVpUmthRXJMd19vMzhHNzJCSnJ4aktRN2V1MHN0cFpieTV1VHpoc19oUEl1X1VXRUZvaXRTRWltWEI4VFQ2VktHV0FYM0xxVDNxWmpiNy13dnZ2YllYQ2xyeU0?oc=5\" target=\"_blank\" rel=\"nofollow noopener\">MS fotbal | Vzpoura t\u00fdmu p\u0159ed kl\u00ed\u010dov\u00fdm z\u00e1pasem na MS. Hr\u00e1\u010di nab\u011bhli na tren\u00e9ra, ten je ale p\u0159ekvapil<\/a>&nbsp;&nbsp;Sport.cz<a href=\"https:\/\/news.google.com\/rss\/articles\/CBMirwFBVV95cUxOUExIVHpoczRZbUtZMkROVzlKUzFVcVNtYVg1ZE82ZFBwMHB4NmlKZ1BFUVBYb1Rlc1J5b0g0OXM1a1lqNXNlSDBlZ3hhQTB6TURPNTl4V2NqNENmbF9OQ2dCX0VkY3BXQXFJSDIyUWVvWk9mYnNfWTJqblh0T3IwcHl2SnJqb3RycUVCN0FOZTJYQW1FRVJwZnh3MnVUaXNIa29vdmZRVTJNTFUzRG5J?oc=5\" target=\"_blank\" rel=\"nofollow noopener\">MS fotbal | \u0160pan\u011blsko chce udr\u017eet prvn\u00ed m\u00edsto, Uruguay bude odvracet vy\u0159azen\u00ed<\/a>&nbsp;&nbsp;Sport.cz<a href=\"https:\/\/news.google.com\/rss\/articles\/CBMigAFBVV95cUxNMFB0SDFHTm9CVFRhNXI2WE82UkZkNEhnN2Y1SDZoT0I0T3B6MVRWUmRzbEE4c2pyZEFpRnpIUDNheXpMVVUxX0VWRWRiSlZRVFVENlptNFd0QW1TRUYwVlBZYk9jbl9zZF9VemowcXctMlZueFJ1ckZlOVFPYWtSOA?oc=5\" target=\"_blank\" rel=\"nofollow noopener\">Uruguay &#8211; \u0160pan\u011blsko \u2013 Kurzy Fotbal &#8211; MS 2026 | Fortuna Kurzy &#8211; S\u00e1zkov\u00e1 kancel\u00e1\u0159 online<\/a>&nbsp;&nbsp;Fortuna<a href=\"https:\/\/news.google.com\/rss\/articles\/CBMiowFBVV95cUxQOFJnSjBWaUJ6X2pGZFJkTmVWSHRXX1dIZl9yaFRGS1FvWnJVdWtrZXYxYS1wOHpENHNsZ1NVWkxvZFlhaGNxaVJNX0NtblZJQ2FMQkIzV2M1MEJyZ1NkdFZXam5qbC0zYmxMV0FyT3czNklaRmFOdUM3dmtEOHhTZ1FUdGRpa01MWXJyZFMzYUFJeHBQY3Bra2lra1c1dnVsOExN?oc=5\" target=\"_blank\" rel=\"nofollow noopener\">Kde sledovat Uruguay vs \u0160pan\u011blsko [27.6.] live stream \u017eiv\u011b: MS 2026<\/a>&nbsp;&nbsp;Ruik<\/p>\n","protected":false},"excerpt":{"rendered":"Rozkol v kabin\u011b. Uruguay\u0161t\u00ed hr\u00e1\u010di se bou\u0159\u00ed proti tren\u00e9rovi, t\u011bsn\u011b p\u0159ed kl\u00ed\u010dovou bitvou&nbsp;&nbsp;iDNES.czMS fotbal | Vzpoura t\u00fdmu p\u0159ed&hellip;\n","protected":false},"author":2,"featured_media":130515,"comment_status":"","ping_status":"","sticky":false,"template":"","format":"standard","meta":{"footnotes":"","_share_on_mastodon":"0"},"categories":[15],"tags":[33423,31249,94,93,5761,35559],"class_list":["post-130514","post","type-post","status-publish","format-standard","has-post-thumbnail","category-sport","tag-marcelo-bielsa","tag-ms-ve-fotbale-2026","tag-sport","tag-sports","tag-uruguay","tag-uruguay-na-ms-ve-fotbale-2026"],"share_on_mastodon":{"url":"https:\/\/pubeurope.com\/@cz\/116817266502939790","error":""},"_links":{"self":[{"href":"https:\/\/www.europesays.com\/cz\/wp-json\/wp\/v2\/posts\/130514","targetHints":{"allow":["GET"]}}],"collection":[{"href":"https:\/\/www.europesays.com\/cz\/wp-json\/wp\/v2\/posts"}],"about":[{"href":"https:\/\/www.europesays.com\/cz\/wp-json\/wp\/v2\/types\/post"}],"author":[{"embeddable":true,"href":"https:\/\/www.europesays.com\/cz\/wp-json\/wp\/v2\/users\/2"}],"replies":[{"embeddable":true,"href":"https:\/\/www.europesays.com\/cz\/wp-json\/wp\/v2\/comments?post=130514"}],"version-history":[{"count":0,"href":"https:\/\/www.europesays.com\/cz\/wp-json\/wp\/v2\/posts\/130514\/revisions"}],"wp:featuredmedia":[{"embeddable":true,"href":"https:\/\/www.europesays.com\/cz\/wp-json\/wp\/v2\/media\/130515"}],"wp:attachment":[{"href":"https:\/\/www.europesays.com\/cz\/wp-json\/wp\/v2\/media?parent=130514"}],"wp:term":[{"taxonomy":"category","embeddable":true,"href":"https:\/\/www.europesays.com\/cz\/wp-json\/wp\/v2\/categories?post=130514"},{"taxonomy":"post_tag","embeddable":true,"href":"https:\/\/www.europesays.com\/cz\/wp-json\/wp\/v2\/tags?post=130514"}],"curies":[{"name":"wp","href":"https:\/\/api.w.org\/{rel}","templated":true}]}}