{"id":130584,"date":"2026-06-26T16:59:16","date_gmt":"2026-06-26T16:59:16","guid":{"rendered":"https:\/\/www.europesays.com\/cz\/130584\/"},"modified":"2026-06-26T16:59:16","modified_gmt":"2026-06-26T16:59:16","slug":"ms-fotbal-spanelsko-chce-udrzet-prvni-misto-uruguay-bude-odvracet-vyrazeni","status":"publish","type":"post","link":"https:\/\/www.europesays.com\/cz\/130584\/","title":{"rendered":"MS fotbal | \u0160pan\u011blsko chce udr\u017eet prvn\u00ed m\u00edsto, Uruguay bude odvracet vy\u0159azen\u00ed"},"content":{"rendered":"<p class=\"b_bE\">\u0160pan\u011blsko na \u00favod \u0161ampion\u00e1tu remizovalo s\u00a0Kapverdy 0:0, nicm\u00e9n\u011b pot\u00e9 v\u00a0pohod\u011b p\u0159ejelo 4:0\u00a0Sa\u00fadskou Ar\u00e1bii a\u00a0je prvn\u00ed. K\u00a0triumfu ve skupin\u011b, ke kter\u00e9mu by mu s\u00a0velkou pravd\u011bpodobnost\u00ed sta\u010dila i\u00a0rem\u00edza, m\u00e1 bl\u00edzko.<\/p>\n<p class=\"b_bE\">Naopak Uruguay, kter\u00e1 zat\u00edm po\u010d\u00edt\u00e1 dv\u011b rem\u00edzy, odvrac\u00ed vy\u0159azen\u00ed z\u00a0turnaje a\u00a0posledn\u00ed mistry Evropy pot\u0159ebuje porazit. P\u0159\u00edpadn\u00fd dal\u0161\u00ed nerozhodn\u00fd v\u00fdsledek m\u016f\u017ee b\u00fdt m\u00e1lo. Nav\u00edc pros\u00e1kly informace o\u00a0\u0161patn\u00e9 n\u00e1lad\u011b v\u00a0t\u00fdmu a\u00a0revolt\u011b n\u011bkter\u00fdch hr\u00e1\u010d\u016f sm\u011brem k\u00a0tren\u00e9rovi Marcelu Bielsovi.<\/p>\n<p><a data-dot=\"atm-link\" target=\"_self\" href=\"https:\/\/www.sport.cz\/clanek\/fotbal-ms-kapverdy-chteji-dokonat-prekvapeni-nastoupi-proti-saudske-arabii-5490019\" class=\"b_V g_ij\" rel=\"nofollow noopener\"><img height=\"1514\" width=\"2018\" src=\"https:\/\/www.europesays.com\/cz\/wp-content\/uploads\/2026\/06\/sport-fotbal-kapverdy-vozinha.jpeg\" loading=\"lazy\" decoding=\"async\" class=\"b_B b_z b_t\"\/><\/a><\/p>\n<p class=\"b_bE\">Ve druh\u00e9m utk\u00e1n\u00ed t\u00e9to skupiny se ve stejn\u00fd \u010das st\u0159etnou Kapverdy a\u00a0Sa\u00fadsk\u00e1 Ar\u00e1bie.<\/p>\n<p>MS ve fotbale 2026<\/p>\n<p class=\"b_bE\">T\u0159iadvac\u00e1t\u00e9 <a data-dot=\"atm-link\" target=\"_blank\" href=\"https:\/\/www.sport.cz\/sekce\/fotbal-ms-879\" class=\"b_V\" rel=\"nofollow noopener\">mistrovstv\u00ed sv\u011bta ve fotbale<\/a> se kon\u00e1 od 11.\u00a0\u010dervna do 19.\u00a0\u010dervence 2026.\u00a0Poprv\u00e9 v\u00a0historii ho host\u00ed t\u0159i zem\u011b &#8211; USA, Kanada a\u00a0Mexiko. Titul sv\u011btov\u00fdch \u0161ampion\u016f obhajuje Argentina, po 20\u00a0letech se turnaje \u00fa\u010dastnilo tak\u00e9 \u010cesko, vypadlo ale u\u017e v\u00a0z\u00e1kladn\u00ed skupin\u011b.<\/p>\n<p><a data-dot=\"atm-link\" target=\"_self\" href=\"https:\/\/www.sport.cz\/clanek\/fotbal-ms-vzpoura-tymu-pred-klicovym-zapasem-na-ms-hraci-nabehli-na-trenera-ten-je-ale-prekvapil-5489990\" class=\"b_V g_ij\" rel=\"nofollow noopener\"><img height=\"2124\" width=\"2833\" src=\"https:\/\/www.europesays.com\/cz\/wp-content\/uploads\/2026\/06\/1782493156_522_fotbal-uruguay.jpeg\" loading=\"lazy\" decoding=\"async\" class=\"b_B b_z b_t\"\/><\/a><\/p>\n","protected":false},"excerpt":{"rendered":"\u0160pan\u011blsko na \u00favod \u0161ampion\u00e1tu remizovalo s\u00a0Kapverdy 0:0, nicm\u00e9n\u011b pot\u00e9 v\u00a0pohod\u011b p\u0159ejelo 4:0\u00a0Sa\u00fadskou Ar\u00e1bii a\u00a0je prvn\u00ed. K\u00a0triumfu ve skupin\u011b,&hellip;\n","protected":false},"author":2,"featured_media":130585,"comment_status":"","ping_status":"","sticky":false,"template":"","format":"standard","meta":{"footnotes":"","_share_on_mastodon":"0"},"categories":[15],"tags":[326,1275,950,94,93,5761],"class_list":["post-130584","post","type-post","status-publish","format-standard","has-post-thumbnail","category-sport","tag-fotbal","tag-mistrovstvi-sveta-ve-fotbale","tag-spanelsko","tag-sport","tag-sports","tag-uruguay"],"share_on_mastodon":{"url":"https:\/\/pubeurope.com\/@cz\/116817478561585242","error":""},"_links":{"self":[{"href":"https:\/\/www.europesays.com\/cz\/wp-json\/wp\/v2\/posts\/130584","targetHints":{"allow":["GET"]}}],"collection":[{"href":"https:\/\/www.europesays.com\/cz\/wp-json\/wp\/v2\/posts"}],"about":[{"href":"https:\/\/www.europesays.com\/cz\/wp-json\/wp\/v2\/types\/post"}],"author":[{"embeddable":true,"href":"https:\/\/www.europesays.com\/cz\/wp-json\/wp\/v2\/users\/2"}],"replies":[{"embeddable":true,"href":"https:\/\/www.europesays.com\/cz\/wp-json\/wp\/v2\/comments?post=130584"}],"version-history":[{"count":0,"href":"https:\/\/www.europesays.com\/cz\/wp-json\/wp\/v2\/posts\/130584\/revisions"}],"wp:featuredmedia":[{"embeddable":true,"href":"https:\/\/www.europesays.com\/cz\/wp-json\/wp\/v2\/media\/130585"}],"wp:attachment":[{"href":"https:\/\/www.europesays.com\/cz\/wp-json\/wp\/v2\/media?parent=130584"}],"wp:term":[{"taxonomy":"category","embeddable":true,"href":"https:\/\/www.europesays.com\/cz\/wp-json\/wp\/v2\/categories?post=130584"},{"taxonomy":"post_tag","embeddable":true,"href":"https:\/\/www.europesays.com\/cz\/wp-json\/wp\/v2\/tags?post=130584"}],"curies":[{"name":"wp","href":"https:\/\/api.w.org\/{rel}","templated":true}]}}