{"id":130955,"date":"2026-06-27T06:06:14","date_gmt":"2026-06-27T06:06:14","guid":{"rendered":"https:\/\/www.europesays.com\/cz\/130955\/"},"modified":"2026-06-27T06:06:14","modified_gmt":"2026-06-27T06:06:14","slug":"ms-fotbal-trpky-konec-veterana-na-ms-po-hrube-minele-si-brankar-rekl-o-stridani","status":"publish","type":"post","link":"https:\/\/www.europesays.com\/cz\/130955\/","title":{"rendered":"MS fotbal | Trpk\u00fd konec veter\u00e1na na MS. Po hrub\u00e9 minele si brank\u00e1\u0159 \u0159ekl o\u00a0st\u0159\u00edd\u00e1n\u00ed"},"content":{"rendered":"<p class=\"b_bE\">Prob\u00edhala 42.\u00a0minuta, kdy\u017e si \u0161pan\u011blsk\u00fd k\u0159\u00eddeln\u00edk \u00c1lex Baena v\u00a0pokutov\u00e9m \u00fazem\u00ed p\u0159ipravil m\u00ed\u010d a\u00a0vyst\u0159elil. Nep\u0159\u00edli\u0161 razantn\u011b. Jen\u017ee balon p\u0159ed padaj\u00edc\u00edm Muslerou tro\u0161ku sko\u010dil a\u00a0velezku\u0161en\u00fd g\u00f3lman ho nezkrotil. Rukama ho jen nadzvedl a\u00a0pak se jen smutn\u011b oto\u010dil, jak zapadl do s\u00edt\u011b. \u201eAsi se mu to moc nepovedlo. Pos\u00edl\u00e1m mu podporu, bude to pro n\u011bj t\u011b\u017ek\u00e9,\u201c prohl\u00e1sil autor g\u00f3lu Baena.<\/p>\n<p class=\"b_bE\">\u201eNikdy jsem se neskr\u00fdval, v\u017edy jsem se cht\u011bl uk\u00e1zat. Nikdy bych si nemyslel, \u017ee budu kv\u016fli tomuto sportu tolik trp\u011bt, zvl\u00e1\u0161\u0165 kdy\u017e si vezmu, kolik pr\u00e1ce jsem odvedl a\u00a0jak jsem se p\u0159ipravoval. Kdy\u017e u\u017e byli kluci v\u00a0\u0161atn\u011b trochu klidn\u011bj\u0161\u00ed, \u0159ekl jsem jim, \u017ee jsem nem\u011bl dobr\u00fd den na mistrovstv\u00ed sv\u011bta. Omluvil jsem se jim a\u00a0omlouv\u00e1m se i\u00a0v\u0161em Uruguayc\u016fm, i\u00a0kdy\u017e to nesta\u010d\u00ed. Te\u010f pot\u0159ebuji b\u00fdt se sv\u00fdmi nejbli\u017e\u0161\u00edmi a\u00a0nabrat energii,\u201c \u0159ekl Muslera.<\/p>\n<p lang=\"cs\" dir=\"ltr\">\ud83d\udea8 Fernando Muslera nepro\u017e\u00edv\u00e1 ide\u00e1ln\u00ed mistrovstv\u00ed sv\u011bta. \u010cty\u0159icetilet\u00fd brank\u00e1\u0159 \ud83e\udde4 op\u011bt chyboval, tentokr\u00e1t daroval g\u00f3l \u00c1lexi Baenovi ze \u0160pan\u011blska. Uruguay i proto prohr\u00e1v\u00e1 v polo\u010dase 0:1. \ud83c\uddfa\ud83c\uddfe\u26bd\ufe0f\ud83c\uddea\ud83c\uddf8<\/p>\n<p>V\u00edce \ud83d\udc49 <a href=\"https:\/\/t.co\/Ra6XaYy1OJ\" rel=\"nofollow\">https:\/\/t.co\/Ra6XaYy1OJ<\/a> <a href=\"https:\/\/t.co\/RPpWEag6ZM\" rel=\"nofollow\">pic.twitter.com\/RPpWEag6ZM<\/a><\/p>\n<p>\u2014 \u010cT sport (@sportCT) <a href=\"https:\/\/x.com\/sportCT\/status\/2070674739530457332?ref_src=twsrc%5Etfw\" rel=\"nofollow\">June 27, 2026<\/a><\/p>\n<p class=\"b_bE\">Uruguaysk\u00e1 legenda, kter\u00e1 hr\u00e1la sv\u00e9 137.\u00a0reprezenta\u010dn\u00ed utk\u00e1n\u00ed, dochytala prvn\u00ed polo\u010das a\u00a0do druh\u00e9ho u\u017e nenastoupila. \u201eNebylo to moje rozhodnut\u00ed, Fernando si o\u00a0st\u0159\u00edd\u00e1n\u00ed \u0159ekl s\u00e1m,\u201c vysv\u011btlil pak argentinsk\u00fd tren\u00e9r Uruguayc\u016f Marcelo Bielsa, pro\u010d \u0161el do hry Sergio Rochet.<\/p>\n<p><a data-dot=\"atm-link\" href=\"https:\/\/www.sport.cz\/clanek\/fotbal-ms-spanelsko-chce-udrzet-prvni-misto-uruguay-bude-odvracet-vyrazeni-5490018\" class=\"b_V g_is\" rel=\"nofollow noopener\" target=\"_blank\"><img width=\"95\" height=\"95\" src=\"https:\/\/www.europesays.com\/cz\/wp-content\/uploads\/2026\/06\/flaBz.png\" loading=\"eager\" decoding=\"sync\" class=\"b_B b_z mol-timeline-item_teams__team-logo\"\/><img width=\"95\" height=\"95\" src=\"https:\/\/www.europesays.com\/cz\/wp-content\/uploads\/2026\/06\/1782078550_362_flJB4.png\" loading=\"eager\" decoding=\"sync\" class=\"b_B b_z mol-timeline-item_teams__team-logo\"\/><\/a><\/p>\n<p class=\"b_bE\">\u201eTo st\u0159\u00edd\u00e1n\u00ed se mi nel\u00edbilo. Ale pokud se takto rozhodl s\u00e1m Fernando, tak m\u011b to vzhledem k\u00a0jeho zku\u0161enostem a\u00a0v\u0161emu, co m\u00e1 za sebou, p\u0159ekvapuje. P\u0159ijde mi zvl\u00e1\u0161tn\u00ed, \u017ee by se tak slo\u017eil. Ale mo\u017en\u00e1 se c\u00edtil zodpov\u011bdn\u00fd za v\u00fdsledek, \u017ee si \u0159ekl, \u017ee bude nejlep\u0161\u00ed po\u017e\u00e1dat o\u00a0st\u0159\u00edd\u00e1n\u00ed. Budeme se muset dozv\u011bd\u011bt je\u0161t\u011b v\u00edc, ale je mi ho opravdu moc l\u00edto. Je to nep\u0159\u00edjemn\u00e1 situace, jako b\u00fdval\u00fd brank\u00e1\u0159 s\u00a0n\u00edm souc\u00edt\u00edm,\u201c \u0159ekl pro DAZN n\u011bkdej\u0161\u00ed v\u00fdborn\u00fd \u0161pan\u011blsk\u00fd g\u00f3lman Pepe Reina.<\/p>\n<p class=\"b_bE\">Muslera byl na p\u00e1t\u00e9m mistrovstv\u00ed sv\u011bta, chytal na \u0161ampion\u00e1tech v\u00a0letech 2010, 2014, 2018\u00a0a\u00a0na aktu\u00e1ln\u00edm turnaji, v\u00a0roce 2022\u00a0byl n\u00e1hradn\u00edkem. S\u00a0reprezentac\u00ed u\u017e se rozlou\u010dil v\u00a0dubnu 2024, ale letos na ja\u0159e se do n\u00ed vr\u00e1til.<\/p>\n<p class=\"b_bE\">Pro \u0161ampion\u00e1t se stal jedni\u010dkou, jen\u017ee ten se mu v\u016fbec nepovedl. Nebyl jist\u00fd, tropil chyby, kter\u00fdmi sr\u00e1\u017eel mu\u017estvo. U\u017e v\u00a0prvn\u00edm utk\u00e1n\u00ed se Sa\u00fadskou Ar\u00e1bi\u00ed (1:1) inkasovala Uruguay branku po jeho nejist\u00e9m z\u00e1kroku. Je\u0161t\u011b h\u016f\u0159 si vedl n\u00e1sledn\u011b proti Kapverd\u00e1m, kdy nejprve dostal g\u00f3l po st\u0159ele z\u00a0d\u00e1lky. Pot\u00e9 nesmysln\u011b vyb\u011bhl, m\u00ed\u010d neodehr\u00e1l a\u00a0nechal soupe\u0159i \u00fapln\u011b volnou br\u00e1nu. A\u00a0jak bylo pops\u00e1no, minelu sp\u00e1chal i\u00a0proti \u0160pan\u011blsku (0:1).<\/p>\n<p><a data-dot=\"atm-link\" target=\"_self\" href=\"https:\/\/www.sport.cz\/clanek\/fotbal-ms-kapverdy-chteji-dokonat-prekvapeni-nastoupi-proti-saudske-arabii-5490019\" class=\"b_V g_ij\" rel=\"nofollow noopener\"><img fetchpriority=\"high\" height=\"2730\" width=\"3641\" src=\"https:\/\/www.europesays.com\/cz\/wp-content\/uploads\/2026\/06\/83b1.jpeg\" loading=\"eager\" decoding=\"sync\" class=\"b_B b_z\"\/><\/a><\/p>\n<p class=\"b_bE\">\u201eJe to krut\u00e9 pro takovou legendu, kter\u00e1 se vr\u00e1tila do t\u00fdmu, aby mohla znovu hr\u00e1t na mistrovstv\u00ed sv\u011bta. Ale Muslera m\u011bl b\u011bhem cel\u00e9ho turnaje chv\u00edle, kdy se tr\u00e1pil. Nemohl ho tren\u00e9r vyndat ze sestavy p\u0159ed druh\u00fdm, nebo t\u0159et\u00edm z\u00e1pasem?\u201c konstatoval pro ITV b\u00fdval\u00fd anglick\u00fd k\u0159\u00eddeln\u00edk Andros Townsend.<\/p>\n<p class=\"b_bE\">Bielsa si za sv\u00fdm krokem povolat a\u00a0nechat chytat Musleru st\u00e1l. \u201eTo rozhodnut\u00ed bylo velmi dob\u0159e promy\u0161len\u00e9. Bral jsem v\u00a0potaz v\u0161echny okolnosti. Nem\u016f\u017eu zpochybnit, jak se Musler\u016fv v\u00fdkon na \u0161ampion\u00e1tu bude hodnotit, ale mysl\u00edm si, \u017ee je to skv\u011bl\u00fd brank\u00e1\u0159, kter\u00fd pro\u017eil v\u00fdbornou sezonu (v argentinsk\u00e9m Estudiantes). Je velkou osobnost\u00ed, m\u00e1 charakter. Nic jsem neud\u011blal kv\u016fli tomu, abych ho srazil, ale abych ho podr\u017eel,\u201c \u0159ekl Bielsa.<\/p>\n<p class=\"b_bE\">Muslera ale Uruguay nedr\u017eel, a\u00a0proto cel\u00e1 v\u00fdprava nyn\u00ed bal\u00ed kufry a\u00a0polet\u00ed dom\u016f.<\/p>\n<p><a data-dot=\"atm-link\" target=\"_self\" href=\"https:\/\/www.sport.cz\/clanek\/fotbal-ms-konec-koubka-neni-tema-prohlasil-sef-fotbalu-5490220\" class=\"b_V g_ij\" rel=\"nofollow noopener\"><img height=\"705\" width=\"940\" src=\"https:\/\/www.europesays.com\/cz\/wp-content\/uploads\/2026\/06\/1782540374_1_4277.jpeg\" loading=\"eager\" decoding=\"sync\" class=\"b_B b_z\"\/><\/a><script async src=\"https:\/\/platform.twitter.com\/widgets.js\" charset=\"utf-8\"><\/script><\/p>\n","protected":false},"excerpt":{"rendered":"Prob\u00edhala 42.\u00a0minuta, kdy\u017e si \u0161pan\u011blsk\u00fd k\u0159\u00eddeln\u00edk \u00c1lex Baena v\u00a0pokutov\u00e9m \u00fazem\u00ed p\u0159ipravil m\u00ed\u010d a\u00a0vyst\u0159elil. Nep\u0159\u00edli\u0161 razantn\u011b. Jen\u017ee balon p\u0159ed&hellip;\n","protected":false},"author":2,"featured_media":130956,"comment_status":"","ping_status":"","sticky":false,"template":"","format":"standard","meta":{"footnotes":"","_share_on_mastodon":"0"},"categories":[15],"tags":[326,1275,950,94,93,5761],"class_list":["post-130955","post","type-post","status-publish","format-standard","has-post-thumbnail","category-sport","tag-fotbal","tag-mistrovstvi-sveta-ve-fotbale","tag-spanelsko","tag-sport","tag-sports","tag-uruguay"],"share_on_mastodon":{"url":"https:\/\/pubeurope.com\/@cz\/116820573277409421","error":""},"_links":{"self":[{"href":"https:\/\/www.europesays.com\/cz\/wp-json\/wp\/v2\/posts\/130955","targetHints":{"allow":["GET"]}}],"collection":[{"href":"https:\/\/www.europesays.com\/cz\/wp-json\/wp\/v2\/posts"}],"about":[{"href":"https:\/\/www.europesays.com\/cz\/wp-json\/wp\/v2\/types\/post"}],"author":[{"embeddable":true,"href":"https:\/\/www.europesays.com\/cz\/wp-json\/wp\/v2\/users\/2"}],"replies":[{"embeddable":true,"href":"https:\/\/www.europesays.com\/cz\/wp-json\/wp\/v2\/comments?post=130955"}],"version-history":[{"count":0,"href":"https:\/\/www.europesays.com\/cz\/wp-json\/wp\/v2\/posts\/130955\/revisions"}],"wp:featuredmedia":[{"embeddable":true,"href":"https:\/\/www.europesays.com\/cz\/wp-json\/wp\/v2\/media\/130956"}],"wp:attachment":[{"href":"https:\/\/www.europesays.com\/cz\/wp-json\/wp\/v2\/media?parent=130955"}],"wp:term":[{"taxonomy":"category","embeddable":true,"href":"https:\/\/www.europesays.com\/cz\/wp-json\/wp\/v2\/categories?post=130955"},{"taxonomy":"post_tag","embeddable":true,"href":"https:\/\/www.europesays.com\/cz\/wp-json\/wp\/v2\/tags?post=130955"}],"curies":[{"name":"wp","href":"https:\/\/api.w.org\/{rel}","templated":true}]}}