{"id":130959,"date":"2026-06-27T06:15:10","date_gmt":"2026-06-27T06:15:10","guid":{"rendered":"https:\/\/www.europesays.com\/cz\/130959\/"},"modified":"2026-06-27T06:15:10","modified_gmt":"2026-06-27T06:15:10","slug":"nocni-mura-brankare-muslery-po-dalsi-chybe-stridal-uz-o-polocase-idnes-cz","status":"publish","type":"post","link":"https:\/\/www.europesays.com\/cz\/130959\/","title":{"rendered":"No\u010dn\u00ed m\u016fra brank\u00e1\u0159e Muslery, po dal\u0161\u00ed chyb\u011b st\u0159\u00eddal u\u017e o polo\u010dase &#8211; iDNES.cz"},"content":{"rendered":"<p><a href=\"https:\/\/news.google.com\/rss\/articles\/CBMi6AFBVV95cUxQS1R2RHZmYkp4NXNuNEkwLWVMazdxeXU1WlpjcDFGaXFBTGcyLVdMX3RQdWhybkFQcnRfNlZIRUdKb0NScXZpdnBxMXBOQ2ZQVE9iQU0tMWJ1bkZUMzdRazlpeExWVE5oNlp6QmRETV9JYW1oVDZNeThZc0JxQ0dxUlBNdF9MWURUdGV3UGNBSVpNa0MxTW1rUlpwUGYzZERnYkJEdElvQzdHSlc4c3FBU3hxRFRQcmd3VXcxdk9XTTZBQUNEeGpzYnF6U1hTRC1HMzZjdzBPMk1rU3Q0bHVFMXpZdmdvOXlN?oc=5\" target=\"_blank\" rel=\"nofollow noopener\">No\u010dn\u00ed m\u016fra brank\u00e1\u0159e Muslery, po dal\u0161\u00ed chyb\u011b st\u0159\u00eddal u\u017e o polo\u010dase<\/a>&nbsp;&nbsp;iDNES.cz<a href=\"https:\/\/news.google.com\/rss\/articles\/CBMitgFBVV95cUxNb1ZXT05XeXpkSEFXNWpFbFhOT1Q1R0RkX211LURYaHZEYUpCZkJSWURadmJFYlhvc3RFT1lGVzF2dkVNRFV1OGpfN25vU1hmTGhnNDBKTGZrVnJoTHlFYWNqdlBQc1lLTWNuei1VVlFrdHM1ZDdmM2N3M1B5SVFBc0xsSlJtOUowWkhHRTJDWXlBOGxvUFNwMVQwSUZFN0dHMVFOQzlvbUZYeXN0ckxvMklxR2Y0UQ?oc=5\" target=\"_blank\" rel=\"nofollow noopener\">MS fotbal | Trpk\u00fd konec veter\u00e1na na MS. Po hrub\u00e9 minele si brank\u00e1\u0159 \u0159ekl o st\u0159\u00edd\u00e1n\u00ed<\/a>&nbsp;&nbsp;Sport.cz<a href=\"https:\/\/news.google.com\/rss\/articles\/CBMirwFBVV95cUxOUzFzQ19WYmg5ZHRhYWxxZHdDc2h4N2gyS2lQX1laU0RzX21hV2NGNjE2TFR5cjZNeXF1WWU5ekhOa242VFVVMDFlWGxSOVZZc1JKWk9jX0hYOG83QTFZRlAwTVh5Vk9LUGZwWExrUEZUaXpWbW5IN3dIb05NRDZsNjE3TEcxZDg3STA1bjk4WHplUnljN25aZEJleWtMVENoZ2kxU0lzdGpWMVV5YzJr?oc=5\" target=\"_blank\" rel=\"nofollow noopener\">Smutn\u00fd konec Muslery i cel\u00e9 Uruguaye, po dal\u0161\u00ed chyb\u011b se nechal vyst\u0159\u00eddat<\/a>&nbsp;&nbsp;TN.cz<a href=\"https:\/\/news.google.com\/rss\/articles\/CBMihAFBVV95cUxNVnFwcTgwZkM3TC04WWl5WTZUdTBnTk1sa0NWRUFBU2txenFMc01RU3JXVTF1V1BZTVk2WEx2UUpBWVJvbVRsNXJJbEZVQVUtaWV0NlE3c2xTbEhIQXV2MkZwVHpwWV9IOEFwRlB6aXVIX0tzZEdIcnd2NzJfSFhQQ2pCRkM?oc=5\" target=\"_blank\" rel=\"nofollow noopener\">Bielsa se po \u0161okuj\u00edc\u00ed por\u00e1\u017ece Uruguaye rozzu\u0159il na novin\u00e1\u0159e.<\/a>&nbsp;&nbsp;Vietnam.vn<a href=\"https:\/\/news.google.com\/rss\/articles\/CBMi9wFBVV95cUxPWVlwTTZZcFlWLWVqNTVMSTBYR19TVXlGaGRKWUFiblZYSi1ydm5hY1VrcmlndjZaU1hiOU8tcTVTWlctZjZ0NlhUTTdDZHhod3dXR0Y1WFNZRlRoaUE0RWd3YW82T0dMaDFfQUtnRlE2OXZVVUpqRzl4bldRZWhxX0JZNEVpWHpfNDdDSzhEelVhMVZNY0VWQzNWVzhQbThKa1BtSFB3V2VZRThhYVBLRmMySWlwaE5sVjBIWW1TbE1oNUVJRFo5TGFLTmN0cmZ5bjR5eUsycTJyVHM5ajNJclo2Z0tYclYxZnNCZ1JXREJrOGR1NXFR?oc=5\" target=\"_blank\" rel=\"nofollow noopener\">Tren\u00e9r \u201e\u0160\u00edlenec\u201c bav\u00ed i dr\u00e1\u017ed\u00ed. Tepal hami\u017en\u00e9 \u0161\u00e9fy fotbalu, na fanou\u0161ky vyt\u00e1hl gran\u00e1t<\/a>&nbsp;&nbsp;Aktu\u00e1ln\u011b.cz<\/p>\n","protected":false},"excerpt":{"rendered":"No\u010dn\u00ed m\u016fra brank\u00e1\u0159e Muslery, po dal\u0161\u00ed chyb\u011b st\u0159\u00eddal u\u017e o polo\u010dase&nbsp;&nbsp;iDNES.czMS fotbal | Trpk\u00fd konec veter\u00e1na na MS.&hellip;\n","protected":false},"author":2,"featured_media":130960,"comment_status":"","ping_status":"","sticky":false,"template":"","format":"standard","meta":{"footnotes":"","_share_on_mastodon":"0"},"categories":[15],"tags":[31249,94,93,5761],"class_list":["post-130959","post","type-post","status-publish","format-standard","has-post-thumbnail","category-sport","tag-ms-ve-fotbale-2026","tag-sport","tag-sports","tag-uruguay"],"share_on_mastodon":{"url":"https:\/\/pubeurope.com\/@cz\/116820608723588296","error":""},"_links":{"self":[{"href":"https:\/\/www.europesays.com\/cz\/wp-json\/wp\/v2\/posts\/130959","targetHints":{"allow":["GET"]}}],"collection":[{"href":"https:\/\/www.europesays.com\/cz\/wp-json\/wp\/v2\/posts"}],"about":[{"href":"https:\/\/www.europesays.com\/cz\/wp-json\/wp\/v2\/types\/post"}],"author":[{"embeddable":true,"href":"https:\/\/www.europesays.com\/cz\/wp-json\/wp\/v2\/users\/2"}],"replies":[{"embeddable":true,"href":"https:\/\/www.europesays.com\/cz\/wp-json\/wp\/v2\/comments?post=130959"}],"version-history":[{"count":0,"href":"https:\/\/www.europesays.com\/cz\/wp-json\/wp\/v2\/posts\/130959\/revisions"}],"wp:featuredmedia":[{"embeddable":true,"href":"https:\/\/www.europesays.com\/cz\/wp-json\/wp\/v2\/media\/130960"}],"wp:attachment":[{"href":"https:\/\/www.europesays.com\/cz\/wp-json\/wp\/v2\/media?parent=130959"}],"wp:term":[{"taxonomy":"category","embeddable":true,"href":"https:\/\/www.europesays.com\/cz\/wp-json\/wp\/v2\/categories?post=130959"},{"taxonomy":"post_tag","embeddable":true,"href":"https:\/\/www.europesays.com\/cz\/wp-json\/wp\/v2\/tags?post=130959"}],"curies":[{"name":"wp","href":"https:\/\/api.w.org\/{rel}","templated":true}]}}