{"id":131005,"date":"2026-06-27T07:16:11","date_gmt":"2026-06-27T07:16:11","guid":{"rendered":"https:\/\/www.europesays.com\/cz\/131005\/"},"modified":"2026-06-27T07:16:11","modified_gmt":"2026-06-27T07:16:11","slug":"ms-fotbal-slavny-trener-po-prekvapivem-konci-na-ms-sjel-televizni-stab-pak-spustil-tvrdou-kritiku","status":"publish","type":"post","link":"https:\/\/www.europesays.com\/cz\/131005\/","title":{"rendered":"MS fotbal | Slavn\u00fd tren\u00e9r po p\u0159ekvapiv\u00e9m konci na MS sjel televizn\u00ed \u0161t\u00e1b. Pak spustil tvrdou kritiku"},"content":{"rendered":"<p class=\"b_bE\">Zklam\u00e1n\u00ed bylo na Bielsovi patrn\u00e9 u\u017e n\u011bkolik okam\u017eik\u016f po z\u00e1v\u011bre\u010dn\u00e9m hvizdu. Uruguay po dal\u0161\u00ed por\u00e1\u017ece p\u0159i\u0161la o\u00a0nad\u011bji na postup a\u00a0jej\u00ed cesta \u0161ampion\u00e1tem skon\u010dila u\u017e v\u00a0z\u00e1kladn\u00ed skupin\u011b. Kdy\u017e se pak argentinsk\u00fd kou\u010d postavil p\u0159ed televizn\u00ed kameru, za\u010d\u00e1tek rozhovoru se kv\u016fli p\u0159\u00edprav\u00e1m \u0161t\u00e1bu protahoval. Bielsa ztratil trp\u011blivost a\u00a0sm\u011brem k\u00a0lidem za kamerou zak\u0159i\u010del: \u201eTak u\u017e d\u011blejte!\u201c<\/p>\n<p class=\"b_bE\">B\u011bhem n\u00e1sledn\u00e9ho rozhovoru u\u017e mluvil p\u0159edev\u0161\u00edm o\u00a0v\u00fdkonu sv\u00e9ho mu\u017estva. \u201eNedok\u00e1zal jsem vyu\u017e\u00edt s\u00edlu, kterou Uruguay ve sv\u00fdch hr\u00e1\u010d\u00edch m\u011bla. Nedok\u00e1zal jsem z\u00a0individu\u00e1ln\u00ed kvality vytvo\u0159it mu\u017estvo, jeho\u017e v\u00fdkonnost by odpov\u00eddala \u00farovni jeho hr\u00e1\u010d\u016f,\u201c p\u0159iznal Bielsa.<\/p>\n<p class=\"b_bE\">Vysv\u011btlil tak\u00e9, pro\u010d v\u00a0pr\u016fb\u011bhu druh\u00e9ho polo\u010dasu vyst\u0159\u00eddal kapit\u00e1na Federica Valverdeho. \u201eCht\u011bl jsem pos\u00edlit. C\u00edlem bylo dost\u00e1vat se \u010dast\u011bji p\u0159ed branku,\u201c uvedl. Na dotaz, co si o\u00a0p\u0159est\u00e1vce \u0159ekl s\u00a0Fernandem Muslerou, odpov\u011bd\u011bl pouze: \u201eNic.\u201c Pozd\u011bji doplnil, \u017ee o\u00a0sv\u00e9m vyst\u0159\u00edd\u00e1n\u00ed rozhodl samotn\u00fd brank\u00e1\u0159. \u201eNebylo to moje rozhodnut\u00ed. Rozhodl se Muslera,\u201c \u0159ekl.<\/p>\n<p><a data-dot=\"atm-link\" target=\"_self\" href=\"https:\/\/www.sport.cz\/clanek\/fotbal-ms-trpky-konec-veterana-na-ms-po-hrube-minele-si-brankar-rekl-o-stridani-5490809\" class=\"b_V g_ij\" rel=\"nofollow noopener\"><img fetchpriority=\"high\" height=\"1459\" width=\"1946\" src=\"https:\/\/www.europesays.com\/cz\/wp-content\/uploads\/2026\/06\/1782544571_115_ae5d.jpeg\" loading=\"eager\" decoding=\"sync\" class=\"b_B b_z\"\/><\/a><\/p>\n<p class=\"b_bE\">Mnohem podrobn\u011bj\u0161\u00ed sebekritiku nab\u00eddl Bielsa na tiskov\u00e9 konferenci. \u201eHr\u00e1li jsme s\u00a0c\u00edlem z\u00edskat sedm bod\u016f a\u00a0z\u00edskali jsme dva. V\u00a0t\u00e9to v\u011bt\u011b je v\u00fdsledek m\u00e9 pr\u00e1ce,\u201c prohl\u00e1sil. Znovu tak\u00e9 p\u0159ipustil, \u017ee z\u00a0kvalitn\u00edho hr\u00e1\u010dsk\u00e9ho k\u00e1dru zkr\u00e1tka nevyt\u0159\u00edskal \u00fapln\u00e9 maximum. Ani zdaleka.<\/p>\n<p class=\"b_bE\">Za p\u0159\u00ednos nepova\u017eoval ani p\u0159edchoz\u00ed v\u00fdsledky, kter\u00fdch La Celeste b\u011bhem jeho p\u016fsoben\u00ed dos\u00e1hla. \u201eUruguaysk\u00e9mu fotbalu nezanech\u00e1v\u00e1m nic, proto\u017ee jak\u00fdkoliv p\u0159\u00ednos tren\u00e9ra se neuchyt\u00ed, pokud nep\u0159ijdou v\u00fdsledky. \u010ctvrt\u00e9 m\u00edsto v\u00a0kvalifikaci nem\u011blo hodnotu, t\u0159et\u00ed m\u00edsto na Cop\u011b Am\u00e9rica tak\u00e9 ne. Toto vystoupen\u00ed u\u017e ani nemus\u00edm hodnotit,\u201c \u0159ekl Bielsa.<\/p>\n<p class=\"b_bE\">\u201eJestli se m\u011b pt\u00e1te, jak bude moje p\u016fsoben\u00ed p\u0159ipom\u00edn\u00e1no, potom jako obdob\u00ed, kter\u00e9 nezanechalo nic,\u201c uzav\u0159el tren\u00e9r. Uruguay na turnaji remizovala se Sa\u00fadskou Ar\u00e1bi\u00ed a\u00a0Kapverdami, po por\u00e1\u017ece se \u0160pan\u011blskem skon\u010dila na \u0161ampion\u00e1tu u\u017e ve skupin\u011b s\u00a0pouh\u00fdmi dv\u011bma body.<\/p>\n<p>MS ve fotbale 2026<\/p>\n<p class=\"b_bE\">T\u0159iadvac\u00e1t\u00e9 <a data-dot=\"atm-link\" target=\"_blank\" href=\"https:\/\/www.sport.cz\/sekce\/fotbal-ms-879\" class=\"b_V\" rel=\"nofollow noopener\">mistrovstv\u00ed sv\u011bta ve fotbale<\/a> se kon\u00e1 od 11.\u00a0\u010dervna do 19.\u00a0\u010dervence 2026.\u00a0Poprv\u00e9 v\u00a0historii ho host\u00ed t\u0159i zem\u011b &#8211; USA, Kanada a\u00a0Mexiko. Titul sv\u011btov\u00fdch \u0161ampion\u016f obhajuje Argentina, po 20\u00a0letech se turnaje \u00fa\u010dastnilo tak\u00e9 \u010cesko, vypadlo ale u\u017e v\u00a0z\u00e1kladn\u00ed skupin\u011b.<\/p>\n","protected":false},"excerpt":{"rendered":"Zklam\u00e1n\u00ed bylo na Bielsovi patrn\u00e9 u\u017e n\u011bkolik okam\u017eik\u016f po z\u00e1v\u011bre\u010dn\u00e9m hvizdu. Uruguay po dal\u0161\u00ed por\u00e1\u017ece p\u0159i\u0161la o\u00a0nad\u011bji na&hellip;\n","protected":false},"author":2,"featured_media":131006,"comment_status":"","ping_status":"","sticky":false,"template":"","format":"standard","meta":{"footnotes":"","_share_on_mastodon":"0"},"categories":[10],"tags":[326,17,21,33423,1275,16,18,19,22,5761,20],"class_list":["post-131005","post","type-post","status-publish","format-standard","has-post-thumbnail","category-zpravy","tag-fotbal","tag-headlines","tag-hlavni-udalosti","tag-marcelo-bielsa","tag-mistrovstvi-sveta-ve-fotbale","tag-news","tag-top-news","tag-top-stories","tag-udalosti-dne","tag-uruguay","tag-zpravy"],"share_on_mastodon":{"url":"https:\/\/pubeurope.com\/@cz\/116820848717322921","error":""},"_links":{"self":[{"href":"https:\/\/www.europesays.com\/cz\/wp-json\/wp\/v2\/posts\/131005","targetHints":{"allow":["GET"]}}],"collection":[{"href":"https:\/\/www.europesays.com\/cz\/wp-json\/wp\/v2\/posts"}],"about":[{"href":"https:\/\/www.europesays.com\/cz\/wp-json\/wp\/v2\/types\/post"}],"author":[{"embeddable":true,"href":"https:\/\/www.europesays.com\/cz\/wp-json\/wp\/v2\/users\/2"}],"replies":[{"embeddable":true,"href":"https:\/\/www.europesays.com\/cz\/wp-json\/wp\/v2\/comments?post=131005"}],"version-history":[{"count":0,"href":"https:\/\/www.europesays.com\/cz\/wp-json\/wp\/v2\/posts\/131005\/revisions"}],"wp:featuredmedia":[{"embeddable":true,"href":"https:\/\/www.europesays.com\/cz\/wp-json\/wp\/v2\/media\/131006"}],"wp:attachment":[{"href":"https:\/\/www.europesays.com\/cz\/wp-json\/wp\/v2\/media?parent=131005"}],"wp:term":[{"taxonomy":"category","embeddable":true,"href":"https:\/\/www.europesays.com\/cz\/wp-json\/wp\/v2\/categories?post=131005"},{"taxonomy":"post_tag","embeddable":true,"href":"https:\/\/www.europesays.com\/cz\/wp-json\/wp\/v2\/tags?post=131005"}],"curies":[{"name":"wp","href":"https:\/\/api.w.org\/{rel}","templated":true}]}}