{"id":131838,"date":"2026-06-28T06:51:10","date_gmt":"2026-06-28T06:51:10","guid":{"rendered":"https:\/\/www.europesays.com\/cz\/131838\/"},"modified":"2026-06-28T06:51:10","modified_gmt":"2026-06-28T06:51:10","slug":"iran-v-noci-zautocil-na-kuvajt-a-bahrajn-je-to-odveta-za-udery-usa-tvrdi-idnes-cz","status":"publish","type":"post","link":"https:\/\/www.europesays.com\/cz\/131838\/","title":{"rendered":"\u00cdr\u00e1n v noci za\u00fato\u010dil na Kuvajt a Bahrajn. Je to odveta za \u00fadery USA, tvrd\u00ed &#8211; iDNES.cz"},"content":{"rendered":"<p><a href=\"https:\/\/news.google.com\/rss\/articles\/CBMivwFBVV95cUxNNTM1ZHBsYWNrSnVyNGY2WFEta0lLQWRiejJDNWRvb3FsZWlfZjdvdTJud1g4LTZrMHp4Ylp5TFVYY0ZUcHlyUnA0aGpReTYxZlhKVUtFWC1CeEdoeXJjcDMwY2FlbVp5dUZjRVA2eUpFV0U0VndRTzB2UGh2bkZfZDVqQmVqVVVUMHF2REtSS2dDZUgwbjlTaDM1TnU0YWc1cXJGSTNJWWEzeUZNcVI5WmhSZEYyZ3I2RWxKbUpuSQ?oc=5\" target=\"_blank\" rel=\"nofollow noopener\">\u00cdr\u00e1n v noci za\u00fato\u010dil na Kuvajt a Bahrajn. Je to odveta za \u00fadery USA, tvrd\u00ed<\/a>&nbsp;&nbsp;iDNES.cz<a href=\"https:\/\/news.google.com\/rss\/articles\/CBMi1gFBVV95cUxPMzNCQWlkVi02ZE9KUVEwLUpSOEpScVBhbTltaVZtZVJqX0dvY3gwYmlCeHJ0Tzl0R0R2NWI0Z0JTb3lYTUgzT1pOUkNLa0l3Z2NkWUtGSUNrVVZHaWVVMC1mYktGYXNZazJ2ekVvMWRmVlpud21sQjI1djQtUXZQUzh1TWJMUHhXeWJla1JaVjlyVUg5STFHd1kwenhOeldzVTNvaG5yNnItbl9EVmNFNl9mSHViVVA2d1YtVW9QWG1PVHFFLTlwZFZxMWd3QnJjeU93RUVn?oc=5\" target=\"_blank\" rel=\"nofollow noopener\">V Hormuzsk\u00e9m pr\u016flivu byl zasa\u017een dal\u0161\u00ed tanker, regionu hroz\u00ed vymknut\u00ed konfliktu z kontroly<\/a>&nbsp;&nbsp;E15.cz<a href=\"https:\/\/news.google.com\/rss\/articles\/CBMixAFBVV95cUxOMURHaHY4eEZtWmxBY0lIdVhWSjNsSk9uSDRkellTb3B4MVNieWFRMzB5Qi1jN1dGRk54VHJMNFhNbmJ5cy05eGkxUHdncnE2RDZzUTEzTV9aaXNwZ0w3QjJrVm9YZTZqNGY3RzFpVTVfMTBBNWZCbHVTcERGR04xcE5FVmNvZ3BOX2dNNXZfRUhDaHdFbmZoTUFKYXgxbXRxcTJISVAwNURha05Pb1dOdG1TVWZINUJwNjZpZktRbUxMWmsz?oc=5\" target=\"_blank\" rel=\"nofollow noopener\">\u00cdr\u00e1nsk\u00e9 revolu\u010dn\u00ed gardy hl\u00e1s\u00ed \u00fatok na americk\u00e9 z\u00e1kladny v regionu<\/a>&nbsp;&nbsp;Lidovky.cz<a href=\"https:\/\/news.google.com\/rss\/articles\/CBMiywFBVV95cUxOYU9wZV82SWhFNXBSU3FFQnB1YlcwOWpsYTVRRncxOFlxOGk4M0dzNUZnTkE2ckJFTzBkQzR4c3F2SWxwS0E4OFo1LWdMT29aa3lNZWRfOEltcFpGWGJjOXlvNzd4YXFlWjNWbW5icnNGSWFyWGR5MEFGNjAwOXJLWkt6djlLb0lrUW5hNENmanNvUWVFNXl3QmZxRmlUdkF2eDhSdHlLNks1eVZTU0JzakpNNW14d1dfMG5BQUMtZTg3V1Zac2FYOXdPaw?oc=5\" target=\"_blank\" rel=\"nofollow noopener\">USA a \u00cdr\u00e1n: Dohoda st\u00e1le plat\u00ed, ale ob\u011b strany jsou p\u0159ipraven\u00e9 pou\u017e\u00edt s\u00edlu, soud\u00ed Kraus<\/a>&nbsp;&nbsp;iROZHLAS<a href=\"https:\/\/news.google.com\/rss\/articles\/CBMiggFBVV95cUxNMmZKaTV6QUdBRzFnQXd1WnVlZGg3V1Z1ZTlESDVHZDJ6dDlqdDd4MUFZWEZmVWVGVkkxS3Y4VHd0czdRLWZGZllpOXhBS3Bha1RZNnVQclA0bC1aQmkyMWVZRTktNkwtMkhPbGpBSldRU2tZYUVhYk5sTFdSRDQtMWxn?oc=5\" target=\"_blank\" rel=\"nofollow noopener\">USA a \u00cdr\u00e1n na sebe v noci op\u011bt za\u00fato\u010dily<\/a>&nbsp;&nbsp;Novinky<\/p>\n","protected":false},"excerpt":{"rendered":"\u00cdr\u00e1n v noci za\u00fato\u010dil na Kuvajt a Bahrajn. Je to odveta za \u00fadery USA, tvrd\u00ed&nbsp;&nbsp;iDNES.czV Hormuzsk\u00e9m pr\u016flivu byl&hellip;\n","protected":false},"author":2,"featured_media":131839,"comment_status":"","ping_status":"","sticky":false,"template":"","format":"standard","meta":{"footnotes":"","_share_on_mastodon":"0"},"categories":[11],"tags":[7480,212,6387,808,7301,23855,54,53,52],"class_list":["post-131838","post","type-post","status-publish","format-standard","has-post-thumbnail","category-svet","tag-bahrajn","tag-donald-trump","tag-hormuzsky-pruliv","tag-iran","tag-kuvajt","tag-spojene-staty-americke","tag-svet","tag-world","tag-world-news"],"share_on_mastodon":{"url":"https:\/\/pubeurope.com\/@cz\/116826412541854778","error":""},"_links":{"self":[{"href":"https:\/\/www.europesays.com\/cz\/wp-json\/wp\/v2\/posts\/131838","targetHints":{"allow":["GET"]}}],"collection":[{"href":"https:\/\/www.europesays.com\/cz\/wp-json\/wp\/v2\/posts"}],"about":[{"href":"https:\/\/www.europesays.com\/cz\/wp-json\/wp\/v2\/types\/post"}],"author":[{"embeddable":true,"href":"https:\/\/www.europesays.com\/cz\/wp-json\/wp\/v2\/users\/2"}],"replies":[{"embeddable":true,"href":"https:\/\/www.europesays.com\/cz\/wp-json\/wp\/v2\/comments?post=131838"}],"version-history":[{"count":0,"href":"https:\/\/www.europesays.com\/cz\/wp-json\/wp\/v2\/posts\/131838\/revisions"}],"wp:featuredmedia":[{"embeddable":true,"href":"https:\/\/www.europesays.com\/cz\/wp-json\/wp\/v2\/media\/131839"}],"wp:attachment":[{"href":"https:\/\/www.europesays.com\/cz\/wp-json\/wp\/v2\/media?parent=131838"}],"wp:term":[{"taxonomy":"category","embeddable":true,"href":"https:\/\/www.europesays.com\/cz\/wp-json\/wp\/v2\/categories?post=131838"},{"taxonomy":"post_tag","embeddable":true,"href":"https:\/\/www.europesays.com\/cz\/wp-json\/wp\/v2\/tags?post=131838"}],"curies":[{"name":"wp","href":"https:\/\/api.w.org\/{rel}","templated":true}]}}