{"id":131946,"date":"2026-06-28T08:44:10","date_gmt":"2026-06-28T08:44:10","guid":{"rendered":"https:\/\/www.europesays.com\/cz\/131946\/"},"modified":"2026-06-28T08:44:10","modified_gmt":"2026-06-28T08:44:10","slug":"usa-bombardovaly-iran-ten-v-odvete-uderil-na-kuvajt-a-bahrajn","status":"publish","type":"post","link":"https:\/\/www.europesays.com\/cz\/131946\/","title":{"rendered":"USA bombardovaly \u00cdr\u00e1n, ten v\u00a0odvet\u011b ude\u0159il na Kuvajt a\u00a0Bahrajn"},"content":{"rendered":"<p class=\"c_bz\">\u201eSt\u00edhac\u00ed letouny americk\u00e9ho n\u00e1mo\u0159nictva a\u00a0letectva dnes v\u00a0noci provedly \u00fadery na 10\u00a0\u00edr\u00e1nsk\u00fdch vojensk\u00fdch c\u00edl\u016f na r\u016fzn\u00fdch m\u00edstech v\u00a0Hormuzsk\u00e9m pr\u016flivu a\u00a0v jeho okol\u00ed v\u00a0reakci na \u00edr\u00e1nsk\u00fd \u00fatok dronem na tanker Kiku,\u201c ozn\u00e1milo na s\u00edti <a data-dot=\"atm-link\" target=\"_blank\" rel=\"noopener nofollow\" href=\"https:\/\/x.com\/CENTCOM?lang=cs\" class=\"c_N\">X<\/a> americk\u00e9 velitelstv\u00ed vojensk\u00fdch sil CENTCOM.<\/p>\n<p class=\"c_bz\">\u00datoky podle velitelstv\u00ed zas\u00e1hly \u00edr\u00e1nskou vojenskou sledovac\u00ed infrastrukturu, komunika\u010dn\u00ed syst\u00e9my, objekty protivzdu\u0161n\u00e9 obrany, sklady dron\u016f a\u00a0kapacity pokl\u00e1d\u00e1n\u00ed min.<\/p>\n<p class=\"c_bz\">Americk\u00fd prezident Donald Trump dokonce pohrozil, \u017ee kv\u016fli nov\u00e9mu \u00edr\u00e1nsk\u00e9mu poru\u0161en\u00ed p\u0159\u00edm\u011b\u0159\u00ed budou mo\u017en\u00e1 muset USA ve v\u00e1lce pokra\u010dovat a\u017e do \u00fapln\u00e9ho pora\u017een\u00ed \u00cdr\u00e1nu. \u201ePokud se to stane, \u00cdr\u00e1nsk\u00e1 isl\u00e1msk\u00e1 republika p\u0159estane existovat,\u201c dodal na sv\u00e9 s\u00edti <a data-dot=\"atm-link\" target=\"_blank\" rel=\"noopener nofollow\" href=\"https:\/\/truthsocial.com\/@realDonaldTrump\/posts\/116824603632739697\" class=\"c_N\">Truth Social<\/a>.<\/p>\n<p class=\"c_bz\">\u00cdr\u00e1n nenechal americk\u00e9 \u00fatoky bez odpov\u011bdi, b\u011bhem brzk\u00fdch rann\u00edch hodin vyslal rakety i\u00a0drony na americk\u00e9 spojence Kuvajt a\u00a0Bahrajn. \u201eAmerick\u00fd re\u017eim nep\u0159ikl\u00e1d\u00e1 sv\u00fdm z\u00e1vazk\u016fm v\u016fbec \u017e\u00e1dnou hodnotu ani d\u016fv\u011bryhodnost a\u00a0\u017ee poru\u0161ov\u00e1n\u00ed p\u0159\u00edsah je sou\u010d\u00e1st\u00ed povahy tohoto re\u017eimu,\u201c obvinilo z\u00a0poru\u0161en\u00ed p\u0159\u00edm\u011b\u0159\u00ed \u00edr\u00e1nsk\u00e9 ministerstvo zahrani\u010d\u00ed USA, jak upozornila \u00edr\u00e1nsk\u00e1 polost\u00e1tn\u00ed agentura <a data-dot=\"atm-link\" target=\"_blank\" rel=\"noopener nofollow\" href=\"https:\/\/en.mehrnews.com\/news\/245676\/Iran-Foreign-Ministry-issues-statement-after-fresh-US-attacks\" class=\"c_N\">Mehr<\/a>.<\/p>\n<p class=\"c_bz\">\u00cdr\u00e1nsk\u00e9 revolu\u010dn\u00ed gardy ozn\u00e1mily \u00fadery na americk\u00e9 z\u00e1kladny v\u00a0regionu tak\u00e9 v\u00a0noci z\u00a0p\u00e1tku na sobotu v\u00a0reakci na p\u0159edchoz\u00ed americk\u00e9 \u00fatoky. Ty americk\u00e1 arm\u00e1da od\u016fvodnila p\u0159edchoz\u00edm \u010dtvrte\u010dn\u00edm \u00edr\u00e1nsk\u00fdm \u00fatokem na n\u00e1kladn\u00ed lo\u010f v\u00a0Hormuzsk\u00e9m pr\u016flivu.<\/p>\n<p><a data-dot=\"atm-link\" target=\"_self\" href=\"https:\/\/www.novinky.cz\/clanek\/zahranicni-blizky-a-stredni-vychod-dalsi-tanker-v-hormuzskem-prulivu-zasahl-projektil-40585370\" class=\"c_N\" rel=\"nofollow noopener\"><img fetchpriority=\"high\" height=\"2063\" width=\"3669\" src=\"https:\/\/www.europesays.com\/cz\/wp-content\/uploads\/2026\/06\/1782041592_954_doprava-namorni-doprava-hormuzsky-pruliv-iran.jpeg\" loading=\"eager\" decoding=\"sync\" class=\"c_t c_r\"\/><\/a><\/p>\n","protected":false},"excerpt":{"rendered":"\u201eSt\u00edhac\u00ed letouny americk\u00e9ho n\u00e1mo\u0159nictva a\u00a0letectva dnes v\u00a0noci provedly \u00fadery na 10\u00a0\u00edr\u00e1nsk\u00fdch vojensk\u00fdch c\u00edl\u016f na r\u016fzn\u00fdch m\u00edstech v\u00a0Hormuzsk\u00e9m pr\u016flivu&hellip;\n","protected":false},"author":2,"featured_media":131947,"comment_status":"","ping_status":"","sticky":false,"template":"","format":"standard","meta":{"footnotes":"","_share_on_mastodon":"0"},"categories":[11],"tags":[7480,212,353,808,7825,7301,54,113,53,52],"class_list":["post-131946","post","type-post","status-publish","format-standard","has-post-thumbnail","category-svet","tag-bahrajn","tag-donald-trump","tag-dronovy-utok","tag-iran","tag-konflikt-usa-izrael-iran","tag-kuvajt","tag-svet","tag-usa","tag-world","tag-world-news"],"share_on_mastodon":{"url":"https:\/\/pubeurope.com\/@cz\/116826856778245364","error":""},"_links":{"self":[{"href":"https:\/\/www.europesays.com\/cz\/wp-json\/wp\/v2\/posts\/131946","targetHints":{"allow":["GET"]}}],"collection":[{"href":"https:\/\/www.europesays.com\/cz\/wp-json\/wp\/v2\/posts"}],"about":[{"href":"https:\/\/www.europesays.com\/cz\/wp-json\/wp\/v2\/types\/post"}],"author":[{"embeddable":true,"href":"https:\/\/www.europesays.com\/cz\/wp-json\/wp\/v2\/users\/2"}],"replies":[{"embeddable":true,"href":"https:\/\/www.europesays.com\/cz\/wp-json\/wp\/v2\/comments?post=131946"}],"version-history":[{"count":0,"href":"https:\/\/www.europesays.com\/cz\/wp-json\/wp\/v2\/posts\/131946\/revisions"}],"wp:featuredmedia":[{"embeddable":true,"href":"https:\/\/www.europesays.com\/cz\/wp-json\/wp\/v2\/media\/131947"}],"wp:attachment":[{"href":"https:\/\/www.europesays.com\/cz\/wp-json\/wp\/v2\/media?parent=131946"}],"wp:term":[{"taxonomy":"category","embeddable":true,"href":"https:\/\/www.europesays.com\/cz\/wp-json\/wp\/v2\/categories?post=131946"},{"taxonomy":"post_tag","embeddable":true,"href":"https:\/\/www.europesays.com\/cz\/wp-json\/wp\/v2\/tags?post=131946"}],"curies":[{"name":"wp","href":"https:\/\/api.w.org\/{rel}","templated":true}]}}