{"id":131981,"date":"2026-06-28T09:18:12","date_gmt":"2026-06-28T09:18:12","guid":{"rendered":"https:\/\/www.europesays.com\/cz\/131981\/"},"modified":"2026-06-28T09:18:12","modified_gmt":"2026-06-28T09:18:12","slug":"ms-fotbal-po-propadaku-na-ms-musi-hraci-letet-domu-komercni-linkou-svaz-reaguje-na-spekulace","status":"publish","type":"post","link":"https:\/\/www.europesays.com\/cz\/131981\/","title":{"rendered":"MS fotbal | Po propad\u00e1ku na MS mus\u00ed hr\u00e1\u010di let\u011bt dom\u016f komer\u010dn\u00ed linkou. Svaz reaguje na spekulace"},"content":{"rendered":"<p class=\"b_bE\">Dovedete si to p\u0159edstavit v\u00a0\u010cesku? N\u00e1rodn\u00ed t\u00fdm vyho\u0159\u00ed na mistrovstv\u00ed sv\u011bta a\u00a0dom\u016f Ladislav Krej\u010d\u00ed, Patrik Schick nebo Tom\u00e1\u0161 Sou\u010dek nelet\u00ed speci\u00e1lem, ale b\u011b\u017en\u00fdmi linkami s\u00a0p\u0159estupy, kter\u00e9 spojuj\u00ed Dallas a\u00a0Prahu.<\/p>\n<p class=\"b_bE\">Na nezvykl\u00fd krok upozornila \u0159ada uruguaysk\u00fdch m\u00e9di\u00ed. Podle nich zru\u0161il n\u00e1rodn\u00ed fotbalov\u00fd svaz pl\u00e1novan\u00fd charterov\u00fd let ze z\u00e1kladny reprezentace v\u00a0mexick\u00e9m Playa del Carmen do metropole Montevidea a\u00a0hr\u00e1\u010di museli dom\u016f odcestovat b\u011b\u017enou komer\u010dn\u00ed linkou.<\/p>\n<p><a data-dot=\"atm-link\" target=\"_self\" href=\"https:\/\/www.sport.cz\/clanek\/podcasty-studio-ms-fotbal-dlouhodoba-frustrace-hvezd-cerny-kun-turnaje-totalne-vyhorel-5490813\" class=\"b_V g_ij\" rel=\"nofollow noopener\"><img fetchpriority=\"high\" height=\"1080\" width=\"1440\" src=\"https:\/\/www.europesays.com\/cz\/wp-content\/uploads\/2026\/06\/1782638291_967_studio-ms-fotbal.png\" loading=\"eager\" decoding=\"sync\" class=\"b_B b_z\"\/><\/a><\/p>\n<p class=\"b_bE\">Svaz v\u00a0ofici\u00e1ln\u00edm sd\u011blen\u00ed nezvykl\u00fd krok potvrdil, ale tak\u00e9 zd\u016fvodnil, pro\u010d se ze Severn\u00ed Ameriky odlet\u011bli Uruguayci standardn\u00edm spojem.<\/p>\n<p class=\"b_bE\">Nejedn\u00e1 se o\u00a0n\u00e1sledek n\u00e1hl\u00e9ho a\u00a0ne\u010dekan\u00e9ho vy\u0159azen\u00ed, vliv podle n\u011bj nem\u00e1 ani dusno v\u00a0kabin\u011b, o\u00a0\u010dem\u017e se psalo v\u00a0pr\u016fb\u011bhu turnaje. <\/p>\n<p class=\"b_bE\">\u201eCesta na turnaj vy\u017eadovala samostatn\u00fd charterov\u00fd let kv\u016fli velikosti v\u00fdpravy, kter\u00e1 \u010d\u00edtala v\u00edce ne\u017e 150\u00a0lid\u00ed, a\u00a0nutnosti p\u0159epravit p\u0159es p\u011bt tis\u00edc kilogram\u016f zavazadel a\u00a0vybaven\u00ed,\u201c vysv\u011btloval svaz. \u201eZp\u00e1te\u010dn\u00ed cesta v\u0161ak podle p\u016fvodn\u00edho pl\u00e1nu s\u00a0charterov\u00fdm letem nikdy nepo\u010d\u00edtala, proto\u017ee nebylo p\u0159edem zn\u00e1mo, odkud se bude delegace vracet.\u201c<\/p>\n<p class=\"b_bE\">A pokra\u010doval: \u201ePo skon\u010den\u00ed turnaje nav\u00edc velk\u00e1 \u010d\u00e1st \u010dlen\u016f v\u00fdpravy cestuje p\u0159\u00edmo do zem\u00ed, kde \u017eij\u00ed, aby se hr\u00e1\u010di mohli znovu p\u0159ipojit ke sv\u00fdm klub\u016fm. Po\u010det cestuj\u00edc\u00edch do Uruguaye se proto v\u00fdrazn\u011b sn\u00ed\u017eil. Zb\u00fdvaj\u00edc\u00ed \u010dlenov\u00e9 ofici\u00e1ln\u00ed delegace se za\u010dnou vracet dom\u016f od ned\u011ble b\u011b\u017en\u00fdmi komer\u010dn\u00edmi linkami, kter\u00e9 p\u0159edstavuj\u00ed nejrychlej\u0161\u00ed a\u00a0nejefektivn\u011bj\u0161\u00ed mo\u017enost pro jednotliv\u00e9 destinace. Do Uruguaye doraz\u00ed v\u00a0pond\u011bl\u00ed v\u00a0n\u011bkolika skupin\u00e1ch.\u201c<\/p>\n<p><a data-dot=\"atm-link\" target=\"_self\" href=\"https:\/\/www.sport.cz\/clanek\/podcasty-studio-ms-fotbal-afrika-ohromuje-u-evropskych-tymu-zivam-a-kroutim-hlavou-rika-karoch-5491619\" class=\"b_V g_ij\" rel=\"nofollow noopener\"><img height=\"1080\" width=\"1440\" src=\"https:\/\/www.europesays.com\/cz\/wp-content\/uploads\/2026\/06\/1782638292_729_studio-ms-fotbal.png\" loading=\"eager\" decoding=\"sync\" class=\"b_B b_z\"\/><\/a><\/p>\n<p class=\"b_bE\">V Montevideu fotbalisty nejsp\u00ed\u0161 nebude v\u00edtat po\u010detn\u00fd dav fanou\u0161k\u016f. A\u00a0te\u010f nejde jen o\u00a0to, \u017ee jasn\u00ed favorit\u00e9 na postup ze skupiny doraz\u00ed po \u010d\u00e1stech.<\/p>\n<p class=\"b_bE\">Uruguayi pat\u0159ilo p\u0159ed za\u010d\u00e1tkem mistrovstv\u00ed sv\u011bta v\u00a0\u017eeb\u0159\u00ed\u010dku FIFA 16.\u00a0m\u00edsto a\u00a0na turnaji se stala nejv\u00fd\u0161e postaven\u00fdm t\u00fdmem, kter\u00fd do vy\u0159azovac\u00edch boj\u016f mezi 32\u00a0nejlep\u0161\u00edch nepro\u0161el. Po rem\u00edz\u00e1ch s\u00a0outsidery ze Sa\u00fadsk\u00e9 Ar\u00e1bie (1:1) a\u00a0Kapverd (2:2) p\u0159i\u0161la t\u011bsn\u00e1 por\u00e1\u017eka se \u0160pan\u011blskem (0:1), pod n\u00ed\u017e se podepsal chybuj\u00edc\u00ed brank\u00e1\u0159 Fernando Muslera. Dva body na postup ze t\u0159et\u00edho m\u00edsta nesta\u010dily.<\/p>\n<p><a data-dot=\"atm-link\" target=\"_self\" href=\"https:\/\/www.sport.cz\/clanek\/podcasty-studio-ms-fotbal-afrika-ohromuje-u-evropskych-tymu-zivam-a-kroutim-hlavou-rika-karoch-5491619\" class=\"b_V g_ij\" rel=\"nofollow noopener\"><img height=\"1080\" width=\"1440\" src=\"https:\/\/www.europesays.com\/cz\/wp-content\/uploads\/2026\/06\/1782638292_729_studio-ms-fotbal.png\" loading=\"eager\" decoding=\"sync\" class=\"b_B b_z\"\/><\/a><\/p>\n<p class=\"b_bE\">U\u017e p\u0159ed z\u00e1v\u011bre\u010dn\u00fdm duelem se objevily zpr\u00e1vy o\u00a0konfliktech mezi hr\u00e1\u010di a\u00a0tren\u00e9rem Marcelem Bielsou. Kou\u010d po vy\u0159azen\u00ed vzal vinu na sebe.<\/p>\n<p class=\"b_bE\">\u201eCo zanech\u00e1v\u00e1m uruguaysk\u00e9mu fotbalu? Nic, proto\u017ee jak\u00fdkoli p\u0159\u00ednos, kter\u00fd tren\u00e9r m\u016f\u017ee po t\u0159ech letech pr\u00e1ce ud\u011blat pro fotbal, se nikdy skute\u010dn\u011b neprojev\u00ed, pokud se nedos\u00e1hne v\u00fdsledk\u016f. \u010ctvrt\u00e9 m\u00edsto v\u00a0kvalifikaci moc neznamenalo, t\u0159et\u00ed m\u00edsto v\u00a0Copa Am\u00e9rica tak\u00e9 ne. A\u00a0to, co se stalo te\u010f, nen\u00ed t\u0159eba rozv\u00e1d\u011bt,\u201c \u0159ekl novin\u00e1\u0159\u016fm.<\/p>\n<p class=\"b_bE\">Uruguay je tak\u00e9 jedinou ze \u0161esti jihoamerick\u00fdch zem\u00ed, kter\u00e1 se nekvalifikovala do vy\u0159azovac\u00ed f\u00e1ze \u0161ampion\u00e1tu.<\/p>\n<p>MS ve fotbale 2026<\/p>\n<p class=\"b_bE\">T\u0159iadvac\u00e1t\u00e9 <a data-dot=\"atm-link\" target=\"_blank\" href=\"https:\/\/www.sport.cz\/sekce\/fotbal-ms-879\" class=\"b_V\" rel=\"nofollow noopener\">mistrovstv\u00ed sv\u011bta ve fotbale<\/a> se kon\u00e1 od 11.\u00a0\u010dervna do 19.\u00a0\u010dervence 2026.\u00a0Poprv\u00e9 v\u00a0historii ho host\u00ed t\u0159i zem\u011b &#8211; USA, Kanada a\u00a0Mexiko. Titul sv\u011btov\u00fdch \u0161ampion\u016f obhajuje Argentina, po 20\u00a0letech se turnaje \u00fa\u010dastnilo tak\u00e9 \u010cesko, vypadlo ale u\u017e v\u00a0z\u00e1kladn\u00ed skupin\u011b.<\/p>\n","protected":false},"excerpt":{"rendered":"Dovedete si to p\u0159edstavit v\u00a0\u010cesku? N\u00e1rodn\u00ed t\u00fdm vyho\u0159\u00ed na mistrovstv\u00ed sv\u011bta a\u00a0dom\u016f Ladislav Krej\u010d\u00ed, Patrik Schick nebo Tom\u00e1\u0161&hellip;\n","protected":false},"author":2,"featured_media":131982,"comment_status":"","ping_status":"","sticky":false,"template":"","format":"standard","meta":{"footnotes":"","_share_on_mastodon":"0"},"categories":[15],"tags":[1275,94,93,5761],"class_list":["post-131981","post","type-post","status-publish","format-standard","has-post-thumbnail","category-sport","tag-mistrovstvi-sveta-ve-fotbale","tag-sport","tag-sports","tag-uruguay"],"share_on_mastodon":{"url":"https:\/\/pubeurope.com\/@cz\/116826990526477337","error":""},"_links":{"self":[{"href":"https:\/\/www.europesays.com\/cz\/wp-json\/wp\/v2\/posts\/131981","targetHints":{"allow":["GET"]}}],"collection":[{"href":"https:\/\/www.europesays.com\/cz\/wp-json\/wp\/v2\/posts"}],"about":[{"href":"https:\/\/www.europesays.com\/cz\/wp-json\/wp\/v2\/types\/post"}],"author":[{"embeddable":true,"href":"https:\/\/www.europesays.com\/cz\/wp-json\/wp\/v2\/users\/2"}],"replies":[{"embeddable":true,"href":"https:\/\/www.europesays.com\/cz\/wp-json\/wp\/v2\/comments?post=131981"}],"version-history":[{"count":0,"href":"https:\/\/www.europesays.com\/cz\/wp-json\/wp\/v2\/posts\/131981\/revisions"}],"wp:featuredmedia":[{"embeddable":true,"href":"https:\/\/www.europesays.com\/cz\/wp-json\/wp\/v2\/media\/131982"}],"wp:attachment":[{"href":"https:\/\/www.europesays.com\/cz\/wp-json\/wp\/v2\/media?parent=131981"}],"wp:term":[{"taxonomy":"category","embeddable":true,"href":"https:\/\/www.europesays.com\/cz\/wp-json\/wp\/v2\/categories?post=131981"},{"taxonomy":"post_tag","embeddable":true,"href":"https:\/\/www.europesays.com\/cz\/wp-json\/wp\/v2\/tags?post=131981"}],"curies":[{"name":"wp","href":"https:\/\/api.w.org\/{rel}","templated":true}]}}