{"id":132015,"date":"2026-06-28T10:12:07","date_gmt":"2026-06-28T10:12:07","guid":{"rendered":"https:\/\/www.europesays.com\/cz\/132015\/"},"modified":"2026-06-28T10:12:07","modified_gmt":"2026-06-28T10:12:07","slug":"rusove-vyslali-rakety-a-drony-na-ukrajinu-36-zranenych-novinky","status":"publish","type":"post","link":"https:\/\/www.europesays.com\/cz\/132015\/","title":{"rendered":"Rusov\u00e9 vyslali rakety a drony na Ukrajinu, 36 zran\u011bn\u00fdch &#8211; Novinky"},"content":{"rendered":"<p><a href=\"https:\/\/news.google.com\/rss\/articles\/CBMisAFBVV95cUxOOGltdTFFc2VBY21RWnd4RXp4UVJwVUpjMXRsTFhYZzR4NnNPQnZ0M05yM2dkMUpLZnpUSmdBaVd6SVdRS0ZtRlYydFMyTngyU3NRMDhib3FXeE9lWmZ5Sno4c3FSTWpJejI2UHF2VDhHbHlEN2k0WXdUU1h6UzFncXYydGJObVJqekNLZWZmSVR5c3FjQzJ1LTFpVjF0M0NwRUpFNVlUUFlCOHFzQWNSSQ?oc=5\" target=\"_blank\" rel=\"nofollow noopener\">Rusov\u00e9 vyslali rakety a drony na Ukrajinu, 36 zran\u011bn\u00fdch<\/a>&nbsp;&nbsp;Novinky<a href=\"https:\/\/news.google.com\/rss\/articles\/CBMiqwFBVV95cUxPX0Roc2hyM3RvckVTT3N0dnJySGNlaWd2QmtNakhYbG51V1NmSmFnZk5XRnpIUEhGYXc2dXBsQTQ1QWRMMXAxOHhpSkNzTmtmVGZTaWhtMzZXV3FHSGVwT3pSLXNrV1N6OERSRkxHYTFIUjhmTUl1a0RxMkowRjJkay1yWkVyODVZZktaWjkzaDlYdTBpZGh3Um5rc191V1dSLXE2bDFhc2FUU0k?oc=5\" target=\"_blank\" rel=\"nofollow noopener\">Rusko \u00fato\u010dilo na Kyjev, Ukrajina zas\u00e1hla rafinerie okupant\u016f<\/a>&nbsp;&nbsp;\u010cT24<a href=\"https:\/\/news.google.com\/rss\/articles\/CBMixwFBVV95cUxNUDh3dXN1eVVpUjlHYlpYSVFtN3gyQ2lvaFFGTWJzQ1R0am9id3FpN21oWk9WMHdGcl9vSHBRUV83ZkdNSnJtVTVCVTRCS1NFTlJRLVQ4SVE0Rk1yRG95MzZJSHh3X1l0NGRXWTZaenNObk9LTmd2UkE2Rjk3V2ZueHA4MlpTZ3dxX1ZlNFdzbGhKcDM0RzJxRzFPRTU1eTRLVXMtaXdEY1NSOWhUZWJWVl9yTVBETEkxS3ZjcDUyNXN6b0Zsb3J3?oc=5\" target=\"_blank\" rel=\"nofollow noopener\">Rusov\u00e9 \u00fato\u010dili \u201ebarbarskou\u201c zbran\u00ed, tvrd\u00ed Ukrajinci. Zab\u00edjela lidi vzd\u00e1len\u00e9 200 metr\u016f od sebe<\/a>&nbsp;&nbsp;CNN Prima NEWS<a href=\"https:\/\/news.google.com\/rss\/articles\/CBMickFVX3lxTE5iNzJtdWV3S3FwN3NyMC1paDNXS2Z1RW9FRms4ejJIRHRhR0hZMG11MjU2VFQtM2NsRDNRQ3BtMU9mX1lFcGpTMlA1cWI1WFVqZmxEcXpnSTNqR3JfTVctanpKQ0JYTnNoZ0I1algtckRYQQ?oc=5\" target=\"_blank\" rel=\"nofollow noopener\">Aktu\u00e1ln\u00ed informace z v\u00e1lky: za uplynul\u00fd den do\u0161lo na frontov\u00e9 linii k 241 bojov\u00fdm st\u0159et\u016fm<\/a>&nbsp;&nbsp;\u010cesk\u00e9 noviny<a href=\"https:\/\/news.google.com\/rss\/articles\/CBMiywFBVV95cUxPS05TUkNFRjIxWjFiWUpjXzY2MkNQLUhzUmV1OFlTTnVQNXRLY0oyWnF1TjFiRmU2Q1hYa0JnZ25nd3ZodlUxbjlULWdjNTE0eG9zRnZsU1FEZTcwSm1wU0diazNlb1MtZ293SGJkRVcyaXRsaklhNU5qMktoRWZ0Ujg0MmRvVk8wb3pWT2hLcXhfZ1doZEFEREduakhIU1dMT3BMUjZfYzJXSFNnVXNEbE1EOXBjYmtxclIwa0Nhc1VzZmlBYmhReElRWQ?oc=5\" target=\"_blank\" rel=\"nofollow noopener\">Ukrajina hl\u00e1s\u00ed dva mrtv\u00e9 a des\u00edtky zran\u011bn\u00fdch po p\u00e1te\u010dn\u00edch rusk\u00fdch \u00fatoc\u00edch. Zran\u011bn\u00e9 byly i t\u0159i d\u011bti<\/a>&nbsp;&nbsp;iROZHLAS<\/p>\n","protected":false},"excerpt":{"rendered":"Rusov\u00e9 vyslali rakety a drony na Ukrajinu, 36 zran\u011bn\u00fdch&nbsp;&nbsp;NovinkyRusko \u00fato\u010dilo na Kyjev, Ukrajina zas\u00e1hla rafinerie okupant\u016f&nbsp;&nbsp;\u010cT24Rusov\u00e9 \u00fato\u010dili \u201ebarbarskou\u201c&hellip;\n","protected":false},"author":2,"featured_media":132016,"comment_status":"","ping_status":"","sticky":false,"template":"","format":"standard","meta":{"footnotes":"","_share_on_mastodon":"0"},"categories":[10],"tags":[464,17,21,1438,10181,16,61,18,19,22,110,56,20],"class_list":["post-132015","post","type-post","status-publish","format-standard","has-post-thumbnail","category-zpravy","tag-drony","tag-headlines","tag-hlavni-udalosti","tag-kyjev","tag-nalety","tag-news","tag-rusko","tag-top-news","tag-top-stories","tag-udalosti-dne","tag-ukrajina","tag-valka-rusko-ukrajina","tag-zpravy"],"share_on_mastodon":{"url":"https:\/\/pubeurope.com\/@cz\/116827202877311323","error":""},"_links":{"self":[{"href":"https:\/\/www.europesays.com\/cz\/wp-json\/wp\/v2\/posts\/132015","targetHints":{"allow":["GET"]}}],"collection":[{"href":"https:\/\/www.europesays.com\/cz\/wp-json\/wp\/v2\/posts"}],"about":[{"href":"https:\/\/www.europesays.com\/cz\/wp-json\/wp\/v2\/types\/post"}],"author":[{"embeddable":true,"href":"https:\/\/www.europesays.com\/cz\/wp-json\/wp\/v2\/users\/2"}],"replies":[{"embeddable":true,"href":"https:\/\/www.europesays.com\/cz\/wp-json\/wp\/v2\/comments?post=132015"}],"version-history":[{"count":0,"href":"https:\/\/www.europesays.com\/cz\/wp-json\/wp\/v2\/posts\/132015\/revisions"}],"wp:featuredmedia":[{"embeddable":true,"href":"https:\/\/www.europesays.com\/cz\/wp-json\/wp\/v2\/media\/132016"}],"wp:attachment":[{"href":"https:\/\/www.europesays.com\/cz\/wp-json\/wp\/v2\/media?parent=132015"}],"wp:term":[{"taxonomy":"category","embeddable":true,"href":"https:\/\/www.europesays.com\/cz\/wp-json\/wp\/v2\/categories?post=132015"},{"taxonomy":"post_tag","embeddable":true,"href":"https:\/\/www.europesays.com\/cz\/wp-json\/wp\/v2\/tags?post=132015"}],"curies":[{"name":"wp","href":"https:\/\/api.w.org\/{rel}","templated":true}]}}