{"id":132061,"date":"2026-06-28T10:57:18","date_gmt":"2026-06-28T10:57:18","guid":{"rendered":"https:\/\/www.europesays.com\/cz\/132061\/"},"modified":"2026-06-28T10:57:18","modified_gmt":"2026-06-28T10:57:18","slug":"drama-v-praze-v-rozpalenem-aute-nechala-matka-zamcene-deti-vyprostovali-je-hasici","status":"publish","type":"post","link":"https:\/\/www.europesays.com\/cz\/132061\/","title":{"rendered":"Drama v Praze: V rozp\u00e1len\u00e9m aut\u011b nechala matka zam\u010den\u00e9 d\u011bti, vypro\u0161\u0165ovali je hasi\u010di"},"content":{"rendered":"<p>\n                        U dvou nezletil\u00fdch osob zam\u010den\u00fdch v rozp\u00e1len\u00e9m vozidle zasahovaly z\u00e1chrann\u00e9 slo\u017eky v p\u00e1tek na pra\u017esk\u00e9m Pankr\u00e1ci. Dle informac\u00ed Krimi zpr\u00e1v matka nechala d\u011bti zam\u010den\u00e9 v aut\u011b, kdy\u017e si odb\u011bhla do bl\u00edzk\u00e9 prodejny. Hasi\u010di na m\u00edst\u011b rozbili jedno bo\u010dn\u00ed okno a osoby n\u00e1sledn\u011b p\u0159edaly do p\u00e9\u010de z\u00e1chran\u00e1\u0159\u016f.\n                    <\/p>\n<p>Policist\u00e9 kr\u00e1tce po poledni na pra\u017esk\u00e9m Pankr\u00e1ci zasahovali u auta, ve kter\u00e9m matka nechala samotn\u00e9 dv\u011b mal\u00e9 d\u011bti. Hasi\u010di se proto za pomoci n\u00e1sil\u00ed dostali dovnit\u0159 a p\u0159edali je do p\u00e9\u010de z\u00e1chran\u00e1\u0159\u016f. Podle policie si \u017eena odb\u011bhla do bl\u00edzk\u00e9 prodejny.<\/p>\n<p>\u010cT\u011aTE TAK\u00c9: <a target=\"_blank\" href=\"https:\/\/cnn.iprima.cz\/obrovska-tragedie-na-brnensku-chlapec-zemrel-pri-koupani-s-kamaradem-515731\" rel=\"nofollow noopener\">Utopen\u00fd chlapec na Brn\u011bnsku. Koupal se s kamar\u00e1dem, t\u011blo vylovili a\u017e pot\u00e1p\u011b\u010di<\/a><\/p>\n<p>\u201eHasi\u010di spole\u010dn\u011b s policisty vyrazili na m\u00edsto, kde n\u00e1sledn\u011b pou\u017eili n\u00e1stroj k otev\u0159en\u00ed ok\u00e9nka. D\u011bti vyndali ven a p\u0159edali je do p\u00e9\u010de z\u00e1chran\u00e1\u0159\u016f,\u201c popsal pro CNN Prima NEWS policejn\u00ed mluv\u010d\u00ed Jan Rybansk\u00fd.<\/p>\n<p lang=\"cs\" dir=\"ltr\">V ulici U D\u011bkanky zasahovali hasi\u010di ze stanice Sokolsk\u00e1 u dvou nezletil\u00fdch osob, kter\u00e9 z\u016fstaly zam\u010den\u00e9 v osobn\u00edm vozidle. Hasi\u010di na m\u00edst\u011b rozbili jedno bo\u010dn\u00ed okno a osoby n\u00e1sledn\u011b p\u0159edaly do p\u00e9\u010de ZZS. <\/p>\n<p>\u203c\ufe0f Upozor\u0148ujeme, \u017ee takto vysok\u00e9 teploty mohou teplotu v aut\u011b zv\u00fd\u0161it b\u011bhem\u2026 <a href=\"https:\/\/t.co\/QcU2Aydyj1\" rel=\"nofollow\">pic.twitter.com\/QcU2Aydyj1<\/a><\/p>\n<p>\u2014 Hasi\u010di Praha \ud83d\ude92 (@HasiciPraha) <a href=\"https:\/\/x.com\/HasiciPraha\/status\/2070493045640872102?ref_src=twsrc%5Etfw\" rel=\"nofollow\">June 26, 2026<\/a><\/p>\n<p>D\u011bti podle jeho slov byly p\u0159i v\u011bdom\u00ed, pouze dehydratovan\u00e9. \u201ePot\u00e9 jsme zjistili, \u017ee je \u0159idi\u010dka nechala sp\u00edc\u00ed uvnit\u0159 vozidla, zamkla ho a odsko\u010dila si do nedalek\u00e9 prodejny,\u201c dodal.<\/p>\n<p>Z\u00e1chrann\u00e9 slo\u017eky <a target=\"_blank\" href=\"https:\/\/x.com\/HasiciPraha\/status\/2070493045640872102\" rel=\"nofollow\">opakovan\u011b apeluj\u00ed na ve\u0159ejnost<\/a>, aby b\u011bhem hork\u00fdch letn\u00edch dn\u016f nenech\u00e1vala d\u011bti ani zv\u00ed\u0159ata samotn\u00e1 v zaparkovan\u00fdch autech. Teplota uvnit\u0159 vozu toti\u017e m\u016f\u017ee b\u011bhem n\u011bkolika minut vzr\u016fst o des\u00edtky stup\u0148\u016f a p\u0159edstavovat v\u00e1\u017en\u00e9 ohro\u017een\u00ed \u017eivota.<\/p>\n<p>Pokud si podobn\u00e9 situace v\u0161imnete, je d\u016fle\u017eit\u00e9 okam\u017eit\u011b p\u0159ivolat pomoc a pokusit se zabr\u00e1nit trag\u00e9dii. \u201eU mal\u00fdch d\u011bt\u00ed je\u0161t\u011b nefunguje termoregulace tak, jako u dosp\u011bl\u00fdch a velmi rychle doch\u00e1z\u00ed ke zv\u00fd\u0161en\u00ed t\u011blesn\u00e9 teploty. D\u00edt\u011b zrudne, zbrun\u00e1tn\u00ed, za\u010dne zrychlen\u011b d\u00fdchat a zrychl\u00ed se mu srde\u010dn\u00ed \u010dinnost,\u201c vysv\u011btlil d\u0159\u00edve <a target=\"_blank\" href=\"https:\/\/cnn.iprima.cz\/za-12-minut-bylo-v-rozpalenem-aute-60-stupnu-co-delat-kdyz-v-nem-zustane-dite-nebo-pes-113670\" rel=\"nofollow noopener\">pro CNN Prima NEWS<\/a> mluv\u010d\u00ed kr\u00e1lov\u00e9hradeck\u00fdch z\u00e1chran\u00e1\u0159\u016f Ivo Nov\u00e1k.<\/p>\n<p class=\"intro-title-mobile\">\n        \u010ct\u011bte tak\u00e9\n    <\/p>\n<p>        <a href=\"https:\/\/cnn.iprima.cz\/trilety-chlapec-zemrel-v-rozpalenem-aute-behem-parizskych-veder-matka-utrpela-sok-515647\" class=\"image-link\" rel=\"nofollow noopener\" target=\"_blank\"><\/p>\n<p>            <img decoding=\"async\" loading=\"lazy\" class=\"image\" src=\"https:\/\/www.europesays.com\/cz\/wp-content\/uploads\/2026\/06\/fb633d42e63e1ac1400113edf68215be.jpg\" alt=\"D\u00edt\u011b v aut\u011b (ilustra\u010dn\u00ed foto)\"\/><\/p>\n<p>            <\/a><\/p>\n<p class=\"intro-title-desktop\">\n            \u010ct\u011bte tak\u00e9\n        <\/p>\n<p>                <a href=\"https:\/\/cnn.iprima.cz\/trilety-chlapec-zemrel-v-rozpalenem-aute-behem-parizskych-veder-matka-utrpela-sok-515647\" class=\"title-link\" rel=\"nofollow noopener\" target=\"_blank\"><\/p>\n<p class=\"title\">\n                T\u0159\u00edlet\u00fd chlapec proklouzl do rozp\u00e1len\u00e9ho auta. Zem\u0159el i kv\u016fli mechanismu chr\u00e1n\u00edc\u00edmu d\u011bti\n            <\/p>\n<p>        <\/a><\/p>\n<p>                                                                                                25. \u010dvn 2026, 17:35<\/p>\n<p>                6 min \u010dten\u00ed<\/p>\n<p>Zdravotn\u00ed stav d\u00edt\u011bte se pak m\u016f\u017ee velmi rychle zhor\u0161ovat a v krajn\u00edch p\u0159\u00edpadech m\u016f\u017ee doj\u00edt a\u017e k \u00famrt\u00ed.<\/p>\n<p>Stejn\u00e9 nebezpe\u010d\u00ed hroz\u00ed tak\u00e9 zv\u00ed\u0159at\u016fm ponechan\u00fdm v rozp\u00e1len\u00e9m automobilu. \u201eNedok\u00e1\u017eou se potit stejn\u011b jako lid\u00e9. Ochlazuj\u00ed se p\u0159edev\u0161\u00edm d\u00fdch\u00e1n\u00edm, p\u0159\u00edpadn\u011b pomoc\u00ed omezen\u00e9ho mno\u017estv\u00ed potn\u00edch \u017el\u00e1zek na tlapk\u00e1ch, co\u017e je v\u0161ak nedostate\u010dn\u00e9. B\u011bhem n\u011bkolika minut se m\u016f\u017ee zv\u00ed\u0159e dostat do velmi v\u00e1\u017en\u00e9ho stavu a n\u00e1sledn\u011b zkolabovat,\u201c uvedla veterin\u00e1\u0159ka Vla\u010fka Tepl\u00e1.<\/p>\n<p>MOHLO V\u00c1M UNIKNOUT: <a target=\"_blank\" rel=\"noopener noreferrer nofollow\" href=\"https:\/\/cnn.iprima.cz\/srazku-tehotne-zeny-na-usteckem-prechodu-zachytily-zabery-dostal-ode-me-bomby-lici-partner-515653\">Sr\u00e1\u017eku t\u011bhotn\u00e9 \u017eeny na p\u0159echodu v \u00dast\u00ed zachytily z\u00e1b\u011bry. Dostal ode m\u011b bomby, l\u00ed\u010d\u00ed partner<\/a><\/p>\n<p class=\"!text-semibold-14-14 !text-black mb-0 mt-2\">\n                Vystudovala liter\u00e1rn\u00ed tvorbu na Vysok\u00e9 \u0161kole kreativn\u00ed komunikace a n\u00e1sledn\u011b nav\u00e1zala studiem m\u00e9di\u00ed na Metropolitn\u00ed univerzit\u011b v Praze. Od dubna 2023 p\u016fsob\u00ed jako redaktorka v on-line redakci CNN Prima NEWS. (Michaela.Bartosova@iprima.cz)\n            <\/p>\n<p>            <script async src=\"https:\/\/platform.twitter.com\/widgets.js\" charset=\"utf-8\"><\/script><\/p>\n","protected":false},"excerpt":{"rendered":"U dvou nezletil\u00fdch osob zam\u010den\u00fdch v rozp\u00e1len\u00e9m vozidle zasahovaly z\u00e1chrann\u00e9 slo\u017eky v p\u00e1tek na pra\u017esk\u00e9m Pankr\u00e1ci. Dle informac\u00ed&hellip;\n","protected":false},"author":2,"featured_media":132062,"comment_status":"","ping_status":"","sticky":false,"template":"","format":"standard","meta":{"footnotes":"","_share_on_mastodon":"0"},"categories":[7],"tags":[698,43,42,41,40,734,7484,7485,11480,99],"class_list":["post-132061","post","type-post","status-publish","format-standard","has-post-thumbnail","category-cesko","tag-auto","tag-ceska-republika","tag-cesko","tag-czech-republic","tag-czechia","tag-hasici","tag-katastrofy","tag-nehody-a-mimoradne-udalosti","tag-pankrac","tag-praha"],"share_on_mastodon":{"url":"https:\/\/pubeurope.com\/@cz\/116827379797621297","error":""},"_links":{"self":[{"href":"https:\/\/www.europesays.com\/cz\/wp-json\/wp\/v2\/posts\/132061","targetHints":{"allow":["GET"]}}],"collection":[{"href":"https:\/\/www.europesays.com\/cz\/wp-json\/wp\/v2\/posts"}],"about":[{"href":"https:\/\/www.europesays.com\/cz\/wp-json\/wp\/v2\/types\/post"}],"author":[{"embeddable":true,"href":"https:\/\/www.europesays.com\/cz\/wp-json\/wp\/v2\/users\/2"}],"replies":[{"embeddable":true,"href":"https:\/\/www.europesays.com\/cz\/wp-json\/wp\/v2\/comments?post=132061"}],"version-history":[{"count":0,"href":"https:\/\/www.europesays.com\/cz\/wp-json\/wp\/v2\/posts\/132061\/revisions"}],"wp:featuredmedia":[{"embeddable":true,"href":"https:\/\/www.europesays.com\/cz\/wp-json\/wp\/v2\/media\/132062"}],"wp:attachment":[{"href":"https:\/\/www.europesays.com\/cz\/wp-json\/wp\/v2\/media?parent=132061"}],"wp:term":[{"taxonomy":"category","embeddable":true,"href":"https:\/\/www.europesays.com\/cz\/wp-json\/wp\/v2\/categories?post=132061"},{"taxonomy":"post_tag","embeddable":true,"href":"https:\/\/www.europesays.com\/cz\/wp-json\/wp\/v2\/tags?post=132061"}],"curies":[{"name":"wp","href":"https:\/\/api.w.org\/{rel}","templated":true}]}}