{"id":132890,"date":"2026-06-29T09:15:13","date_gmt":"2026-06-29T09:15:13","guid":{"rendered":"https:\/\/www.europesays.com\/cz\/132890\/"},"modified":"2026-06-29T09:15:13","modified_gmt":"2026-06-29T09:15:13","slug":"boj-o-volkswagen-zacina-naplno-skrty-budou-mnohem-drastictejsi-a-navic-globalni-koncern-se-ma-zcela-prestavet-hospodarske-noviny","status":"publish","type":"post","link":"https:\/\/www.europesays.com\/cz\/132890\/","title":{"rendered":"Boj o Volkswagen za\u010d\u00edn\u00e1 naplno. \u0160krty budou mnohem drasti\u010dt\u011bj\u0161\u00ed, a nav\u00edc glob\u00e1ln\u00ed, koncern se m\u00e1 zcela p\u0159estav\u011bt &#8211; Hospod\u00e1\u0159sk\u00e9 noviny"},"content":{"rendered":"<p><a href=\"https:\/\/news.google.com\/rss\/articles\/CBMi2gFBVV95cUxPLUVsbXFub01zVmVlOTFSSkp4bXRCX3R2cDcyNUdjT01INHl1VnZ6b2hIc1BQQ2N5SWgwY3dwUXVoN1JvTGFISXdMNWE1VGJRTnJ6T0t2UmZic0tJTzhzUFlXbTNUcFhjcXpqZzJTV0tXWFpXZjZ0Q0ZhUC00QU9GWW9sY2l2U05VY1F3RkYyY2dXSHpraGt0U1NPZlhOZDhuRV9KY0pSUUZtRl9RdjdZNnZ3anZuQlNLTkJDUjhQdm5BRG5vTjRubWE2UjFDaElDTTNsMTVob0xyZw?oc=5\" target=\"_blank\" rel=\"nofollow noopener\">Boj o Volkswagen za\u010d\u00edn\u00e1 naplno. \u0160krty budou mnohem drasti\u010dt\u011bj\u0161\u00ed, a nav\u00edc glob\u00e1ln\u00ed, koncern se m\u00e1 zcela p\u0159estav\u011bt<\/a>&nbsp;&nbsp;Hospod\u00e1\u0159sk\u00e9 noviny<a href=\"https:\/\/news.google.com\/rss\/articles\/CBMisAFBVV95cUxOVDdVY1JBUmNTdlgtXzduM3FIRTJPQ3dQWWJfR3VJWWRyYnBsRkJ6LURfdGhUZnNuYXhaSVFsaXhWVW8tY0FxM2FEU3BiWkxyX01wREpDVlpvNzNFdjRzelp4U0dKZkhGOWRDZHROb2xSR3FKbngxN3l4MDZGSURNNlRiaW5nVlVYdUcxXzE0Yi16TmFIc1d1LU1rdkRndU1UbzA2SlN1R29uNkR6S1oyVQ?oc=5\" target=\"_blank\" rel=\"nofollow noopener\">\u0160\u00e9f koncernu Volkswagen \u0161okuje: Chce zru\u0161it 100 000 pracovn\u00edch m\u00edst! Reaguje i \u0160kodovka<\/a>&nbsp;&nbsp;Gar\u00e1\u017e.cz<a href=\"https:\/\/news.google.com\/rss\/articles\/CBMiwAFBVV95cUxOX2ZrMG90dVRVWlhBSzVHQ0t5eVJ5azAtMk9GaWFTb3JIZ0lRSDJSbjdsVHljN3JIc2hhb01nckJMeHlSQjBPam9MNy02dFllNFJMek9NaS1pMEhxN3ZvMGw0N0JOUGdsazJvNEg2YV9oWER4N1otLXMxaFFYOGVaNTBSVGRPTmVRT214akdnVk82emlzX2FCWUs0SnZ2NVk3NDJlZjhUSUtwcUdvcEtrVWUzRUlWeFdNV1lqRl9VcUU?oc=5\" target=\"_blank\" rel=\"nofollow noopener\">Rozb\u0159esk: Co masivn\u00ed propou\u0161t\u011bn\u00ed ve VW m\u016f\u017ee znamenat pro n\u011bmeckou ekonomiku?<\/a>&nbsp;&nbsp;Patria.cz<a href=\"https:\/\/news.google.com\/rss\/articles\/CBMisAFBVV95cUxNWXhxdU5lbzFQWk9zUVFxekF3TDh0Q2puem9NV0FCdmxqZUo2bC05T3QzWHBaN2RFTWdFZ0hOaHM1MmF4Y3ZzZnRXU0RDSndTaGFBX3h3ZDlRLV96SGFXZnd5TmRRT2YzOVd6Vi03LVY4bEZLNnJFMlhTOWtSME1aY1haMzJGZVVKSm95WFlTVFlwMy1Vc1ZYY092V1ZlUWZWYlNGNk9iZGNQRjRLNGZ3Sw?oc=5\" target=\"_blank\" rel=\"nofollow noopener\">Automobilka zru\u0161\u00ed a\u017e 100 tis\u00edc pracovn\u00edch m\u00edst. Skon\u010d\u00ed \u010dty\u0159i z\u00e1vody<\/a>&nbsp;&nbsp;TN.cz<a href=\"https:\/\/news.google.com\/rss\/articles\/CBMivgFBVV95cUxPblVJbWV5MXk0Q01IaFNXQVU0TGduOEVqc0xxRVdxbDFlTXZSV1Jwa3ZqNjV2V2R5cWF3X0xhM0tjWE1RM2hoUWdFV0lvVW5US1NwSlR6eXJENW5nUzJQUkdpVXZoQWpZQkE2YXduUGhYV1hMNUtOU1JlNHNzRnAtc09pekFwRXlubzRzZkNhaWctTElPSjl3a3ZuRjUwYzRXSmdub1Z2NUJ2RGtmMkQ2ZTNxa1ZsVU1zNWtnUVFB?oc=5\" target=\"_blank\" rel=\"nofollow noopener\">Koncern Volkswagen chyst\u00e1 velkou \u010distku ve sv\u00e9 nab\u00eddce. N\u011bkter\u00e9 modely u\u017e nemaj\u00ed budoucnost a zmiz\u00ed<\/a>&nbsp;&nbsp;auto-mania.cz<\/p>\n","protected":false},"excerpt":{"rendered":"Boj o Volkswagen za\u010d\u00edn\u00e1 naplno. \u0160krty budou mnohem drasti\u010dt\u011bj\u0161\u00ed, a nav\u00edc glob\u00e1ln\u00ed, koncern se m\u00e1 zcela p\u0159estav\u011bt&nbsp;&nbsp;Hospod\u00e1\u0159sk\u00e9 noviny\u0160\u00e9f&hellip;\n","protected":false},"author":2,"featured_media":132891,"comment_status":"","ping_status":"","sticky":false,"template":"","format":"standard","meta":{"footnotes":"","_share_on_mastodon":"0"},"categories":[10],"tags":[698,1079,5847,252,17,21,16,1100,2133,317,9134,18,19,22,1351,5959,20],"class_list":["post-132890","post","type-post","status-publish","format-standard","has-post-thumbnail","category-zpravy","tag-auto","tag-automobilovy-prumysl","tag-automobilovy-trh","tag-elektromobilita","tag-headlines","tag-hlavni-udalosti","tag-news","tag-newsletter-byznys","tag-skoda","tag-skoda-auto","tag-skrty","tag-top-news","tag-top-stories","tag-udalosti-dne","tag-volkswagen","tag-vw","tag-zpravy"],"share_on_mastodon":{"url":"https:\/\/pubeurope.com\/@cz\/116832640937546837","error":""},"_links":{"self":[{"href":"https:\/\/www.europesays.com\/cz\/wp-json\/wp\/v2\/posts\/132890","targetHints":{"allow":["GET"]}}],"collection":[{"href":"https:\/\/www.europesays.com\/cz\/wp-json\/wp\/v2\/posts"}],"about":[{"href":"https:\/\/www.europesays.com\/cz\/wp-json\/wp\/v2\/types\/post"}],"author":[{"embeddable":true,"href":"https:\/\/www.europesays.com\/cz\/wp-json\/wp\/v2\/users\/2"}],"replies":[{"embeddable":true,"href":"https:\/\/www.europesays.com\/cz\/wp-json\/wp\/v2\/comments?post=132890"}],"version-history":[{"count":0,"href":"https:\/\/www.europesays.com\/cz\/wp-json\/wp\/v2\/posts\/132890\/revisions"}],"wp:featuredmedia":[{"embeddable":true,"href":"https:\/\/www.europesays.com\/cz\/wp-json\/wp\/v2\/media\/132891"}],"wp:attachment":[{"href":"https:\/\/www.europesays.com\/cz\/wp-json\/wp\/v2\/media?parent=132890"}],"wp:term":[{"taxonomy":"category","embeddable":true,"href":"https:\/\/www.europesays.com\/cz\/wp-json\/wp\/v2\/categories?post=132890"},{"taxonomy":"post_tag","embeddable":true,"href":"https:\/\/www.europesays.com\/cz\/wp-json\/wp\/v2\/tags?post=132890"}],"curies":[{"name":"wp","href":"https:\/\/api.w.org\/{rel}","templated":true}]}}