{"id":133500,"date":"2026-06-29T21:03:45","date_gmt":"2026-06-29T21:03:45","guid":{"rendered":"https:\/\/www.europesays.com\/cz\/133500\/"},"modified":"2026-06-29T21:03:45","modified_gmt":"2026-06-29T21:03:45","slug":"desitky-mrtvych-po-utocich-pakistanu-na-afghanistan","status":"publish","type":"post","link":"https:\/\/www.europesays.com\/cz\/133500\/","title":{"rendered":"Des\u00edtky mrtv\u00fdch po \u00fatoc\u00edch P\u00e1kist\u00e1nu na Afgh\u00e1nist\u00e1n"},"content":{"rendered":"<p class=\"c_bz\">T\u00e1lib\u00e1n sd\u011blil stanici BBC, \u017ee \u0161lo o\u00a0zlo\u010din a\u00a0masakr. Podle n\u011bj P\u00e1kist\u00e1n podnik\u00e1 nevyprovokovan\u00e9 \u00fatoky, p\u0159i nich\u017e um\u00edraj\u00ed civilist\u00e9. Nejv\u00edce ob\u011bt\u00ed je z\u00a0vesnice Mandichel v\u00a0provincii Paktika, \u0159ekl T\u00e1lib\u00e1n. Uv\u00e1d\u011bn\u00e1 \u010d\u00edsla ob\u011bt\u00ed ani p\u0159esn\u00e9 c\u00edle \u00fatok\u016f nen\u00ed jak ov\u011b\u0159it.<\/p>\n<p class=\"c_bz\">P\u00e1kist\u00e1nsk\u00fd ministr informac\u00ed sd\u011blil, \u017ee \u00fadery na \u00fakryty terorist\u016f v\u00a0provinci\u00edch Paktija, Paktika a\u00a0Kunar byly odpov\u011bd\u00ed na \u201eposledn\u00ed teroristick\u00e9 \u00fatoky proti nevinn\u00fdm lidem\u201c.<\/p>\n<p class=\"c_bz\">V sobotu byli\u00a0zabiti t\u0159i p\u0159\u00edslu\u0161n\u00edci p\u00e1kist\u00e1nsk\u00fdch polovojensk\u00fdch sil Sindh Rangers v\u00a0jejich hlavn\u00edm stanu v\u00a0Kar\u00e1\u010d\u00ed. P\u0159i sebevra\u017eedn\u00e9m \u00fatoku zem\u0159eli tak\u00e9 t\u0159i atent\u00e1tn\u00edci. \u010ctvrt\u00e9ho se poda\u0159ilo dopadnout, jedn\u00e1 se o\u00a0Afgh\u00e1nce. K\u00a0\u00fatoku se p\u0159ihl\u00e1sila skupina D\u017eam\u00e1t al-Ahrar, od\u0161t\u011bpen\u00e1 od p\u00e1kist\u00e1nsk\u00e9 odno\u017ee T\u00e1lib\u00e1nu TTP. Ob\u011b jsou zak\u00e1zan\u00e9 v\u00a0P\u00e1kist\u00e1nu a\u00a0jsou na seznamu teroristick\u00fdch organizac\u00ed OSN.<\/p>\n<p><a data-dot=\"atm-link\" target=\"_self\" href=\"https:\/\/www.novinky.cz\/clanek\/zahranicni-pakistan-v-odvete-bombardoval-kabul-a-kandahar-ministr-vyhlasil-valku-talibanu-40564493\" class=\"c_N\" rel=\"nofollow noopener\"><img fetchpriority=\"high\" height=\"787\" width=\"1400\" src=\"https:\/\/www.europesays.com\/cz\/wp-content\/uploads\/2026\/06\/pakistan.jpeg\" loading=\"eager\" decoding=\"sync\" class=\"c_t c_r\"\/><\/a><img height=\"450\"   width=\"800\" src=\"https:\/\/www.europesays.com\/cz\/wp-content\/uploads\/2026\/06\/uHTsmf.jpeg\" loading=\"eager\" decoding=\"sync\" class=\"c_t c_r\"\/>Foto: Novinky<\/p>\n<p class=\"c_bz\">Paktika a\u00a0Paktija<\/p>\n<p>Rok tvrd\u00fdch st\u0159et\u016f<\/p>\n<p class=\"c_bz\">P\u00e1kist\u00e1n obvi\u0148uje Afgh\u00e1nist\u00e1n, \u017ee na jeho hornat\u00e9m \u00fazem\u00ed maj\u00ed bezpe\u010dn\u00e9 p\u0159\u00edstavy pa\u0161tun\u0161t\u00ed radik\u00e1lov\u00e9 a\u00a0terorist\u00e9 \u00fato\u010d\u00ed v\u00a0P\u00e1kist\u00e1nu.<\/p>\n<p class=\"c_bz\">Loni v\u00a0\u0159\u00edjnu se ob\u011b zem\u011b po n\u011bkolika t\u00fddnech vra\u017eedn\u00fdch boj\u016f domluvily na klidu zbran\u00ed. P\u0159\u00edm\u011b\u0159\u00ed v\u0161ak nevydr\u017eelo. V\u00a0lednu si dal\u0161\u00ed vz\u00e1jemn\u00e9 st\u0159ety vy\u017e\u00e1daly des\u00edtky mrtv\u00fdch. V\u00a0b\u0159eznu zahynuly stovky lid\u00ed p\u0159i p\u00e1kist\u00e1nsk\u00e9m \u00fatoku na rehabilita\u010dn\u00ed st\u0159edisko pro narkomany v\u00a0K\u00e1bulu.<\/p>\n<p class=\"c_bz\">Na za\u010d\u00e1tku \u010dervna podnikl P\u00e1kist\u00e1n dal\u0161\u00ed vzdu\u0161n\u00e9 \u00fatoky, p\u0159i nich\u017e podle n\u011bj zahynulo 26\u00a0militant\u016f. T\u00e1lib\u00e1n ozn\u00e1mil, \u017ee mezi ob\u011b\u0165mi bylo tak\u00e9 13\u00a0civilist\u016f, zejm\u00e9na d\u011bt\u00ed.<\/p>\n<p><a data-dot=\"atm-link\" target=\"_self\" href=\"https:\/\/www.novinky.cz\/clanek\/zahranicni-blizky-a-stredni-vychod-konflikt-mezi-pakistanem-a-afghanistanem-uz-vyhnal-z-domovu-pres-100-tisic-lidi-40566179\" class=\"c_N\" rel=\"nofollow noopener\"><img height=\"2304\" width=\"4096\" src=\"https:\/\/www.europesays.com\/cz\/wp-content\/uploads\/2026\/06\/ae48.jpeg\" loading=\"eager\" decoding=\"sync\" class=\"c_t c_r\"\/><\/a><\/p>\n","protected":false},"excerpt":{"rendered":"T\u00e1lib\u00e1n sd\u011blil stanici BBC, \u017ee \u0161lo o\u00a0zlo\u010din a\u00a0masakr. Podle n\u011bj P\u00e1kist\u00e1n podnik\u00e1 nevyprovokovan\u00e9 \u00fatoky, p\u0159i nich\u017e um\u00edraj\u00ed civilist\u00e9.&hellip;\n","protected":false},"author":2,"featured_media":133501,"comment_status":"","ping_status":"","sticky":false,"template":"","format":"standard","meta":{"footnotes":"","_share_on_mastodon":"0"},"categories":[11],"tags":[5526,36051,10181,3367,36050,54,5527,53,52],"class_list":["post-133500","post","type-post","status-publish","format-standard","has-post-thumbnail","category-svet","tag-afghanistan","tag-karaci","tag-nalety","tag-pakistan","tag-paktika","tag-svet","tag-taliban","tag-world","tag-world-news"],"share_on_mastodon":{"url":"https:\/\/pubeurope.com\/@cz\/116835424971139409","error":""},"_links":{"self":[{"href":"https:\/\/www.europesays.com\/cz\/wp-json\/wp\/v2\/posts\/133500","targetHints":{"allow":["GET"]}}],"collection":[{"href":"https:\/\/www.europesays.com\/cz\/wp-json\/wp\/v2\/posts"}],"about":[{"href":"https:\/\/www.europesays.com\/cz\/wp-json\/wp\/v2\/types\/post"}],"author":[{"embeddable":true,"href":"https:\/\/www.europesays.com\/cz\/wp-json\/wp\/v2\/users\/2"}],"replies":[{"embeddable":true,"href":"https:\/\/www.europesays.com\/cz\/wp-json\/wp\/v2\/comments?post=133500"}],"version-history":[{"count":0,"href":"https:\/\/www.europesays.com\/cz\/wp-json\/wp\/v2\/posts\/133500\/revisions"}],"wp:featuredmedia":[{"embeddable":true,"href":"https:\/\/www.europesays.com\/cz\/wp-json\/wp\/v2\/media\/133501"}],"wp:attachment":[{"href":"https:\/\/www.europesays.com\/cz\/wp-json\/wp\/v2\/media?parent=133500"}],"wp:term":[{"taxonomy":"category","embeddable":true,"href":"https:\/\/www.europesays.com\/cz\/wp-json\/wp\/v2\/categories?post=133500"},{"taxonomy":"post_tag","embeddable":true,"href":"https:\/\/www.europesays.com\/cz\/wp-json\/wp\/v2\/tags?post=133500"}],"curies":[{"name":"wp","href":"https:\/\/api.w.org\/{rel}","templated":true}]}}