{"id":133799,"date":"2026-06-30T07:14:15","date_gmt":"2026-06-30T07:14:15","guid":{"rendered":"https:\/\/www.europesays.com\/cz\/133799\/"},"modified":"2026-06-30T07:14:15","modified_gmt":"2026-06-30T07:14:15","slug":"zajemci-o-ojetiny-ted-preferuji-benzinova-auta-pred-temi-na-naftu","status":"publish","type":"post","link":"https:\/\/www.europesays.com\/cz\/133799\/","title":{"rendered":"Z\u00e1jemci o\u00a0ojetiny te\u010f preferuj\u00ed benz\u00ednov\u00e1 auta p\u0159ed t\u011bmi na naftu"},"content":{"rendered":"<p class=\"c_bz\">\u201eJe\u0161t\u011b p\u0159ed n\u011bkolika lety byl diesel pro v\u011bt\u0161inu z\u00e1kazn\u00edk\u016f automatickou volbou. Letos ale vid\u00edme, \u017ee lid\u00e9 za\u010d\u00ednaj\u00ed v\u00edce \u0159e\u0161it celkov\u00e9 provozn\u00ed n\u00e1klady a\u00a0st\u00e1le \u010dast\u011bji vyb\u00edraj\u00ed benzinov\u00e9 motory, kter\u00e9 pro b\u011b\u017en\u00e9 pou\u017e\u00edv\u00e1n\u00ed d\u00e1vaj\u00ed v\u011bt\u0161\u00ed ekonomick\u00fd smysl,\u201c sd\u011blil Novink\u00e1m Ku\u010dera.<\/p>\n<p class=\"c_bz\">Prodejce porovnal prodeje a\u00a0popt\u00e1vku mezi b\u0159eznem a\u00a0kv\u011btnem leto\u0161n\u00edho a\u00a0lo\u0148sk\u00e9ho roku. Pod\u00edl benzinov\u00fdch voz\u016f na prodej\u00edch vzrostl meziro\u010dn\u011b z\u00a051,2\u00a0na 57,3\u00a0procenta, zat\u00edmco diesely klesly o\u00a0\u0161est procentn\u00edch bod\u016f na 41,3\u00a0procenta.<\/p>\n<p class=\"c_bz\">Je\u0161t\u011b v\u00fdrazn\u011bj\u0161\u00ed zm\u011bna byla patrn\u00e1 v\u00a0popt\u00e1vce z\u00a0webov\u00fdch str\u00e1nek firmy. Zat\u00edmco loni tvo\u0159ily benzinov\u00e9 vozy necelou polovinu v\u0161ech online popt\u00e1vek, letos u\u017e jejich pod\u00edl dosahuje 55\u00a0procent. <\/p>\n<p><a data-dot=\"atm-link\" target=\"_self\" href=\"https:\/\/www.novinky.cz\/clanek\/ekonomika-cesi-utikaji-od-nafty-k-elektromobilum-pomaha-tomu-i-valka-na-blizkem-vychode-40577083\" class=\"c_N\" rel=\"nofollow noopener\"><img fetchpriority=\"high\" height=\"2304\" width=\"4096\" src=\"https:\/\/www.europesays.com\/cz\/wp-content\/uploads\/2026\/06\/aaa-auto-autobazar.jpeg\" loading=\"eager\" decoding=\"sync\" class=\"c_t c_r\"\/><\/a><\/p>\n<p class=\"c_bz\">Prodeje benz\u00ednov\u00fdch aut podle Ku\u010dery vzrostly o\u00a0v\u00edce ne\u017e p\u011btinu, zat\u00edmco dieselov\u00e9 vozy meziro\u010dn\u011b ztratily. Pomysln\u00fdm v\u00edt\u011bzem se podle n\u011bj stal Volkswagen Golf, jeho\u017e prodeje v\u00a0benzinov\u00fdch verz\u00edch vzrostly o\u00a0osm des\u00edtek voz\u016f.<\/p>\n<p class=\"c_bz\">Zm\u011bny zaznamenala i\u00a0nejv\u011bt\u0161\u00ed s\u00ed\u0165 autobazar\u016f v\u00a0\u010cesku, AAA Auto. \u201eV\u00e1lka na Bl\u00edzk\u00e9m v\u00fdchod\u011b zna\u010dn\u011b ovlivnila prodeje ojet\u00fdch automobil\u016f na sekund\u00e1rn\u00edm trhu s\u00a0ohledem na rozlo\u017een\u00ed podle paliv,\u201c potvrdila Novink\u00e1m gener\u00e1ln\u00ed \u0159editelka firmy Karol\u00edna Topolov\u00e1.<\/p>\n<p class=\"c_bz\">Zat\u00edmco je\u0161t\u011b za\u010d\u00e1tkem roku tvo\u0159ily podle n\u00ed prodeje dieselov\u00fdch aut nadpolovi\u010dn\u00ed v\u011bt\u0161inu, se zdra\u017eov\u00e1n\u00edm cen pohonn\u00fdch hmot se jejich pod\u00edl za\u010dal zmen\u0161ovat ve prosp\u011bch p\u0159edev\u0161\u00edm elektromobil\u016f.<\/p>\n<p class=\"c_bz\">V dubnu, kdy byly ceny paliv na nejvy\u0161\u0161\u00ed \u00farovni, podle Topolov\u00e9 pod\u00edl prodan\u00fdch dieselov\u00fdch aut klesl na 47,3\u00a0procenta a\u00a0elektromobil\u016f se prodalo v\u00edce ne\u017e dvojn\u00e1sobek oproti lednu.<\/p>\n<p class=\"c_bz\">\u0158et\u011bzec ale pozoruje, \u017ee od kv\u011btna se pod\u00edl aut na naftu zase za\u010dal zvy\u0161ovat. \u201eAktu\u00e1ln\u011b maj\u00ed 49,5procentn\u00ed pod\u00edl na prodej\u00edch ojet\u00fdch automobil\u016f na inzertn\u00edch serverech,\u201c up\u0159esnila Topolov\u00e1.<\/p>\n<p><a data-dot=\"atm-link\" target=\"_self\" href=\"https:\/\/www.garaz.cz\/clanek\/testy-ojeta-auta-cesi-se-u-ojetin-nejvic-boji-poskozeni-motoru-ale-kupovana-auta-kontroluje-jen-malo-lidi-21017222\" class=\"c_N\" rel=\"nofollow noopener\"><img height=\"2754\" width=\"4896\" src=\"https:\/\/www.europesays.com\/cz\/wp-content\/uploads\/2026\/06\/1782803654_190_shutterstock-275191160.jpeg\" loading=\"eager\" decoding=\"sync\" class=\"c_t c_r\"\/><\/a>P\u0159ib\u00fdv\u00e1 majitel\u016f elektroaut<\/p>\n<p class=\"c_bz\">I podle \u0159editele divize nov\u00fdch voz\u016f Louda Auto Petra \u0160tuksy nap\u011bt\u00ed v\u00a0Persk\u00e9m z\u00e1livu a\u00a0s n\u00edm spojen\u00e1 nejistota okolo cen pohonn\u00fdch hmot p\u0159im\u011bly z\u00e1kazn\u00edky p\u0159em\u00fd\u0161let o\u00a0v\u00fdb\u011bru auta. U\u00a0nov\u00fdch voz\u016f vzrostl z\u00e1jem o\u00a0elektromobily o\u00a0dv\u011b p\u011btiny.<\/p>\n<p class=\"c_bz\">\u201eJejich pod\u00edl na na\u0161ich prodej\u00edch se zv\u00fd\u0161il z\u00a0t\u0159i a\u00a0p\u016fl\u00a0na p\u011bt procent. Tedy ka\u017ed\u00e9 dvac\u00e1t\u00e9 auto, kter\u00e9 dnes prod\u00e1me, je elektromobil,\u201c sd\u011blil \u0160tuksa.<\/p>\n<p class=\"c_bz\">Diesel podle n\u011bj nad\u00e1le d\u00e1v\u00e1 smysl zejm\u00e9na \u0159idi\u010d\u016fm s\u00a0vy\u0161\u0161\u00edmi ro\u010dn\u00edmi n\u00e1jezdy a\u00a0\u010dast\u00fdmi d\u00e1lni\u010dn\u00edmi cestami.<\/p>\n<p class=\"c_bz\">Zat\u00edmco p\u0159ed \u00fanorov\u00fdm \u00fatokem Spojen\u00fdch st\u00e1t\u016f a\u00a0Izraele na \u00cdr\u00e1n se podle spole\u010dnosti CCS, kter\u00e1 ceny pohonn\u00fdch hmot dlouhodob\u011b sleduje, benz\u00edn prod\u00e1val v\u00a0pr\u016fm\u011bru za 33,61\u00a0koruny a\u00a0nafta je\u0161t\u011b o\u00a0pades\u00e1t hal\u00e9\u0159\u016f levn\u011bji, v\u00a0dubnu nafta podra\u017eila ke 48\u00a0korun\u00e1m a\u00a0benz\u00edn na \u00farove\u0148 p\u0159es 41\u00a0korun. <\/p>\n<p class=\"c_bz\">Po vl\u00e1dn\u00ed regulaci cen, kter\u00e1 za\u010dala po\u010d\u00e1tkem dubna, se r\u016fst zastavil a\u00a0nyn\u00ed je naopak nafta asi o\u00a0t\u0159i koruny levn\u011bj\u0161\u00ed ne\u017e benz\u00edn.<\/p>\n<p>Anketa<\/p>\n<p>Jak\u00fd pohon m\u00e1 va\u0161e auto?<\/p>\n<p>Celkem<br \/>\n\t\t\t\thlasovalo<br \/>\n\t\t\t\t441<br \/>\n\t\t\t\t\u010dten\u00e1\u0159\u016f.<\/p>\n<p><a data-dot=\"atm-link\" target=\"_self\" href=\"https:\/\/www.novinky.cz\/clanek\/auto-prodej-ojetych-dieselu-klesl-v-breznu-kvuli-drahe-nafte-o-desetinu-40570853\" class=\"c_N\" rel=\"nofollow noopener\"><img height=\"2304\" width=\"4096\" src=\"https:\/\/www.europesays.com\/cz\/wp-content\/uploads\/2026\/06\/skoda-octavia-combi-kombi.jpeg\" loading=\"eager\" decoding=\"sync\" class=\"c_t c_r\"\/><\/a><\/p>\n","protected":false},"excerpt":{"rendered":"\u201eJe\u0161t\u011b p\u0159ed n\u011bkolika lety byl diesel pro v\u011bt\u0161inu z\u00e1kazn\u00edk\u016f automatickou volbou. Letos ale vid\u00edme, \u017ee lid\u00e9 za\u010d\u00ednaj\u00ed v\u00edce&hellip;\n","protected":false},"author":2,"featured_media":133800,"comment_status":"","ping_status":"","sticky":false,"template":"","format":"standard","meta":{"footnotes":"","_share_on_mastodon":"0"},"categories":[12],"tags":[2621,67,68,2184,133,2622,1453,469],"class_list":["post-133799","post","type-post","status-publish","format-standard","has-post-thumbnail","category-byznys","tag-benzin","tag-business","tag-byznys","tag-cena","tag-elektromobily-ev","tag-nafta","tag-ojeta-auta","tag-pohonne-hmoty"],"share_on_mastodon":{"url":"https:\/\/pubeurope.com\/@cz\/116837827758280834","error":""},"_links":{"self":[{"href":"https:\/\/www.europesays.com\/cz\/wp-json\/wp\/v2\/posts\/133799","targetHints":{"allow":["GET"]}}],"collection":[{"href":"https:\/\/www.europesays.com\/cz\/wp-json\/wp\/v2\/posts"}],"about":[{"href":"https:\/\/www.europesays.com\/cz\/wp-json\/wp\/v2\/types\/post"}],"author":[{"embeddable":true,"href":"https:\/\/www.europesays.com\/cz\/wp-json\/wp\/v2\/users\/2"}],"replies":[{"embeddable":true,"href":"https:\/\/www.europesays.com\/cz\/wp-json\/wp\/v2\/comments?post=133799"}],"version-history":[{"count":0,"href":"https:\/\/www.europesays.com\/cz\/wp-json\/wp\/v2\/posts\/133799\/revisions"}],"wp:featuredmedia":[{"embeddable":true,"href":"https:\/\/www.europesays.com\/cz\/wp-json\/wp\/v2\/media\/133800"}],"wp:attachment":[{"href":"https:\/\/www.europesays.com\/cz\/wp-json\/wp\/v2\/media?parent=133799"}],"wp:term":[{"taxonomy":"category","embeddable":true,"href":"https:\/\/www.europesays.com\/cz\/wp-json\/wp\/v2\/categories?post=133799"},{"taxonomy":"post_tag","embeddable":true,"href":"https:\/\/www.europesays.com\/cz\/wp-json\/wp\/v2\/tags?post=133799"}],"curies":[{"name":"wp","href":"https:\/\/api.w.org\/{rel}","templated":true}]}}