{"id":134891,"date":"2026-07-01T07:42:11","date_gmt":"2026-07-01T07:42:11","guid":{"rendered":"https:\/\/www.europesays.com\/cz\/134891\/"},"modified":"2026-07-01T07:42:11","modified_gmt":"2026-07-01T07:42:11","slug":"valecni-roboti-eurosatory-2026-evropa-urychluje-zavadeni-ugv-na-zaklade-zkusenosti-z-ukrajiny-czdefence","status":"publish","type":"post","link":"https:\/\/www.europesays.com\/cz\/134891\/","title":{"rendered":"V\u00e1le\u010dn\u00ed roboti Eurosatory 2026: Evropa urychluje zav\u00e1d\u011bn\u00ed UGV na z\u00e1klad\u011b zku\u0161enost\u00ed z Ukrajiny | CZDEFENCE"},"content":{"rendered":"<p>Haly veletrhu Eurosatory 2026 v\u00a0Pa\u0159\u00ed\u017ei v\u00a0\u010dervnu tohoto roku jednozna\u010dn\u011b dolo\u017eily zm\u011bny v\u00a0p\u0159\u00edstupu k\u00a0pozemn\u00edm dron\u016fm. Bezos\u00e1dkov\u00e1 pozemn\u00ed vozidla (UGV) se\u00a0p\u0159esunula z\u00a0okrajov\u00fdch uk\u00e1zek do\u00a0pozice dominantn\u00edho t\u00e9matu na\u00a0st\u00e1nc\u00edch des\u00edtek vystavovatel\u016f. UGV r\u016fzn\u00fdch velikost\u00ed a\u00a0schopnost\u00ed p\u0159edstavilo v\u00edce ne\u017e 50\u00a0spole\u010dnost\u00ed, co\u017e odr\u00e1\u017e\u00ed v\u00fdrazn\u00e9 zrychlen\u00ed z\u00e1jmu z\u00e1padn\u00ed Evropy o\u00a0robotick\u00e9 pozemn\u00ed syst\u00e9my. Ukrajinsk\u00e9 firmy, \u010derpaj\u00edc\u00ed p\u0159\u00edmo ze\u00a0zku\u0161enost\u00ed z\u00a0boji\u0161t\u011b, vynikaly po\u00a0boku zaveden\u00fdch evropsk\u00fdch a\u00a0americk\u00fdch v\u00fdrobc\u016f, kte\u0159\u00ed by\u00a0r\u00e1di prom\u011bnili opera\u010dn\u00ed poznatky v\u00a0komer\u010dn\u011b vyu\u017eiteln\u00e1 \u0159e\u0161en\u00ed. N\u00e1r\u016fst signalizuje \u0161ir\u0161\u00ed prom\u011bnu v\u00a0tom, jak si\u00a0evropsk\u00e9 arm\u00e1dy p\u0159edstavuj\u00ed budouc\u00ed pozemn\u00ed v\u00e1l\u010den\u00ed, v\u00a0n\u011bm\u017e bezos\u00e1dkov\u00e9 platformy st\u00e1le v\u00edce dopl\u0148uj\u00ed tradi\u010dn\u00ed obrn\u011bn\u00e9 s\u00edly, aby zajistily po\u010detn\u00ed p\u0159evahu, sn\u00ed\u017eily riziko a\u00a0udr\u017eely v\u00a0n\u00e1ro\u010dn\u00fdch podm\u00ednk\u00e1ch opera\u010dn\u00ed tempo.<\/p>\n<p><a href=\"https:\/\/www.europesays.com\/cz\/wp-content\/uploads\/2026\/07\/gdels_ugv.jpg\" rel=\"fancybox\"><img decoding=\"async\" alt=\"Foto: Manned-Unmanned-Teaming (MUM-T): Integrovan\u00e1 s\u00ed\u0165 spojuj\u00edc\u00ed \u0159\u00eddic\u00ed jednotku EAGLE 6x6 od\u00a0spole\u010dnosti GDELS s\u00a0celou \u0159adou bezpilotn\u00edch pozemn\u00edch a\u00a0vzdu\u0161n\u00fdch dron\u016f od\u00a0spole\u010dnosti Alpha Robotics | GDELS\" src=\"https:\/\/www.europesays.com\/cz\/wp-content\/uploads\/2026\/07\/gdels_ugv.jpg\"\/><\/a>&#13;<br \/>\n&#13;<br \/>\nFoto: Manned-Unmanned-Teaming (MUM-T): Integrovan\u00e1 s\u00ed\u0165 spojuj\u00edc\u00ed \u0159\u00eddic\u00ed jednotku EAGLE 6&#215;6 od\u00a0spole\u010dnosti GDELS s\u00a0celou \u0159adou bezpilotn\u00edch pozemn\u00edch a\u00a0vzdu\u0161n\u00fdch dron\u016f od\u00a0spole\u010dnosti Alpha Robotics | GDELS&#13;<\/p>\n<p>Konflikt na\u00a0Ukrajin\u011b p\u016fsob\u00ed jako siln\u00fd katalyz\u00e1tor. Ukrajin\u0161t\u00ed oper\u00e1to\u0159i nasadili UGV pro logistiku pod palbou, pr\u016fzkum v\u00a0nep\u0159\u00edstupn\u00fdch oblastech a\u00a0dokonce i\u00a0pro p\u0159\u00edm\u00e9 st\u0159ety, \u010d\u00edm\u017e dok\u00e1zali, \u017ee pozemn\u00ed roboti dok\u00e1\u017eou udr\u017eet pozice a\u00a0dos\u00e1hnout \u00fa\u010dinku tam, kde voj\u00e1k\u016fm hroz\u00ed extr\u00e9mn\u00ed nebezpe\u010d\u00ed. Na\u00a0veletrhu Eurosatory upoutaly ukrajinsk\u00e9 platformy \u2013 z\u00a0nich\u017e mnoh\u00e9 pro\u0161ly ov\u011b\u0159en\u00edm v\u00a0boji a\u00a0byly zdokonaleny na\u00a0z\u00e1klad\u011b opakovan\u00e9 zp\u011btn\u00e9 vazby z\u00a0fronty \u2013 zna\u010dnou pozornost d\u00edky pragmatick\u00e9 konstruk\u010dn\u00ed filozofii: jsou cenov\u011b dostupn\u00e9, modul\u00e1rn\u00ed a\u00a0rychle modernizovateln\u00e9. V\u011bt\u0161\u00ed z\u00e1padn\u00ed firmy reagovaly vlastn\u00edmi nab\u00eddkami, kter\u00e9 p\u0159eklenuly propast mezi experiment\u00e1ln\u00edmi syst\u00e9my a\u00a0\u0159e\u0161en\u00edmi p\u0159ipraven\u00fdmi k\u00a0s\u00e9riov\u00e9 v\u00fdrob\u011b, vhodn\u00fdmi pro jednotky spl\u0148uj\u00edc\u00ed standardy NATO.<\/p>\n<p>Mezi pozoruhodn\u00e9 expon\u00e1ty pat\u0159il Bullfrog od\u00a0spole\u010dnosti General Dynamics European Land Systems, v\u0161estrann\u00e1 platforma ur\u010den\u00e1 pro \u0159adu podp\u016frn\u00fdch rol\u00ed, a\u00a0tak\u00e9 modely od\u00a0spole\u010dnosti AM\u00a0General, kter\u00e9 zd\u016fraznily zapojen\u00ed americk\u00e9ho pr\u016fmyslu na\u00a0evropsk\u00e9m trhu. Tyto syst\u00e9my kladou d\u016fraz na\u00a0v\u011bt\u0161\u00ed nosnost, vylep\u0161enou autonomii a\u00a0integraci se\u00a0st\u00e1vaj\u00edc\u00edmi velitelsk\u00fdmi s\u00edt\u011bmi. Tradi\u010dn\u00ed evrop\u0161t\u00ed hr\u00e1\u010di, v\u010detn\u011b n\u011bmeck\u00fdch, francouzsk\u00fdch nebo skandin\u00e1vsk\u00fdch, p\u0159edstavili platformy p\u0159izp\u016fsoben\u00e9 pro pr\u016fzkumn\u00e9, odminovac\u00ed a\u00a0z\u00e1sobovac\u00ed mise. Spole\u010dn\u00fdm jmenovatelem byla p\u0159izp\u016fsobivost: mnoho vozidel bylo vybaveno vym\u011bniteln\u00fdmi moduly pro senzory, zbran\u011b nebo n\u00e1klad, co\u017e umo\u017e\u0148uje rychlou rekonfiguraci v\u00a0z\u00e1vislosti na\u00a0charakteru hrozeb.<\/p>\n<p><a href=\"https:\/\/www.czdefence.cz\/clanek\/nemecko-aktivovalo-baterii-arrow-3-odstrasujici-signal-pro-moskvu-v-hodnote-4-miliard-eur\" rel=\"nofollow noopener\" target=\"_blank\"><img src=\"https:\/\/www.europesays.com\/cz\/wp-content\/uploads\/2026\/07\/3034--arrow3-iai.jpg\" alt=\"N\u011bmecko aktivovalo baterii Arrow 3: Odstra\u0161uj\u00edc\u00ed sign\u00e1l pro Moskvu v\u00a0hodnot\u011b 4\u00a0miliard eur\" loading=\"lazy\" decoding=\"async\" style=\"aspect-ratio:254\/173;\"\/><\/a><\/p>\n<p>Evropsk\u00e9 st\u00e1ty \u010del\u00ed obnoven\u00e9mu tlaku na\u00a0modernizaci pozemn\u00edch sil v\u00a0souvislosti s\u00a0rozv\u00edjej\u00edc\u00edmi se\u00a0rusk\u00fdmi schopnostmi a\u00a0pot\u0159ebou v\u011brohodn\u00e9ho konven\u010dn\u00edho odstra\u0161ov\u00e1n\u00ed. Bezos\u00e1dkov\u00e1 pozemn\u00ed vozidla \u0159e\u0161\u00ed n\u011bkolik p\u0159etrv\u00e1vaj\u00edc\u00edch v\u00fdzev: ochranu person\u00e1lu v\u00a0z\u00f3n\u00e1ch s\u00a0vysok\u00fdm rizikem, zaji\u0161t\u011bn\u00ed logistiky v\u00a0situac\u00edch, kdy jsou cesty pod neust\u00e1l\u00fdm dohledem, a\u00a0vytvo\u0159en\u00ed po\u010detn\u00ed p\u0159evahy bez \u00fam\u011brn\u00e9ho nav\u00fd\u0161en\u00ed po\u010dtu voj\u00e1k\u016f.<\/p>\n<p>N\u011bkolik zem\u00ed ji\u017e prom\u011b\u0148uje projekty p\u0159edstaven\u00e9 na\u00a0v\u00fdstav\u00e1ch v\u00a0konkr\u00e9tn\u00ed programy. Spojen\u00e9 kr\u00e1lovstv\u00ed nap\u0159\u00edklad ji\u017e zadalo zak\u00e1zky na\u00a0opera\u010dn\u00ed flotily UGV, zat\u00edmco dal\u0161\u00ed \u010dlenov\u00e9 NATO podobn\u00e9 akvizice zva\u017euj\u00ed. N\u011bmecko a\u00a0Francie prost\u0159ednictv\u00edm spole\u010dn\u00fdch iniciativ a\u00a0n\u00e1rodn\u00edch snah zkoumaj\u00ed, jak lze UGV integrovat s\u00a0hlavn\u00edmi bojov\u00fdmi tanky a\u00a0bojov\u00fdmi vozidly p\u011bchoty nov\u00e9 generace v\u00a0r\u00e1mci program\u016f, jako je\u00a0Main Ground Combat System. Men\u0161\u00ed st\u00e1ty pod\u00e9l v\u00fdchodn\u00edho k\u0159\u00eddla vid\u00ed v\u00a0UGV zvl\u00e1\u0161tn\u00ed p\u0159\u00ednos pro hrani\u010dn\u00ed dohled a\u00a0jednotky rychl\u00e9 reakce, kde mohou roz\u0161\u00ed\u0159it dosah senzor\u016f a\u00a0p\u016fsobit jako multiplik\u00e1tory s\u00edly pro omezen\u00e9 st\u00e1l\u00e9 arm\u00e1dy.<\/p>\n<p>Stejn\u011b d\u016fle\u017eit\u00e1 je\u00a0i dynamika pr\u016fmyslu. Aby zajistily odolnost dodavatelsk\u00e9ho \u0159et\u011bzce a\u00a0soulad s\u00a0v\u00fdvozn\u00edmi p\u0159edpisy, evropsk\u00e9 spole\u010dnosti obrann\u00e9ho pr\u016fmyslu masivn\u011b investuj\u00ed do\u00a0dom\u00e1c\u00edch v\u00fdrobn\u00edch linek. Spolupr\u00e1ce mezi zaveden\u00fdmi velk\u00fdmi dodavateli a\u00a0agiln\u00edmi start-upy urychlila inovace, p\u0159i\u010dem\u017e mnoho nov\u00fdch platforem vyu\u017e\u00edv\u00e1 komer\u010dn\u011b dostupn\u00e9 komponenty pro kontrolu n\u00e1klad\u016f a\u00a0rychlej\u0161\u00ed v\u00fdvoj. Um\u011bl\u00e1 inteligence hraje st\u00e1le v\u011bt\u0161\u00ed roli a\u00a0umo\u017e\u0148uje poloautonomn\u00ed navigaci, vyh\u00fdb\u00e1n\u00ed se\u00a0p\u0159ek\u00e1\u017ek\u00e1m a\u00a0z\u00e1kladn\u00ed rozpozn\u00e1v\u00e1n\u00ed c\u00edl\u016f, i\u00a0kdy\u017e \u00fapln\u00e1 nez\u00e1vislost v\u00a0n\u00e1ro\u010dn\u00e9m ter\u00e9nu je\u00a0st\u00e1le ve\u00a0f\u00e1zi v\u00fdvoje. V\u00fdrobci zd\u016fraznili zlep\u0161enou odolnost proti elektronick\u00e9mu boji, p\u0159i\u010dem\u017e z\u00e1sadn\u00edmi se\u00a0uk\u00e1zaly b\u00fdt redundantn\u00ed komunika\u010dn\u00ed spojen\u00ed a\u00a0z\u00e1lo\u017en\u00ed manu\u00e1ln\u00ed ovl\u00e1d\u00e1n\u00ed.<\/p>\n<p>Dopady na\u00a0logistiku a\u00a0doktr\u00ednu jsou z\u00e1sadn\u00ed. Tradi\u010dn\u00ed obrn\u011bn\u00e9 kolony vy\u017eaduj\u00ed zna\u010dn\u00e9 mno\u017estv\u00ed paliva, \u00fadr\u017eby a\u00a0prost\u0159edk\u016f na\u00a0ochranu. UGV, zejm\u00e9na leh\u010d\u00ed logistick\u00e9 varianty, mohou operovat s\u00a0ni\u017e\u0161\u00ed viditelnost\u00ed a\u00a0men\u0161\u00edmi n\u00e1roky na\u00a0zaji\u0161t\u011bn\u00ed, \u010d\u00edm\u017e uvol\u0148uj\u00ed jednotky pro ofenzivn\u00ed \u00fakoly. V\u00a0obrann\u00fdch sc\u00e9n\u00e1\u0159\u00edch mohou tvo\u0159it propojen\u00e9 s\u00edt\u011b senzor\u016f nebo mobiln\u00ed syst\u00e9my pro kladen\u00ed min, co\u017e zt\u011b\u017euje postup protivn\u00edka. Evropsk\u00e9 arm\u00e1dy st\u00e1le \u010dast\u011bji organizuj\u00ed experimenty zam\u011b\u0159en\u00e9 na\u00a0hybridn\u00ed formace \u2013 vozidla s\u00a0os\u00e1dkou zaji\u0161\u0165uj\u00ed palebnou s\u00edlu a\u00a0velitelsk\u00fd dohled, zat\u00edmco UGV se\u00a0staraj\u00ed o\u00a0nebezpe\u010dnou nebo rutinn\u00ed pr\u00e1ci. Tento p\u0159\u00edstup je\u00a0v souladu s\u00a0\u0161ir\u0161\u00edmi snahami NATO o\u00a0pos\u00edlen\u00ed interoperability a\u00a0sd\u00edlen\u00ed technologick\u00e9 z\u00e1t\u011b\u017ee v\u00a0r\u00e1mci Aliance.<\/p>\n<p>V\u00fdzvy samoz\u0159ejm\u011b p\u0159etrv\u00e1vaj\u00ed. Technick\u00e9 p\u0159ek\u00e1\u017eky spojen\u00e9 se\u00a0spolehlivou autonomi\u00ed v\u00a0bl\u00e1t\u011b, m\u011bstsk\u00fdch trosk\u00e1ch nebo hust\u00fdch les\u00edch i\u00a0nad\u00e1le vy\u017eaduj\u00ed investice do\u00a0senzor\u016f a\u00a0v\u00fdpo\u010detn\u00edho v\u00fdkonu. Regula\u010dn\u00ed a\u00a0etick\u00e9 ot\u00e1zky t\u00fdkaj\u00edc\u00ed se\u00a0ozbrojen\u00fdch UGV vy\u017eaduj\u00ed opatrn\u00fd p\u0159\u00edstup, p\u0159i\u010dem\u017e mnoho evropsk\u00fdch zem\u00ed up\u0159ednost\u0148uje pro smrt\u00edc\u00ed \u00fakoly d\u00e1lkov\u011b ovl\u00e1dan\u00e9 syst\u00e9my. Integrace do\u00a0st\u00e1vaj\u00edc\u00ed doktr\u00edny tak\u00e9 vy\u017eaduje v\u00fdznamnou reformu v\u00fdcviku. Velitel\u00e9 se\u00a0mus\u00ed nau\u010dit efektivn\u011b koordinovat sm\u00ed\u0161en\u00e9 t\u00fdmy lid\u00ed a\u00a0robot\u016f, zat\u00edmco voj\u00e1ci pot\u0159ebuj\u00ed jistotu, \u017ee roboti v\u00a0kritick\u00fdch momentech nesel\u017eou. Dal\u0161\u00ed slabou str\u00e1nkou je\u00a0kyberbezpe\u010dnost, proto\u017ee protivn\u00edci se\u00a0mohou zam\u011b\u0159it na\u00a0s\u00edt\u011b, kter\u00e9 tyto syst\u00e9my propojuj\u00ed.<\/p>\n<p>V\u00fdstava Eurosatory zd\u016fraznila transatlantick\u00fd rozm\u011br. Americk\u00e9 firmy, kter\u00e9 na\u00a0veletrhu p\u0159edstavovaly sv\u00e9 platformy, signalizuj\u00ed ochotu spolupracovat s\u00a0evropsk\u00fdmi z\u00e1kazn\u00edky, co\u017e by\u00a0mohlo v\u00e9st k\u00a0harmonizaci standard\u016f a\u00a0umo\u017enit spole\u010dn\u00e1 cvi\u010den\u00ed. Tato vz\u00e1jemn\u00e1 v\u00fdm\u011bna zku\u0161enost\u00ed posiluje kolektivn\u00ed obranu a\u00a0z\u00e1rove\u0148 podporuje zdravou pr\u016fmyslovou konkurenci, kter\u00e1 sni\u017euje n\u00e1klady a\u00a0podn\u011bcuje inovace. Men\u0161\u00edm evropsk\u00fdm obrann\u00fdm firm\u00e1m akce nab\u00eddla p\u0159\u00edle\u017eitosti k\u00a0vytvo\u0159en\u00ed konsorci\u00ed nebo k\u00a0zaji\u0161t\u011bn\u00ed specializovan\u00fdch rol\u00ed v\u00a0r\u00e1mci v\u011bt\u0161\u00edch program\u016f.<\/p>\n<p>Do budoucna bude integrace UGV do\u00a0evropsk\u00fdch pozemn\u00edch arm\u00e1d pravd\u011bpodobn\u011b prob\u00edhat postupn\u011b: nejprve v\u00a0mal\u00e9m m\u011b\u0159\u00edtku pro logistiku a\u00a0pr\u016fzkum, n\u00e1sledn\u011b v\u00a0ambici\u00f3zn\u011bj\u0161\u00edch bojov\u00fdch aplikac\u00edch, jakmile technologie dozraje a\u00a0vybuduje se\u00a0d\u016fv\u011bra. Kl\u00ed\u010dovou roli p\u0159i zdokonalov\u00e1n\u00ed taktiky, technik a\u00a0postup\u016f budou hr\u00e1t mnohon\u00e1rodn\u00ed cvi\u010den\u00ed. Rozpo\u010dtov\u00e1 realita m\u016f\u017ee tempo zpomalit, av\u0161ak strategick\u00e1 nutnost \u2013 poh\u00e1n\u011bn\u00e1 demografick\u00fdm tlakem na\u00a0n\u00e1bor a\u00a0povahou modern\u00edch konflikt\u016f \u2013 poskytuje trval\u00fd impuls.<\/p>\n<p>V\u00fdznamn\u00e1 role UGV na\u00a0veletrhu ilustrovala jak nal\u00e9havost vypl\u00fdvaj\u00edc\u00ed z\u00a0prob\u00edhaj\u00edc\u00edch konflikt\u016f, tak optimismus plynouc\u00ed z\u00a0technologick\u00e9ho pokroku. Evropsk\u00e9 arm\u00e1dy p\u0159ech\u00e1zej\u00ed od\u00a0\u00favah k\u00a0nasazen\u00ed t\u011bchto syst\u00e9m\u016f a\u00a0charakter pozemn\u00edho boje se\u00a0pravd\u011bpodobn\u011b zm\u011bn\u00ed. Voj\u00e1ci budou operovat po\u00a0boku robotick\u00fdch prot\u011bj\u0161k\u016f, \u010d\u00edm\u017e si\u00a0roz\u0161\u00ed\u0159\u00ed dosah, zv\u00fd\u0161\u00ed \u0161ance na\u00a0p\u0159e\u017eit\u00ed i\u00a0celkovou bojovou \u00fa\u010dinnost. Nadch\u00e1zej\u00edc\u00ed roky uk\u00e1\u017eou, jak efektivn\u011b pr\u016fmysl a\u00a0arm\u00e1dy p\u0159evedou v\u00fdstavn\u00ed prototypy do\u00a0spolehliv\u00fdch, integrovan\u00fdch schopnost\u00ed p\u0159ipraven\u00fdch na\u00a0n\u00e1roky operac\u00ed vysok\u00e9 intenzity.<\/p>\n<p>Zdroj: Breaking Defense, CEPA, Defense News, GDELS<\/p>\n","protected":false},"excerpt":{"rendered":"Haly veletrhu Eurosatory 2026 v\u00a0Pa\u0159\u00ed\u017ei v\u00a0\u010dervnu tohoto roku jednozna\u010dn\u011b dolo\u017eily zm\u011bny v\u00a0p\u0159\u00edstupu k\u00a0pozemn\u00edm dron\u016fm. Bezos\u00e1dkov\u00e1 pozemn\u00ed vozidla (UGV)&hellip;\n","protected":false},"author":2,"featured_media":134892,"comment_status":"","ping_status":"","sticky":false,"template":"","format":"standard","meta":{"footnotes":"","_share_on_mastodon":"0"},"categories":[3],"tags":[2566,109,108,33379,106,2585,8815,36258,23572,36256,36255,284,36259,36257,13785],"class_list":["post-134891","post","type-post","status-publish","format-standard","has-post-thumbnail","category-evropa","tag-2566","tag-europa","tag-europe","tag-eurosatory","tag-evropa","tag-na","tag-roboti","tag-ugv","tag-ukrajiny","tag-urychluje","tag-valecni","tag-z","tag-zaklade","tag-zavadeni","tag-zkusenosti"],"share_on_mastodon":{"url":"https:\/\/pubeurope.com\/@cz\/116843600093338927","error":""},"_links":{"self":[{"href":"https:\/\/www.europesays.com\/cz\/wp-json\/wp\/v2\/posts\/134891","targetHints":{"allow":["GET"]}}],"collection":[{"href":"https:\/\/www.europesays.com\/cz\/wp-json\/wp\/v2\/posts"}],"about":[{"href":"https:\/\/www.europesays.com\/cz\/wp-json\/wp\/v2\/types\/post"}],"author":[{"embeddable":true,"href":"https:\/\/www.europesays.com\/cz\/wp-json\/wp\/v2\/users\/2"}],"replies":[{"embeddable":true,"href":"https:\/\/www.europesays.com\/cz\/wp-json\/wp\/v2\/comments?post=134891"}],"version-history":[{"count":0,"href":"https:\/\/www.europesays.com\/cz\/wp-json\/wp\/v2\/posts\/134891\/revisions"}],"wp:featuredmedia":[{"embeddable":true,"href":"https:\/\/www.europesays.com\/cz\/wp-json\/wp\/v2\/media\/134892"}],"wp:attachment":[{"href":"https:\/\/www.europesays.com\/cz\/wp-json\/wp\/v2\/media?parent=134891"}],"wp:term":[{"taxonomy":"category","embeddable":true,"href":"https:\/\/www.europesays.com\/cz\/wp-json\/wp\/v2\/categories?post=134891"},{"taxonomy":"post_tag","embeddable":true,"href":"https:\/\/www.europesays.com\/cz\/wp-json\/wp\/v2\/tags?post=134891"}],"curies":[{"name":"wp","href":"https:\/\/api.w.org\/{rel}","templated":true}]}}